{"id":87237,"date":"2025-05-23T16:07:17","date_gmt":"2025-05-23T19:07:17","guid":{"rendered":"https:\/\/noticiasbahia360.com.br\/?p=87237"},"modified":"2025-05-23T16:07:17","modified_gmt":"2025-05-23T19:07:17","slug":"embasa-atua-na-recuperacao-da-rede-de-esgotamento-sanitario-na-via-marginal-ao-anel-de-contorno","status":"publish","type":"post","link":"https:\/\/noticiasbahia360.com.br\/?p=87237","title":{"rendered":"Embasa atua na recupera\u00e7\u00e3o da rede de esgotamento sanit\u00e1rio na via marginal ao Anel de Contorno"},"content":{"rendered":"<div>\n<div>\n<figure><img decoding=\"async\" src=\"http:\/\/noticiasbahia360.com.br\/wp-content\/uploads\/2025\/05\/ogj0ZM9T-Embasa-.webp\" alt=\"Embasa - recupera\u00e7\u00e3o de esgotamento\"><figcaption>Foto: Divulga\u00e7\u00e3o\/Embasa <\/figcaption><\/figure>\n<\/div>\n<p>A <a href=\"https:\/\/www.acordacidade.com.br\/tag\/embasa\/\">Embasa<\/a> iniciou, na \u00faltima quinta-feira (22), os trabalhos emergenciais para recupera\u00e7\u00e3o da rede de esgotamento sanit\u00e1rio, no trecho da via marginal ao <a href=\"https:\/\/www.acordacidade.com.br\/tag\/anel-de-contorno\/\">Anel de Contorno<\/a>, entre os bairros Gabriela e Sobradinho, em Feira de Santana. A infiltra\u00e7\u00e3o da \u00e1gua das chuvas no solo comprometeu simultaneamente a estrutura das redes de esgotamento sanit\u00e1rio, operada pela Embasa, e drenagem pluvial, sob responsabilidade da Prefeitura.<\/p>\n<p>\u201cA Embasa est\u00e1 atuando com celeridade para regularizar o funcionamento da rede, uma estrutura importante do sistema de esgotamento sanit\u00e1rio que transporta o efluente para tratamento. Nossa prioridade \u00e9 restaurar a rede e assegurar juntamente com a Prefeitura a retomada da normalidade do fluxo da via\u201d, afirma Raimundo Neto, gerente regional da Embasa.<\/p>\n<p>Equipes t\u00e9cnicas da Embasa e Prefeitura trabalham para corrigir os danos causados nas redes e garantir a seguran\u00e7a da via. As interven\u00e7\u00f5es, com a via sinalizada para o desvio do fluxo, j\u00e1 est\u00e3o em andamento e a expectativa \u00e9 de que sejam conclu\u00eddas at\u00e9 o in\u00edcio da pr\u00f3xima semana.<\/p>\n<p><em>Siga o Acorda Cidade no<\/em><a href=\"https:\/\/news.google.com\/search?q=acorda%20cidade&amp;hl=pt-BR&amp;gl=BR&amp;ceid=BR%3Apt-419\"><strong><em>\u00a0Google Not\u00edcias<\/em><\/strong><\/a><em>\u00a0e receba os principais destaques do dia. Participe tamb\u00e9m dos nossos canais no\u00a0<\/em><a href=\"https:\/\/www.whatsapp.com\/channel\/0029Va6Rb4v3WHTNnsh8WI3N\"><strong><em>WhatsApp<\/em><\/strong><\/a><em>\u00a0e\u00a0<\/em><a href=\"https:\/\/www.youtube.com\/@acordacidadenoticias\/videos\"><strong>Youtube<\/strong><\/a><em>\u00a0e grupo de\u00a0<\/em><a href=\"https:\/\/t.me\/+sSz0khrgARA0ZmRh\"><strong><em>Telegram<\/em><\/strong><\/a><em>.<\/em><\/p>\n<\/div>\n","protected":false},"excerpt":{"rendered":"<div>\n<div>\n<figure><img decoding=\"async\" src=\"https:\/\/uploads.acordacidade.com.br\/2025\/05\/ogj0ZM9T-Embasa-.webp\" alt=\"Embasa - recupera\u00e7\u00e3o de esgotamento\"><figcaption>Foto: Divulga\u00e7\u00e3o\/Embasa <\/figcaption><\/figure>\n<\/div>\n<p>Equipes t\u00e9cnicas da Embasa e Prefeitura trabalham para corrigir os danos causados nas redes e garantir a seguran\u00e7a da via.<\/p><\/div>\n","protected":false},"author":1,"featured_media":87238,"comment_status":"closed","ping_status":"closed","sticky":false,"template":"","format":"gallery","meta":{"footnotes":""},"categories":[8,9,6,57,56,10],"tags":[],"class_list":["post-87237","post","type-post","status-publish","format-gallery","has-post-thumbnail","hentry","category-bahia","category-brasil","category-feira-de-santana","category-mundo","category-policia","category-politica","post_format-post-format-gallery"],"featured_image_urls":{"full":["https:\/\/noticiasbahia360.com.br\/wp-content\/uploads\/2025\/05\/ogj0ZM9T-Embasa-.webp",1200,807,false],"thumbnail":["https:\/\/noticiasbahia360.com.br\/wp-content\/uploads\/2025\/05\/ogj0ZM9T-Embasa--150x150.webp",150,150,true],"medium":["https:\/\/noticiasbahia360.com.br\/wp-content\/uploads\/2025\/05\/ogj0ZM9T-Embasa--300x202.webp",300,202,true],"medium_large":["https:\/\/noticiasbahia360.com.br\/wp-content\/uploads\/2025\/05\/ogj0ZM9T-Embasa--768x516.webp",640,430,true],"large":["https:\/\/noticiasbahia360.com.br\/wp-content\/uploads\/2025\/05\/ogj0ZM9T-Embasa--1024x689.webp",640,431,true],"1536x1536":["https:\/\/noticiasbahia360.com.br\/wp-content\/uploads\/2025\/05\/ogj0ZM9T-Embasa-.webp",1200,807,false],"2048x2048":["https:\/\/noticiasbahia360.com.br\/wp-content\/uploads\/2025\/05\/ogj0ZM9T-Embasa-.webp",1200,807,false],"chromenews-featured":["https:\/\/noticiasbahia360.com.br\/wp-content\/uploads\/2025\/05\/ogj0ZM9T-Embasa--1024x689.webp",1024,689,true],"chromenews-large":["https:\/\/noticiasbahia360.com.br\/wp-content\/uploads\/2025\/05\/ogj0ZM9T-Embasa--825x575.webp",825,575,true],"chromenews-medium":["https:\/\/noticiasbahia360.com.br\/wp-content\/uploads\/2025\/05\/ogj0ZM9T-Embasa--590x410.webp",590,410,true]},"author_info":{"display_name":"noticiasbahia360.com.br","author_link":"https:\/\/noticiasbahia360.com.br\/?author=1"},"category_info":"<a href=\"https:\/\/noticiasbahia360.com.br\/?cat=8\" rel=\"category\">Bahia<\/a> <a href=\"https:\/\/noticiasbahia360.com.br\/?cat=9\" rel=\"category\">Brasil<\/a> <a href=\"https:\/\/noticiasbahia360.com.br\/?cat=6\" rel=\"category\">Feira de Santana<\/a> <a href=\"https:\/\/noticiasbahia360.com.br\/?cat=57\" rel=\"category\">Mundo<\/a> <a href=\"https:\/\/noticiasbahia360.com.br\/?cat=56\" rel=\"category\">Pol\u00edcia<\/a> <a href=\"https:\/\/noticiasbahia360.com.br\/?cat=10\" rel=\"category\">Pol\u00edtica<\/a>","tag_info":"Pol\u00edtica","comment_count":"0","_links":{"self":[{"href":"https:\/\/noticiasbahia360.com.br\/index.php?rest_route=\/wp\/v2\/posts\/87237","targetHints":{"allow":["GET"]}}],"collection":[{"href":"https:\/\/noticiasbahia360.com.br\/index.php?rest_route=\/wp\/v2\/posts"}],"about":[{"href":"https:\/\/noticiasbahia360.com.br\/index.php?rest_route=\/wp\/v2\/types\/post"}],"author":[{"embeddable":true,"href":"https:\/\/noticiasbahia360.com.br\/index.php?rest_route=\/wp\/v2\/users\/1"}],"replies":[{"embeddable":true,"href":"https:\/\/noticiasbahia360.com.br\/index.php?rest_route=%2Fwp%2Fv2%2Fcomments&post=87237"}],"version-history":[{"count":0,"href":"https:\/\/noticiasbahia360.com.br\/index.php?rest_route=\/wp\/v2\/posts\/87237\/revisions"}],"wp:featuredmedia":[{"embeddable":true,"href":"https:\/\/noticiasbahia360.com.br\/index.php?rest_route=\/wp\/v2\/media\/87238"}],"wp:attachment":[{"href":"https:\/\/noticiasbahia360.com.br\/index.php?rest_route=%2Fwp%2Fv2%2Fmedia&parent=87237"}],"wp:term":[{"taxonomy":"category","embeddable":true,"href":"https:\/\/noticiasbahia360.com.br\/index.php?rest_route=%2Fwp%2Fv2%2Fcategories&post=87237"},{"taxonomy":"post_tag","embeddable":true,"href":"https:\/\/noticiasbahia360.com.br\/index.php?rest_route=%2Fwp%2Fv2%2Ftags&post=87237"}],"curies":[{"name":"wp","href":"https:\/\/api.w.org\/{rel}","templated":true}]}}