{"id":87239,"date":"2025-05-23T16:24:35","date_gmt":"2025-05-23T19:24:35","guid":{"rendered":"https:\/\/noticiasbahia360.com.br\/?p=87239"},"modified":"2025-05-23T16:24:35","modified_gmt":"2025-05-23T19:24:35","slug":"exposicao-especial-celebra-dois-seculos-de-historia-da-policia-militar-da-bahia","status":"publish","type":"post","link":"https:\/\/noticiasbahia360.com.br\/?p=87239","title":{"rendered":"Exposi\u00e7\u00e3o especial celebra dois s\u00e9culos de hist\u00f3ria da Pol\u00edcia Militar da Bahia"},"content":{"rendered":"<div>\n<div>\n<figure><img decoding=\"async\" src=\"http:\/\/noticiasbahia360.com.br\/wp-content\/uploads\/2025\/05\/exposicao-200anos_pm_foto_edsantos_acordacidade.jpg\" alt=\"Exposi\u00e7\u00e3o da PMBA\"><figcaption>Foto: Ed Santos<\/figcaption><\/figure>\n<\/div>\n<p>Entre os dias 23 e 25 de maio\/2025 acontece uma exposi\u00e7\u00e3o no Boulevard Shopping que homenageia os 200 anos da Pol\u00edcia Militar da Bahia. A a\u00e7\u00e3o acontece das 09h \u00e0s 22h. No local est\u00e3o sendo expostos exemplares de todos os uniformes que a institui\u00e7\u00e3o j\u00e1 teve desde o ano de funda\u00e7\u00e3o, al\u00e9m de outros objetos que marcaram os dois s\u00e9culos de servi\u00e7o p\u00fablico para a sociedade.<\/p>\n<p>A equipe de reportagem do Acorda Cidade esteve no primeiro dia de evento e conversou com a Capit\u00e3 Nina Marques, comandante da Ronda Escolar, sobre a a\u00e7\u00e3o. \u201cA Pol\u00edcia Militar foi criada atrav\u00e9s de decreto em 17 de fevereiro de 1825, e nesse ano emblem\u00e1tico do bicenten\u00e1rio, durante a solenidade de entrega de medalhas que foi realizada no dia 8 de fevereiro de 2025, houve essa mesma exposi\u00e7\u00e3o dos uniformes hist\u00f3ricos, desde o primeiro uniforme. E por iniciativa do Comando Geral da Pol\u00edcia Militar da Bahia, juntamente com o Tenente Coronel Muller, respondendo pelo comando do CPRL, foi pensado em trazer essa exposi\u00e7\u00e3o para a Feira de Santana, que \u00e9 a segunda maior cidade da Bahia, para que o cidad\u00e3o, a cidad\u00e3 feirense, possam conhecer um pouco sobre a hist\u00f3ria dessa pol\u00edcia de bravos, que comemora a\u00ed 200 anos.\u201d<\/p>\n<figure class=\"wp-block-image size-large\"><img fetchpriority=\"high\" data-dominant-color=\"999082\" data-has-transparency=\"false\" style=\"--dominant-color: #999082;\" fetchpriority=\"high\" decoding=\"async\" width=\"1024\" height=\"768\" sizes=\"(max-width: 1024px) 100vw, 1024px\" src=\"http:\/\/noticiasbahia360.com.br\/wp-content\/uploads\/2025\/05\/x6FAr1mT-capita_ninamarques_exposicao_foto_edsantos_acordacidade-1024x768-1.webp\" alt=\"Capit\u00e3 Nina Marques na Exposi\u00e7\u00e3o da PMBA\" class=\"wp-image-557141 not-transparent\" srcset=\"https:\/\/uploads.acordacidade.com.br\/2025\/05\/x6FAr1mT-capita_ninamarques_exposicao_foto_edsantos_acordacidade-300x225.webp 300w, http:\/\/noticiasbahia360.com.br\/wp-content\/uploads\/2025\/05\/x6FAr1mT-capita_ninamarques_exposicao_foto_edsantos_acordacidade-1024x768-1.webp 1024w, https:\/\/uploads.acordacidade.com.br\/2025\/05\/x6FAr1mT-capita_ninamarques_exposicao_foto_edsantos_acordacidade-768x576.webp 768w, https:\/\/uploads.acordacidade.com.br\/2025\/05\/x6FAr1mT-capita_ninamarques_exposicao_foto_edsantos_acordacidade-150x113.webp 150w, https:\/\/uploads.acordacidade.com.br\/2025\/05\/x6FAr1mT-capita_ninamarques_exposicao_foto_edsantos_acordacidade.webp 1200w\"><figcaption class=\"wp-element-caption\">Foto: Ed Santos<\/figcaption><\/figure>\n<p>Em 1825 a coorpora\u00e7\u00e3o vestia o uniforme imperial, alguns anos depois foi a vez do segundo uniforme que foi o primeiro a constar a nomenclatura\u00a0 da Pol\u00edcia Militar da Bahia. A capit\u00e3 Nina destacou que entre esses, outros uniformes emblem\u00e1ticos est\u00e3o na exposi\u00e7\u00e3o. \u201cO uniforme usado no per\u00edodo do combate ao canga\u00e7o, de 1920 a 1959, e temos o azul\u00e3o, o azul petr\u00f3leo, que eram uniformes carinhosamente apelidados assim, muito utilizados nas d\u00e9cadas de 70 a 98, e os uniformes mais recentes tamb\u00e9m.<\/p>\n<figure class=\"wp-block-image size-large\"><img data-dominant-color=\"897d6a\" data-has-transparency=\"false\" style=\"--dominant-color: #897d6a;\" decoding=\"async\" width=\"1024\" height=\"768\" sizes=\"(max-width: 1024px) 100vw, 1024px\" src=\"http:\/\/noticiasbahia360.com.br\/wp-content\/uploads\/2025\/05\/6AMqQZlY-uniforme_exposicao-200anos_pm_foto_edsantos_acordacidade-1024x768-1.webp\" alt=\"Uniformes Exposi\u00e7\u00e3o da PMBA\" class=\"wp-image-557144 not-transparent\" srcset=\"https:\/\/uploads.acordacidade.com.br\/2025\/05\/6AMqQZlY-uniforme_exposicao-200anos_pm_foto_edsantos_acordacidade-300x225.webp 300w, http:\/\/noticiasbahia360.com.br\/wp-content\/uploads\/2025\/05\/6AMqQZlY-uniforme_exposicao-200anos_pm_foto_edsantos_acordacidade-1024x768-1.webp 1024w, https:\/\/uploads.acordacidade.com.br\/2025\/05\/6AMqQZlY-uniforme_exposicao-200anos_pm_foto_edsantos_acordacidade-768x576.webp 768w, https:\/\/uploads.acordacidade.com.br\/2025\/05\/6AMqQZlY-uniforme_exposicao-200anos_pm_foto_edsantos_acordacidade-150x113.webp 150w, https:\/\/uploads.acordacidade.com.br\/2025\/05\/6AMqQZlY-uniforme_exposicao-200anos_pm_foto_edsantos_acordacidade.webp 1200w\"><figcaption class=\"wp-element-caption\">Foto: Ed Santos<\/figcaption><\/figure>\n<p>A exposi\u00e7\u00e3o tamb\u00e9m contempla fichas que contam a hist\u00f3ria da <a href=\"https:\/\/www.acordacidade.com.br\/tag\/pmba\/\">PMBA<\/a>. Al\u00e9m dos uniformes marcantes, outros\u00a0 objetos fizeram parte da hist\u00f3ria secular, explica a capit\u00e3 Nina, \u201co fusca, que \u00e9 hist\u00f3rico, usado na d\u00e9cada de 70 e 80. E tamb\u00e9m no s\u00e1bado e domingo, teremos a banda de m\u00fasica do primeiro Beik, que far\u00e1 apresenta\u00e7\u00f5es com m\u00fasicas populares, can\u00e7\u00f5es conhecidas por todos, na pra\u00e7a de alimenta\u00e7\u00e3o \u00e0s 17 horas, tanto no dia 24 quanto no dia 25 de maio.\u201d informou a capit\u00e3.<\/p>\n<p>O fusca mencionado pela capit\u00e3 trata-se do ve\u00edculo original que realmente foi usado entre 1970 e 1980. \u201cN\u00e3o \u00e9 uma r\u00e9plica nem nada, foi plotado com a nova diretriz do Manual de Identifica\u00e7\u00e3o Visual da Pol\u00edcia, ent\u00e3o ele est\u00e1 com a plotagem nova. Antes ele era azul e branco, mas aqui ele \u00e9 todo original, est\u00e1 aqui para quem quiser vir conhecer um pouco dessa hist\u00f3ria que \u00e9 nossa hist\u00f3ria, faz parte da hist\u00f3ria da Bahia.\u201d explicou ao Acorda Cidade.<\/p>\n<figure class=\"wp-block-image size-large\"><img data-dominant-color=\"867c71\" data-has-transparency=\"false\" style=\"--dominant-color: #867c71;\" decoding=\"async\" width=\"1024\" height=\"768\" sizes=\"(max-width: 1024px) 100vw, 1024px\" src=\"http:\/\/noticiasbahia360.com.br\/wp-content\/uploads\/2025\/05\/ZUBRrj4c-fusca_exposicao_200anospm_foto_edsantos_acordacidade-1024x768-1.webp\" alt=\"Fusca Exposi\u00e7\u00e3o da PMBA\" class=\"wp-image-557142 not-transparent\" srcset=\"https:\/\/uploads.acordacidade.com.br\/2025\/05\/ZUBRrj4c-fusca_exposicao_200anospm_foto_edsantos_acordacidade-300x225.webp 300w, http:\/\/noticiasbahia360.com.br\/wp-content\/uploads\/2025\/05\/ZUBRrj4c-fusca_exposicao_200anospm_foto_edsantos_acordacidade-1024x768-1.webp 1024w, https:\/\/uploads.acordacidade.com.br\/2025\/05\/ZUBRrj4c-fusca_exposicao_200anospm_foto_edsantos_acordacidade-768x576.webp 768w, https:\/\/uploads.acordacidade.com.br\/2025\/05\/ZUBRrj4c-fusca_exposicao_200anospm_foto_edsantos_acordacidade-150x113.webp 150w, https:\/\/uploads.acordacidade.com.br\/2025\/05\/ZUBRrj4c-fusca_exposicao_200anospm_foto_edsantos_acordacidade.webp 1200w\"><figcaption class=\"wp-element-caption\">Foto: Ed Santos<\/figcaption><\/figure>\n<p>No primeiro dia de exposi\u00e7\u00e3o quem passou pelo Boulevard Shopping j\u00e1 pode admirar o conte\u00fado da mostra. Matheus Silva Alves que estava na exposi\u00e7\u00e3o falou com nossa equipe que achou curioso as mudan\u00e7as de cores do padr\u00e3o. \u201cMe chamou a aten\u00e7\u00e3o a cultura da PM Bahia, desde 1800. A\u00ed a gente ver o padr\u00e3o que era azul e hoje \u00e9 um padr\u00e3o marrom. Gostei da iniciativa, porque o pessoal tem que entender que a pol\u00edcia \u00e9 pelo bem do cidad\u00e3o.\u201d <\/p>\n<figure class=\"wp-block-image size-large\"><img data-dominant-color=\"a09a8f\" data-has-transparency=\"false\" style=\"--dominant-color: #a09a8f;\" decoding=\"async\" width=\"1024\" height=\"768\" sizes=\"(max-width: 1024px) 100vw, 1024px\" src=\"http:\/\/noticiasbahia360.com.br\/wp-content\/uploads\/2025\/05\/nrY08EgP-matheus_silva_alves_exposicao200-anos_PM-_foto_ed_santos_acordacidade-1024x768-1.webp\" alt=\"Matheus Silva Alves Exposi\u00e7\u00e3o PMBA\" class=\"wp-image-557139 not-transparent\" srcset=\"https:\/\/uploads.acordacidade.com.br\/2025\/05\/nrY08EgP-matheus_silva_alves_exposicao200-anos_PM-_foto_ed_santos_acordacidade-300x225.webp 300w, http:\/\/noticiasbahia360.com.br\/wp-content\/uploads\/2025\/05\/nrY08EgP-matheus_silva_alves_exposicao200-anos_PM-_foto_ed_santos_acordacidade-1024x768-1.webp 1024w, https:\/\/uploads.acordacidade.com.br\/2025\/05\/nrY08EgP-matheus_silva_alves_exposicao200-anos_PM-_foto_ed_santos_acordacidade-768x576.webp 768w, https:\/\/uploads.acordacidade.com.br\/2025\/05\/nrY08EgP-matheus_silva_alves_exposicao200-anos_PM-_foto_ed_santos_acordacidade-150x113.webp 150w, https:\/\/uploads.acordacidade.com.br\/2025\/05\/nrY08EgP-matheus_silva_alves_exposicao200-anos_PM-_foto_ed_santos_acordacidade.webp 1200w\"><figcaption class=\"wp-element-caption\">Foto: Ed Santos<\/figcaption><\/figure>\n<p>Matheus buscou conhecer a hist\u00f3ria justamente porque est\u00e1 se preparando para tornar-se policial militar. \u201cEu tenho fam\u00edlia com hist\u00f3rico militar, meu pai, meu irm\u00e3o \u00e9 policial, eu cresci com isso. Sempre foi um espelho.\u201d<\/p>\n<p>A entrada para a exposi\u00e7\u00e3o \u00e9 gratuita e no local policiais militares estar\u00e3o marcando presen\u00e7a.<\/p>\n<p><em>Com informa\u00e7\u00f5es do rep\u00f3rter Ed Santos<\/em><\/p>\n<p><em>Siga o Acorda Cidade no<\/em><a href=\"https:\/\/news.google.com\/search?q=acorda%20cidade&amp;hl=pt-BR&amp;gl=BR&amp;ceid=BR%3Apt-419\"><strong><em> Google Not\u00edcias<\/em><\/strong><\/a><em> e receba os principais destaques do dia. Participe tamb\u00e9m dos nossos canais no <\/em><a href=\"https:\/\/whatsapp.com\/channel\/0029Va6Rb4v3WHTNnsh8WI3N\"><strong><em>WhatsApp<\/em><\/strong><\/a><em> e <\/em><a href=\"https:\/\/www.youtube.com\/@acordacidadenoticias\/videos\"><strong>Youtube<\/strong><\/a><em> e grupo de <\/em><a href=\"https:\/\/t.me\/+sSz0khrgARA0ZmRh\"><strong><em>Telegram<\/em><\/strong><\/a><em>.<\/em><\/p>\n<\/div>\n","protected":false},"excerpt":{"rendered":"<div>\n<div>\n<figure><img decoding=\"async\" src=\"https:\/\/uploads.acordacidade.com.br\/2025\/05\/exposicao-200anos_pm_foto_edsantos_acordacidade.jpg\" alt=\"Exposi\u00e7\u00e3o da PMBA\"><figcaption>Foto: Ed Santos<\/figcaption><\/figure>\n<\/div>\n<p>Pol\u00edcia Militar da Bahia comemora 200 anos de hist\u00f3ria e servi\u00e7os prestados \u00e0 sociedade<\/p><\/div>\n","protected":false},"author":1,"featured_media":87240,"comment_status":"closed","ping_status":"closed","sticky":false,"template":"","format":"gallery","meta":{"footnotes":""},"categories":[8,9,6,57,56,10],"tags":[],"class_list":["post-87239","post","type-post","status-publish","format-gallery","has-post-thumbnail","hentry","category-bahia","category-brasil","category-feira-de-santana","category-mundo","category-policia","category-politica","post_format-post-format-gallery"],"featured_image_urls":{"full":["https:\/\/noticiasbahia360.com.br\/wp-content\/uploads\/2025\/05\/exposicao-200anos_pm_foto_edsantos_acordacidade.jpg",1200,900,false],"thumbnail":["https:\/\/noticiasbahia360.com.br\/wp-content\/uploads\/2025\/05\/exposicao-200anos_pm_foto_edsantos_acordacidade-150x150.jpg",150,150,true],"medium":["https:\/\/noticiasbahia360.com.br\/wp-content\/uploads\/2025\/05\/exposicao-200anos_pm_foto_edsantos_acordacidade-300x225.jpg",300,225,true],"medium_large":["https:\/\/noticiasbahia360.com.br\/wp-content\/uploads\/2025\/05\/exposicao-200anos_pm_foto_edsantos_acordacidade-768x576.jpg",640,480,true],"large":["https:\/\/noticiasbahia360.com.br\/wp-content\/uploads\/2025\/05\/exposicao-200anos_pm_foto_edsantos_acordacidade-1024x768.jpg",640,480,true],"1536x1536":["https:\/\/noticiasbahia360.com.br\/wp-content\/uploads\/2025\/05\/exposicao-200anos_pm_foto_edsantos_acordacidade.jpg",1200,900,false],"2048x2048":["https:\/\/noticiasbahia360.com.br\/wp-content\/uploads\/2025\/05\/exposicao-200anos_pm_foto_edsantos_acordacidade.jpg",1200,900,false],"chromenews-featured":["https:\/\/noticiasbahia360.com.br\/wp-content\/uploads\/2025\/05\/exposicao-200anos_pm_foto_edsantos_acordacidade-1024x768.jpg",1024,768,true],"chromenews-large":["https:\/\/noticiasbahia360.com.br\/wp-content\/uploads\/2025\/05\/exposicao-200anos_pm_foto_edsantos_acordacidade-825x575.jpg",825,575,true],"chromenews-medium":["https:\/\/noticiasbahia360.com.br\/wp-content\/uploads\/2025\/05\/exposicao-200anos_pm_foto_edsantos_acordacidade-590x410.jpg",590,410,true]},"author_info":{"display_name":"noticiasbahia360.com.br","author_link":"https:\/\/noticiasbahia360.com.br\/?author=1"},"category_info":"<a href=\"https:\/\/noticiasbahia360.com.br\/?cat=8\" rel=\"category\">Bahia<\/a> <a href=\"https:\/\/noticiasbahia360.com.br\/?cat=9\" rel=\"category\">Brasil<\/a> <a href=\"https:\/\/noticiasbahia360.com.br\/?cat=6\" rel=\"category\">Feira de Santana<\/a> <a href=\"https:\/\/noticiasbahia360.com.br\/?cat=57\" rel=\"category\">Mundo<\/a> <a href=\"https:\/\/noticiasbahia360.com.br\/?cat=56\" rel=\"category\">Pol\u00edcia<\/a> <a href=\"https:\/\/noticiasbahia360.com.br\/?cat=10\" rel=\"category\">Pol\u00edtica<\/a>","tag_info":"Pol\u00edtica","comment_count":"0","_links":{"self":[{"href":"https:\/\/noticiasbahia360.com.br\/index.php?rest_route=\/wp\/v2\/posts\/87239","targetHints":{"allow":["GET"]}}],"collection":[{"href":"https:\/\/noticiasbahia360.com.br\/index.php?rest_route=\/wp\/v2\/posts"}],"about":[{"href":"https:\/\/noticiasbahia360.com.br\/index.php?rest_route=\/wp\/v2\/types\/post"}],"author":[{"embeddable":true,"href":"https:\/\/noticiasbahia360.com.br\/index.php?rest_route=\/wp\/v2\/users\/1"}],"replies":[{"embeddable":true,"href":"https:\/\/noticiasbahia360.com.br\/index.php?rest_route=%2Fwp%2Fv2%2Fcomments&post=87239"}],"version-history":[{"count":0,"href":"https:\/\/noticiasbahia360.com.br\/index.php?rest_route=\/wp\/v2\/posts\/87239\/revisions"}],"wp:featuredmedia":[{"embeddable":true,"href":"https:\/\/noticiasbahia360.com.br\/index.php?rest_route=\/wp\/v2\/media\/87240"}],"wp:attachment":[{"href":"https:\/\/noticiasbahia360.com.br\/index.php?rest_route=%2Fwp%2Fv2%2Fmedia&parent=87239"}],"wp:term":[{"taxonomy":"category","embeddable":true,"href":"https:\/\/noticiasbahia360.com.br\/index.php?rest_route=%2Fwp%2Fv2%2Fcategories&post=87239"},{"taxonomy":"post_tag","embeddable":true,"href":"https:\/\/noticiasbahia360.com.br\/index.php?rest_route=%2Fwp%2Fv2%2Ftags&post=87239"}],"curies":[{"name":"wp","href":"https:\/\/api.w.org\/{rel}","templated":true}]}}