{"id":87245,"date":"2025-05-23T16:31:40","date_gmt":"2025-05-23T19:31:40","guid":{"rendered":"https:\/\/noticiasbahia360.com.br\/?p=87245"},"modified":"2025-05-23T16:31:40","modified_gmt":"2025-05-23T19:31:40","slug":"secretario-de-justica-celebra-anistia-politica-concedida-a-dilma-rousseff","status":"publish","type":"post","link":"https:\/\/noticiasbahia360.com.br\/?p=87245","title":{"rendered":"Secret\u00e1rio de Justi\u00e7a celebra anistia pol\u00edtica concedida a Dilma Rousseff"},"content":{"rendered":"<div>\n<div>\n<figure><img decoding=\"async\" src=\"http:\/\/noticiasbahia360.com.br\/wp-content\/uploads\/2025\/05\/dilma-rousseff-foto-wilson-dias-ag-brasil.jpg\" alt=\"dilma rousseff\"><figcaption>Foto:  Wilson Dias\/Ag\u00eancia Brasil<\/figcaption><\/figure>\n<\/div>\n<p>O secret\u00e1rio de Justi\u00e7a e Direitos Humanos, Felipe Freitas, considerou \u201cmuito importante\u201d a decis\u00e3o da Comiss\u00e3o de Anistia do Minist\u00e9rio dos Direitos Humanos e da Cidadania (MDHC), de conceder anistia <a href=\"https:\/\/www.acordacidade.com.br\/politica\/\">pol\u00edtica <\/a>\u00e0 ex-presidente Dilma Rousseff, em raz\u00e3o das viola\u00e7\u00f5es sofridas durante a ditadura militar. Anunciada nesta quinta-feira (22), a decis\u00e3o dos conselheiros incluiu indeniza\u00e7\u00e3o de R$100 mil.<\/p>\n<p>A postagem feita ontem (22) nas redes sociais do secret\u00e1rio, destacou que a decis\u00e3o dos conselheiros inclui o que chamou de \u201cjusto pagamento de uma indeniza\u00e7\u00e3o\u201d de R$100 mil a Dilma. \u201cMais que um ato de repara\u00e7\u00e3o, a decis\u00e3o visa corrigir uma s\u00e9rie de graves viola\u00e7\u00f5es de direitos praticadas contra essa grande cidad\u00e3 do nosso pa\u00eds\u201d, declarou o titular da Justi\u00e7a e Direitos Humanos da Bahia.<\/p>\n<p>\u201cA constru\u00e7\u00e3o de uma pol\u00edtica de justi\u00e7a, mem\u00f3ria e verdade \u00e9 um passo fundamental para a consolida\u00e7\u00e3o de uma efetiva democracia. Que consigamos, como estado brasileiro, dar outros passos nesta mesma dire\u00e7\u00e3o\u201d, desejou Freitas.<\/p>\n<p><em>Siga o Acorda Cidade no<\/em><a href=\"https:\/\/news.google.com\/search?q=acorda%20cidade&amp;hl=pt-BR&amp;gl=BR&amp;ceid=BR%3Apt-419\"><strong><em>\u00a0Google Not\u00edcias<\/em><\/strong><\/a><em>\u00a0e receba os principais destaques do dia. Participe tamb\u00e9m dos nossos canais no\u00a0<\/em><a href=\"https:\/\/whatsapp.com\/channel\/0029Va6Rb4v3WHTNnsh8WI3N\"><strong><em>WhatsApp<\/em><\/strong><\/a><em>\u00a0e\u00a0<\/em><a href=\"https:\/\/www.youtube.com\/@acordacidadenoticias\/videos\"><strong>YouTube<\/strong><\/a><em>\u00a0e do grupo no\u00a0<\/em><a href=\"https:\/\/t.me\/+sSz0khrgARA0ZmRh\"><strong><em>Telegram<\/em><\/strong><\/a><em>.<\/em><\/p>\n<\/div>\n","protected":false},"excerpt":{"rendered":"<div>\n<div>\n<figure><img decoding=\"async\" src=\"https:\/\/uploads.acordacidade.com.br\/wp-content\/uploads\/2023\/03\/24220544\/dilma-rousseff-foto-wilson-dias-ag-brasil.jpg\" alt=\"dilma rousseff\"><figcaption>Foto:  Wilson Dias\/Ag\u00eancia Brasil<\/figcaption><\/figure>\n<\/div>\n<p>Anunciada nesta quinta-feira (22), a decis\u00e3o dos conselheiros incluiu indeniza\u00e7\u00e3o de R$100 mil.<\/p><\/div>\n","protected":false},"author":1,"featured_media":87246,"comment_status":"closed","ping_status":"closed","sticky":false,"template":"","format":"gallery","meta":{"footnotes":""},"categories":[8,9,6,57,56,10],"tags":[],"class_list":["post-87245","post","type-post","status-publish","format-gallery","has-post-thumbnail","hentry","category-bahia","category-brasil","category-feira-de-santana","category-mundo","category-policia","category-politica","post_format-post-format-gallery"],"featured_image_urls":{"full":["https:\/\/noticiasbahia360.com.br\/wp-content\/uploads\/2025\/05\/dilma-rousseff-foto-wilson-dias-ag-brasil.jpg",640,383,false],"thumbnail":["https:\/\/noticiasbahia360.com.br\/wp-content\/uploads\/2025\/05\/dilma-rousseff-foto-wilson-dias-ag-brasil-150x150.jpg",150,150,true],"medium":["https:\/\/noticiasbahia360.com.br\/wp-content\/uploads\/2025\/05\/dilma-rousseff-foto-wilson-dias-ag-brasil-300x180.jpg",300,180,true],"medium_large":["https:\/\/noticiasbahia360.com.br\/wp-content\/uploads\/2025\/05\/dilma-rousseff-foto-wilson-dias-ag-brasil.jpg",640,383,false],"large":["https:\/\/noticiasbahia360.com.br\/wp-content\/uploads\/2025\/05\/dilma-rousseff-foto-wilson-dias-ag-brasil.jpg",640,383,false],"1536x1536":["https:\/\/noticiasbahia360.com.br\/wp-content\/uploads\/2025\/05\/dilma-rousseff-foto-wilson-dias-ag-brasil.jpg",640,383,false],"2048x2048":["https:\/\/noticiasbahia360.com.br\/wp-content\/uploads\/2025\/05\/dilma-rousseff-foto-wilson-dias-ag-brasil.jpg",640,383,false],"chromenews-featured":["https:\/\/noticiasbahia360.com.br\/wp-content\/uploads\/2025\/05\/dilma-rousseff-foto-wilson-dias-ag-brasil.jpg",640,383,false],"chromenews-large":["https:\/\/noticiasbahia360.com.br\/wp-content\/uploads\/2025\/05\/dilma-rousseff-foto-wilson-dias-ag-brasil.jpg",640,383,false],"chromenews-medium":["https:\/\/noticiasbahia360.com.br\/wp-content\/uploads\/2025\/05\/dilma-rousseff-foto-wilson-dias-ag-brasil-590x383.jpg",590,383,true]},"author_info":{"display_name":"noticiasbahia360.com.br","author_link":"https:\/\/noticiasbahia360.com.br\/?author=1"},"category_info":"<a href=\"https:\/\/noticiasbahia360.com.br\/?cat=8\" rel=\"category\">Bahia<\/a> <a href=\"https:\/\/noticiasbahia360.com.br\/?cat=9\" rel=\"category\">Brasil<\/a> <a href=\"https:\/\/noticiasbahia360.com.br\/?cat=6\" rel=\"category\">Feira de Santana<\/a> <a href=\"https:\/\/noticiasbahia360.com.br\/?cat=57\" rel=\"category\">Mundo<\/a> <a href=\"https:\/\/noticiasbahia360.com.br\/?cat=56\" rel=\"category\">Pol\u00edcia<\/a> <a href=\"https:\/\/noticiasbahia360.com.br\/?cat=10\" rel=\"category\">Pol\u00edtica<\/a>","tag_info":"Pol\u00edtica","comment_count":"0","_links":{"self":[{"href":"https:\/\/noticiasbahia360.com.br\/index.php?rest_route=\/wp\/v2\/posts\/87245","targetHints":{"allow":["GET"]}}],"collection":[{"href":"https:\/\/noticiasbahia360.com.br\/index.php?rest_route=\/wp\/v2\/posts"}],"about":[{"href":"https:\/\/noticiasbahia360.com.br\/index.php?rest_route=\/wp\/v2\/types\/post"}],"author":[{"embeddable":true,"href":"https:\/\/noticiasbahia360.com.br\/index.php?rest_route=\/wp\/v2\/users\/1"}],"replies":[{"embeddable":true,"href":"https:\/\/noticiasbahia360.com.br\/index.php?rest_route=%2Fwp%2Fv2%2Fcomments&post=87245"}],"version-history":[{"count":0,"href":"https:\/\/noticiasbahia360.com.br\/index.php?rest_route=\/wp\/v2\/posts\/87245\/revisions"}],"wp:featuredmedia":[{"embeddable":true,"href":"https:\/\/noticiasbahia360.com.br\/index.php?rest_route=\/wp\/v2\/media\/87246"}],"wp:attachment":[{"href":"https:\/\/noticiasbahia360.com.br\/index.php?rest_route=%2Fwp%2Fv2%2Fmedia&parent=87245"}],"wp:term":[{"taxonomy":"category","embeddable":true,"href":"https:\/\/noticiasbahia360.com.br\/index.php?rest_route=%2Fwp%2Fv2%2Fcategories&post=87245"},{"taxonomy":"post_tag","embeddable":true,"href":"https:\/\/noticiasbahia360.com.br\/index.php?rest_route=%2Fwp%2Fv2%2Ftags&post=87245"}],"curies":[{"name":"wp","href":"https:\/\/api.w.org\/{rel}","templated":true}]}}