{"id":87247,"date":"2025-05-23T17:26:33","date_gmt":"2025-05-23T20:26:33","guid":{"rendered":"https:\/\/noticiasbahia360.com.br\/?p=87247"},"modified":"2025-05-23T17:26:33","modified_gmt":"2025-05-23T20:26:33","slug":"sistema-mais-desenvolvido-pelo-detran-e-eficiente-na-fiscalizacao-do-transito-diz-coordenador","status":"publish","type":"post","link":"https:\/\/noticiasbahia360.com.br\/?p=87247","title":{"rendered":"Sistema +Mais, desenvolvido pelo Detran \u00e9 eficiente na fiscaliza\u00e7\u00e3o do tr\u00e2nsito, diz coordenador"},"content":{"rendered":"<div>\n<div>\n<figure><img decoding=\"async\" src=\"http:\/\/noticiasbahia360.com.br\/wp-content\/uploads\/2025\/05\/FOTO_MATERIA_DICAS_SJ-Foto-ItailuanDosAnjos.jpg\" alt=\"Estradas Baianas - sistema +mais\"><figcaption>Foto:  Itailuan dos Anjos &#8211; Detran-BA<\/figcaption><\/figure>\n<\/div>\n<p>Est\u00e1 em funcionamento uma tecnologia desenvolvida pelo <a href=\"https:\/\/www.acordacidade.com.br\/tag\/detran-ba\/\">Detran-BA<\/a> para garantir a seguran\u00e7a, precis\u00e3o e efici\u00eancia no monitoramento e fiscaliza\u00e7\u00e3o do tr\u00e2nsito. O sistema +Mais se integra diretamente com bancos de dados oficiais como Renavam, Detran e Sinesp, assegurando informa\u00e7\u00f5es atualizadas. O sistema realiza a leitura autom\u00e1tica de placas, oferecendo assertividades nas autua\u00e7\u00f5es e o monitoramento de infra\u00e7\u00f5es. A sigla +Mais significa M\u00f3dulo de Autua\u00e7\u00f5es, Infra\u00e7\u00f5es e Sinistros.<\/p>\n<p>\u201c\u00c9 mais uma ferramenta inserida na pol\u00edtica de moderniza\u00e7\u00e3o tecnol\u00f3gica do Detran\/BA, visando uma fiscaliza\u00e7\u00e3o ainda mais eficiente. Esta inova\u00e7\u00e3o j\u00e1 est\u00e1 sendo colocada em pr\u00e1tica e representa mais um avan\u00e7o da institui\u00e7\u00e3o\u201d, afirma Fabr\u00edcio Ara\u00fajo, coordenador-geral de Ve\u00edculos do Detran\/BA.<\/p>\n<figure class=\"wp-block-image size-large\"><img fetchpriority=\"high\" data-dominant-color=\"7e7466\" data-has-transparency=\"false\" style=\"--dominant-color: #7e7466;\" fetchpriority=\"high\" decoding=\"async\" width=\"1019\" height=\"1024\" sizes=\"(max-width: 1019px) 100vw, 1019px\" src=\"http:\/\/noticiasbahia360.com.br\/wp-content\/uploads\/2025\/05\/H2niTvEy-MAIS-2-coordenador-geral-Fabricio-araujo-1019x1024-1.webp\" alt=\"+Sistema MAIS - \" class=\"wp-image-557171 not-transparent\" srcset=\"http:\/\/noticiasbahia360.com.br\/wp-content\/uploads\/2025\/05\/H2niTvEy-MAIS-2-coordenador-geral-Fabricio-araujo-1019x1024-1.webp 1019w, https:\/\/uploads.acordacidade.com.br\/2025\/05\/H2niTvEy-MAIS-2-coordenador-geral-Fabricio-araujo-768x772.webp 768w, https:\/\/uploads.acordacidade.com.br\/2025\/05\/H2niTvEy-MAIS-2-coordenador-geral-Fabricio-araujo-150x151.webp 150w, https:\/\/uploads.acordacidade.com.br\/2025\/05\/H2niTvEy-MAIS-2-coordenador-geral-Fabricio-araujo.webp 1200w\"><figcaption class=\"wp-element-caption\">Fabr\u00edcio Ara\u00fajo, coordenador-geral de Ve\u00edculos do Detran\/BA | Foto: Divulga\u00e7\u00e3o<\/figcaption><\/figure>\n<p>O +Mais automatiza, de acordo com o Detran\/BA, a identifica\u00e7\u00e3o de ve\u00edculos, processando milhares de informa\u00e7\u00f5es em tempo real. E foi desenvolvido para funcionar em radares, ped\u00e1gios e postos de fiscaliza\u00e7\u00e3o, garantindo uma resposta imediata para ve\u00edculos com infra\u00e7\u00f5es, mandados ou restri\u00e7\u00f5es.<\/p>\n<p>\u201cAtrav\u00e9s do nosso setor de Tecnologia da Informa\u00e7\u00e3o e Inova\u00e7\u00e3o, desenvolvemos essa ferramenta que busca reduzir os erros humanos no registro das infra\u00e7\u00f5es, al\u00e9m da automatiza\u00e7\u00e3o da identifica\u00e7\u00e3o de ve\u00edculos e as respostas em tempo real de mandados ou restri\u00e7\u00f5es. Uma demanda antiga que agora se concretiza\u201d, enfatizou o diretor-geral do Detran-BA, Rodrigo Pimentel.<\/p>\n<p>A ferramenta j\u00e1 est\u00e1 dispon\u00edvel e em utiliza\u00e7\u00e3o pelas equipes de fiscaliza\u00e7\u00e3o do Detran-BA e da Pol\u00edcia Militar (PM).<\/p>\n<p><em>Siga o Acorda Cidade no<\/em><a href=\"https:\/\/news.google.com\/search?q=acorda%20cidade&amp;hl=pt-BR&amp;gl=BR&amp;ceid=BR%3Apt-419\"><strong><em>\u00a0Google Not\u00edcias<\/em><\/strong><\/a><em>\u00a0e receba os principais destaques do dia. Participe tamb\u00e9m dos nossos canais no\u00a0<\/em><a href=\"https:\/\/www.whatsapp.com\/channel\/0029Va6Rb4v3WHTNnsh8WI3N\"><strong><em>WhatsApp<\/em><\/strong><\/a><em>\u00a0e\u00a0<\/em><a href=\"https:\/\/www.youtube.com\/@acordacidadenoticias\/videos\"><strong>Youtube<\/strong><\/a><em>\u00a0e grupo de\u00a0<\/em><a href=\"https:\/\/t.me\/+sSz0khrgARA0ZmRh\"><strong><em>Telegram<\/em><\/strong><\/a><em>.<\/em><\/p>\n<\/div>\n","protected":false},"excerpt":{"rendered":"<div>\n<div>\n<figure><img decoding=\"async\" src=\"https:\/\/uploads.acordacidade.com.br\/wp-content\/uploads\/2023\/06\/20162948\/FOTO_MATERIA_DICAS_SJ-Foto-ItailuanDosAnjos.jpg\" alt=\"Estradas Baianas - sistema +mais\"><figcaption>Foto:  Itailuan dos Anjos &#8211; Detran-BA<\/figcaption><\/figure>\n<\/div>\n<p>O +Mais automatiza, de acordo com o Detran\/BA, a identifica\u00e7\u00e3o de ve\u00edculos, processando milhares de informa\u00e7\u00f5es em tempo real.<\/p><\/div>\n","protected":false},"author":1,"featured_media":87248,"comment_status":"closed","ping_status":"closed","sticky":false,"template":"","format":"gallery","meta":{"footnotes":""},"categories":[8,9,6,57,56,10],"tags":[],"class_list":["post-87247","post","type-post","status-publish","format-gallery","has-post-thumbnail","hentry","category-bahia","category-brasil","category-feira-de-santana","category-mundo","category-policia","category-politica","post_format-post-format-gallery"],"featured_image_urls":{"full":["https:\/\/noticiasbahia360.com.br\/wp-content\/uploads\/2025\/05\/FOTO_MATERIA_DICAS_SJ-Foto-ItailuanDosAnjos.jpg",640,426,false],"thumbnail":["https:\/\/noticiasbahia360.com.br\/wp-content\/uploads\/2025\/05\/FOTO_MATERIA_DICAS_SJ-Foto-ItailuanDosAnjos-150x150.jpg",150,150,true],"medium":["https:\/\/noticiasbahia360.com.br\/wp-content\/uploads\/2025\/05\/FOTO_MATERIA_DICAS_SJ-Foto-ItailuanDosAnjos-300x200.jpg",300,200,true],"medium_large":["https:\/\/noticiasbahia360.com.br\/wp-content\/uploads\/2025\/05\/FOTO_MATERIA_DICAS_SJ-Foto-ItailuanDosAnjos.jpg",640,426,false],"large":["https:\/\/noticiasbahia360.com.br\/wp-content\/uploads\/2025\/05\/FOTO_MATERIA_DICAS_SJ-Foto-ItailuanDosAnjos.jpg",640,426,false],"1536x1536":["https:\/\/noticiasbahia360.com.br\/wp-content\/uploads\/2025\/05\/FOTO_MATERIA_DICAS_SJ-Foto-ItailuanDosAnjos.jpg",640,426,false],"2048x2048":["https:\/\/noticiasbahia360.com.br\/wp-content\/uploads\/2025\/05\/FOTO_MATERIA_DICAS_SJ-Foto-ItailuanDosAnjos.jpg",640,426,false],"chromenews-featured":["https:\/\/noticiasbahia360.com.br\/wp-content\/uploads\/2025\/05\/FOTO_MATERIA_DICAS_SJ-Foto-ItailuanDosAnjos.jpg",640,426,false],"chromenews-large":["https:\/\/noticiasbahia360.com.br\/wp-content\/uploads\/2025\/05\/FOTO_MATERIA_DICAS_SJ-Foto-ItailuanDosAnjos.jpg",640,426,false],"chromenews-medium":["https:\/\/noticiasbahia360.com.br\/wp-content\/uploads\/2025\/05\/FOTO_MATERIA_DICAS_SJ-Foto-ItailuanDosAnjos-590x410.jpg",590,410,true]},"author_info":{"display_name":"noticiasbahia360.com.br","author_link":"https:\/\/noticiasbahia360.com.br\/?author=1"},"category_info":"<a href=\"https:\/\/noticiasbahia360.com.br\/?cat=8\" rel=\"category\">Bahia<\/a> <a href=\"https:\/\/noticiasbahia360.com.br\/?cat=9\" rel=\"category\">Brasil<\/a> <a href=\"https:\/\/noticiasbahia360.com.br\/?cat=6\" rel=\"category\">Feira de Santana<\/a> <a href=\"https:\/\/noticiasbahia360.com.br\/?cat=57\" rel=\"category\">Mundo<\/a> <a href=\"https:\/\/noticiasbahia360.com.br\/?cat=56\" rel=\"category\">Pol\u00edcia<\/a> <a href=\"https:\/\/noticiasbahia360.com.br\/?cat=10\" rel=\"category\">Pol\u00edtica<\/a>","tag_info":"Pol\u00edtica","comment_count":"0","_links":{"self":[{"href":"https:\/\/noticiasbahia360.com.br\/index.php?rest_route=\/wp\/v2\/posts\/87247","targetHints":{"allow":["GET"]}}],"collection":[{"href":"https:\/\/noticiasbahia360.com.br\/index.php?rest_route=\/wp\/v2\/posts"}],"about":[{"href":"https:\/\/noticiasbahia360.com.br\/index.php?rest_route=\/wp\/v2\/types\/post"}],"author":[{"embeddable":true,"href":"https:\/\/noticiasbahia360.com.br\/index.php?rest_route=\/wp\/v2\/users\/1"}],"replies":[{"embeddable":true,"href":"https:\/\/noticiasbahia360.com.br\/index.php?rest_route=%2Fwp%2Fv2%2Fcomments&post=87247"}],"version-history":[{"count":0,"href":"https:\/\/noticiasbahia360.com.br\/index.php?rest_route=\/wp\/v2\/posts\/87247\/revisions"}],"wp:featuredmedia":[{"embeddable":true,"href":"https:\/\/noticiasbahia360.com.br\/index.php?rest_route=\/wp\/v2\/media\/87248"}],"wp:attachment":[{"href":"https:\/\/noticiasbahia360.com.br\/index.php?rest_route=%2Fwp%2Fv2%2Fmedia&parent=87247"}],"wp:term":[{"taxonomy":"category","embeddable":true,"href":"https:\/\/noticiasbahia360.com.br\/index.php?rest_route=%2Fwp%2Fv2%2Fcategories&post=87247"},{"taxonomy":"post_tag","embeddable":true,"href":"https:\/\/noticiasbahia360.com.br\/index.php?rest_route=%2Fwp%2Fv2%2Ftags&post=87247"}],"curies":[{"name":"wp","href":"https:\/\/api.w.org\/{rel}","templated":true}]}}