{"id":87250,"date":"2025-05-23T19:11:13","date_gmt":"2025-05-23T22:11:13","guid":{"rendered":"https:\/\/noticiasbahia360.com.br\/?p=87250"},"modified":"2025-05-23T19:11:13","modified_gmt":"2025-05-23T22:11:13","slug":"mobilidade-urbana-feira-de-santana-e-selecionada-para-projeto-piloto-de-onibus-eletricos-na-bahia","status":"publish","type":"post","link":"https:\/\/noticiasbahia360.com.br\/?p=87250","title":{"rendered":"Mobilidade Urbana: Feira de Santana \u00e9 selecionada para projeto-piloto de \u00f4nibus el\u00e9tricos na Bahia"},"content":{"rendered":"<div>\n<div>\n<figure><img decoding=\"async\" src=\"http:\/\/noticiasbahia360.com.br\/wp-content\/uploads\/2025\/05\/onibus-eletrico-0-mobilidade-urbana-jose-carneiro.jpg\" alt=\"\u00f4nibus eletrico 0 mobilidade urbana - jos\u00e9 carneiro\"><figcaption>Ilustrativa | Foto: Andrews Pedra Branca<\/figcaption><\/figure>\n<\/div>\n<p>Feira de Santana est\u00e1 entre as seis cidades baianas escolhidas para testar a eletrifica\u00e7\u00e3o da frota de transporte p\u00fablico coletivo. A proposta do munic\u00edpio foi selecionada durante a 6\u00aa Reuni\u00e3o do F\u00f3rum Baiano de Secret\u00e1rios e Dirigentes de Mobilidade Urbana, realizada em Salvador, nos dias 22 e 23 de maio.<\/p>\n<p>O encontro, que reuniu representantes de diversas cidades no Hotel Intercity, teve como foco discutir solu\u00e7\u00f5es e os principais desafios da mobilidade urbana no estado. Al\u00e9m de Feira de Santana, os munic\u00edpios de Salvador, Cama\u00e7ari, Jequi\u00e9, Vit\u00f3ria da Conquista e Lu\u00eds Eduardo Magalh\u00e3es tamb\u00e9m foram contemplados com a iniciativa. A experi\u00eancia nas cidades selecionadas servir\u00e1 de base para a elabora\u00e7\u00e3o de um relat\u00f3rio com estudos de caso, que poder\u00e1 orientar a implanta\u00e7\u00e3o do transporte sustent\u00e1vel em outros munic\u00edpios.<\/p>\n<p>A not\u00edcia foi confirmada pelo secret\u00e1rio municipal de Mobilidade Urbana de Feira de Santana, S\u00e9rgio Carneiro, em entrevista ao Acorda Cidade.<\/p>\n<figure class=\"wp-block-image size-large\"><img fetchpriority=\"high\" data-dominant-color=\"685e58\" data-has-transparency=\"false\" style=\"--dominant-color: #685e58;\" decoding=\"async\" width=\"1024\" height=\"746\" sizes=\"(max-width: 1024px) 100vw, 1024px\" src=\"http:\/\/noticiasbahia360.com.br\/wp-content\/uploads\/2025\/05\/ipJWcLML-Forum-na-Bahia-discute-financiamento-e-estrategias-para-mobilidade-urbana-1-1024x746-1.webp\" alt=\"F\u00f3rum na Bahia discute financiamento e estrat\u00e9gias para mobilidade urbana -\" class=\"wp-image-557195 not-transparent\" srcset=\"https:\/\/uploads.acordacidade.com.br\/2025\/05\/ipJWcLML-Forum-na-Bahia-discute-financiamento-e-estrategias-para-mobilidade-urbana-1-300x219.webp 300w, http:\/\/noticiasbahia360.com.br\/wp-content\/uploads\/2025\/05\/ipJWcLML-Forum-na-Bahia-discute-financiamento-e-estrategias-para-mobilidade-urbana-1-1024x746-1.webp 1024w, https:\/\/uploads.acordacidade.com.br\/2025\/05\/ipJWcLML-Forum-na-Bahia-discute-financiamento-e-estrategias-para-mobilidade-urbana-1-768x559.webp 768w, https:\/\/uploads.acordacidade.com.br\/2025\/05\/ipJWcLML-Forum-na-Bahia-discute-financiamento-e-estrategias-para-mobilidade-urbana-1-150x109.webp 150w, https:\/\/uploads.acordacidade.com.br\/2025\/05\/ipJWcLML-Forum-na-Bahia-discute-financiamento-e-estrategias-para-mobilidade-urbana-1.webp 1200w\"><figcaption class=\"wp-element-caption\">Secret\u00e1rio da Semob de Salvador, Pablo Souza, S\u00e9rgio Carneiro, Secret\u00e1rio da Semob de Feira e o Alexandre Resende, Diretor Executivo da ANTP | Foto: Divulga\u00e7\u00e3o<\/figcaption><\/figure>\n<p>\u201cTive a felicidade de ver a nossa Feira de Santana como uma das cidades selecionadas para testes de \u00f4nibus el\u00e9tricos e n\u00f3s vamos ter esse \u00f4nibus el\u00e9trico em Feira, rodando nas nossas ruas, para que o povo possa conhecer. E a\u00ed, ent\u00e3o, n\u00f3s verificaremos in loco como funcionam esses novos \u00f4nibus que reduzem a polui\u00e7\u00e3o na emiss\u00e3o de gases e tamb\u00e9m na polui\u00e7\u00e3o sonora\u201d, comemorou o secret\u00e1rio.<\/p>\n<p>S\u00e9rgio Carneiro tamb\u00e9m destacou a import\u00e2ncia de iniciativas como essa para garantir um direito b\u00e1sico da popula\u00e7\u00e3o: a mobilidade urbana. O secret\u00e1rio destaca que a mobilidade \u00e9 essencial tanto para quem depende do transporte para trabalhar e sustentar a fam\u00edlia, quanto para os estudantes que precisam chegar \u00e0s aulas. Segundo ele, a educa\u00e7\u00e3o \u00e9 um dos caminhos mais seguros para a ascens\u00e3o pessoal, econ\u00f4mica e profissional, e por isso, garantir um transporte eficiente \u00e9 fundamental.<\/p>\n<p>\u201cEstamos avan\u00e7ando neste f\u00f3rum que discute os problemas da mobilidade e as solu\u00e7\u00f5es que cada munic\u00edpio vai encontrando e passando para os outros munic\u00edpios. Eu tenho dito isso repetidas vezes: a mobilidade foi eleita pelo povo brasileiro como uma das suas prioridades, ao lado da educa\u00e7\u00e3o, da sa\u00fade e da seguran\u00e7a, tendo em vista que diz respeito a um direito constitucional, ao direito de ir e vir\u201d, destacou.<\/p>\n<figure class=\"wp-block-image size-large\"><img data-dominant-color=\"7b726b\" data-has-transparency=\"false\" style=\"--dominant-color: #7b726b;\" decoding=\"async\" width=\"1024\" height=\"746\" sizes=\"(max-width: 1024px) 100vw, 1024px\" src=\"http:\/\/noticiasbahia360.com.br\/wp-content\/uploads\/2025\/05\/Kyh1rTHo-Forum-na-Bahia-discute-financiamento-e-estrategias-para-mobilidade-urbana-1024x746-1.webp\" alt=\"F\u00f3rum na Bahia discute financiamento e estrat\u00e9gias para mobilidade urbana -\" class=\"wp-image-557196 not-transparent\" srcset=\"https:\/\/uploads.acordacidade.com.br\/2025\/05\/Kyh1rTHo-Forum-na-Bahia-discute-financiamento-e-estrategias-para-mobilidade-urbana--300x219.webp 300w, http:\/\/noticiasbahia360.com.br\/wp-content\/uploads\/2025\/05\/Kyh1rTHo-Forum-na-Bahia-discute-financiamento-e-estrategias-para-mobilidade-urbana-1024x746-1.webp 1024w, https:\/\/uploads.acordacidade.com.br\/2025\/05\/Kyh1rTHo-Forum-na-Bahia-discute-financiamento-e-estrategias-para-mobilidade-urbana--768x559.webp 768w, https:\/\/uploads.acordacidade.com.br\/2025\/05\/Kyh1rTHo-Forum-na-Bahia-discute-financiamento-e-estrategias-para-mobilidade-urbana--150x109.webp 150w, https:\/\/uploads.acordacidade.com.br\/2025\/05\/Kyh1rTHo-Forum-na-Bahia-discute-financiamento-e-estrategias-para-mobilidade-urbana-.webp 1200w\"><figcaption class=\"wp-element-caption\">Foto: Divulga\u00e7\u00e3o<\/figcaption><\/figure>\n<p>S\u00e9rgio Carneiro tamb\u00e9m refor\u00e7ou a necessidade de defender a mobilidade urbana como uma pauta permanente na sociedade.<\/p>\n<p>\u201c\u00c9 preciso que tenha sempre essas pessoas lutando por ela, chamando a aten\u00e7\u00e3o de todos os seus aspectos, e que n\u00f3s possamos garantir esse direito fundamental, sobretudo a todos aqueles que n\u00e3o t\u00eam condu\u00e7\u00e3o pr\u00f3pria\u201d, acrescentou.<\/p>\n<p>O F\u00f3rum foi coordenado pelo diretor executivo, Saulo Figueiredo, que j\u00e1 atuou como secret\u00e1rio de Transporte e Tr\u00e2nsito em Feira de Santana.<\/p>\n<p><em>Siga o Acorda Cidade no<\/em><a href=\"https:\/\/news.google.com\/search?q=acorda%20cidade&amp;hl=pt-BR&amp;gl=BR&amp;ceid=BR%3Apt-419\"><strong><em>\u00a0Google Not\u00edcias<\/em><\/strong><\/a><em>\u00a0e receba os principais destaques do dia. Participe tamb\u00e9m dos nossos canais no\u00a0<\/em><a href=\"https:\/\/www.whatsapp.com\/channel\/0029Va6Rb4v3WHTNnsh8WI3N\"><strong><em>WhatsApp<\/em><\/strong><\/a><em>\u00a0e\u00a0<\/em><a href=\"https:\/\/www.youtube.com\/@acordacidadenoticias\/videos\"><strong>Youtube<\/strong><\/a><em>\u00a0e grupo de\u00a0<\/em><a href=\"https:\/\/t.me\/+sSz0khrgARA0ZmRh\"><strong><em>Telegram<\/em><\/strong><\/a><em>.<\/em><\/p>\n<\/p>\n<\/div>\n","protected":false},"excerpt":{"rendered":"<div>\n<div>\n<figure><img decoding=\"async\" src=\"https:\/\/uploads.acordacidade.com.br\/wp-content\/uploads\/2023\/12\/29143635\/onibus-eletrico-0-mobilidade-urbana-jose-carneiro.jpg\" alt=\"\u00f4nibus eletrico 0 mobilidade urbana - jos\u00e9 carneiro\"><figcaption>Ilustrativa | Foto: Andrews Pedra Branca<\/figcaption><\/figure>\n<\/div>\n<p>A proposta do munic\u00edpio foi selecionada durante a 6\u00aa Reuni\u00e3o do F\u00f3rum Baiano de Secret\u00e1rios e Dirigentes de Mobilidade Urbana.<\/p><\/div>\n","protected":false},"author":1,"featured_media":87251,"comment_status":"closed","ping_status":"closed","sticky":false,"template":"","format":"gallery","meta":{"footnotes":""},"categories":[8,9,6,57,56,10],"tags":[],"class_list":["post-87250","post","type-post","status-publish","format-gallery","has-post-thumbnail","hentry","category-bahia","category-brasil","category-feira-de-santana","category-mundo","category-policia","category-politica","post_format-post-format-gallery"],"featured_image_urls":{"full":["https:\/\/noticiasbahia360.com.br\/wp-content\/uploads\/2025\/05\/onibus-eletrico-0-mobilidade-urbana-jose-carneiro.jpg",640,366,false],"thumbnail":["https:\/\/noticiasbahia360.com.br\/wp-content\/uploads\/2025\/05\/onibus-eletrico-0-mobilidade-urbana-jose-carneiro-150x150.jpg",150,150,true],"medium":["https:\/\/noticiasbahia360.com.br\/wp-content\/uploads\/2025\/05\/onibus-eletrico-0-mobilidade-urbana-jose-carneiro-300x172.jpg",300,172,true],"medium_large":["https:\/\/noticiasbahia360.com.br\/wp-content\/uploads\/2025\/05\/onibus-eletrico-0-mobilidade-urbana-jose-carneiro.jpg",640,366,false],"large":["https:\/\/noticiasbahia360.com.br\/wp-content\/uploads\/2025\/05\/onibus-eletrico-0-mobilidade-urbana-jose-carneiro.jpg",640,366,false],"1536x1536":["https:\/\/noticiasbahia360.com.br\/wp-content\/uploads\/2025\/05\/onibus-eletrico-0-mobilidade-urbana-jose-carneiro.jpg",640,366,false],"2048x2048":["https:\/\/noticiasbahia360.com.br\/wp-content\/uploads\/2025\/05\/onibus-eletrico-0-mobilidade-urbana-jose-carneiro.jpg",640,366,false],"chromenews-featured":["https:\/\/noticiasbahia360.com.br\/wp-content\/uploads\/2025\/05\/onibus-eletrico-0-mobilidade-urbana-jose-carneiro.jpg",640,366,false],"chromenews-large":["https:\/\/noticiasbahia360.com.br\/wp-content\/uploads\/2025\/05\/onibus-eletrico-0-mobilidade-urbana-jose-carneiro.jpg",640,366,false],"chromenews-medium":["https:\/\/noticiasbahia360.com.br\/wp-content\/uploads\/2025\/05\/onibus-eletrico-0-mobilidade-urbana-jose-carneiro-590x366.jpg",590,366,true]},"author_info":{"display_name":"noticiasbahia360.com.br","author_link":"https:\/\/noticiasbahia360.com.br\/?author=1"},"category_info":"<a href=\"https:\/\/noticiasbahia360.com.br\/?cat=8\" rel=\"category\">Bahia<\/a> <a href=\"https:\/\/noticiasbahia360.com.br\/?cat=9\" rel=\"category\">Brasil<\/a> <a href=\"https:\/\/noticiasbahia360.com.br\/?cat=6\" rel=\"category\">Feira de Santana<\/a> <a href=\"https:\/\/noticiasbahia360.com.br\/?cat=57\" rel=\"category\">Mundo<\/a> <a href=\"https:\/\/noticiasbahia360.com.br\/?cat=56\" rel=\"category\">Pol\u00edcia<\/a> <a href=\"https:\/\/noticiasbahia360.com.br\/?cat=10\" rel=\"category\">Pol\u00edtica<\/a>","tag_info":"Pol\u00edtica","comment_count":"0","_links":{"self":[{"href":"https:\/\/noticiasbahia360.com.br\/index.php?rest_route=\/wp\/v2\/posts\/87250","targetHints":{"allow":["GET"]}}],"collection":[{"href":"https:\/\/noticiasbahia360.com.br\/index.php?rest_route=\/wp\/v2\/posts"}],"about":[{"href":"https:\/\/noticiasbahia360.com.br\/index.php?rest_route=\/wp\/v2\/types\/post"}],"author":[{"embeddable":true,"href":"https:\/\/noticiasbahia360.com.br\/index.php?rest_route=\/wp\/v2\/users\/1"}],"replies":[{"embeddable":true,"href":"https:\/\/noticiasbahia360.com.br\/index.php?rest_route=%2Fwp%2Fv2%2Fcomments&post=87250"}],"version-history":[{"count":0,"href":"https:\/\/noticiasbahia360.com.br\/index.php?rest_route=\/wp\/v2\/posts\/87250\/revisions"}],"wp:featuredmedia":[{"embeddable":true,"href":"https:\/\/noticiasbahia360.com.br\/index.php?rest_route=\/wp\/v2\/media\/87251"}],"wp:attachment":[{"href":"https:\/\/noticiasbahia360.com.br\/index.php?rest_route=%2Fwp%2Fv2%2Fmedia&parent=87250"}],"wp:term":[{"taxonomy":"category","embeddable":true,"href":"https:\/\/noticiasbahia360.com.br\/index.php?rest_route=%2Fwp%2Fv2%2Fcategories&post=87250"},{"taxonomy":"post_tag","embeddable":true,"href":"https:\/\/noticiasbahia360.com.br\/index.php?rest_route=%2Fwp%2Fv2%2Ftags&post=87250"}],"curies":[{"name":"wp","href":"https:\/\/api.w.org\/{rel}","templated":true}]}}