{"id":87254,"date":"2025-05-23T19:11:19","date_gmt":"2025-05-23T22:11:19","guid":{"rendered":"https:\/\/noticiasbahia360.com.br\/?p=87254"},"modified":"2025-05-23T19:11:19","modified_gmt":"2025-05-23T22:11:19","slug":"mais-um-dia-cratera-de-5-metros-na-av-froes-da-mota-ainda-nao-foi-solucionada","status":"publish","type":"post","link":"https:\/\/noticiasbahia360.com.br\/?p=87254","title":{"rendered":"Mais um dia: cratera de 5 metros na Av. Fr\u00f3es da Mota ainda n\u00e3o foi solucionada"},"content":{"rendered":"<div>\n<div>\n<figure><img decoding=\"async\" src=\"http:\/\/noticiasbahia360.com.br\/wp-content\/uploads\/2025\/05\/buraco-na-avenida-froes-da-mota-feira-de-santan-foto-paulo-jose-acorda-cidade-00.jpg\" alt=\"cratera\"><figcaption>Foto: Paulo Jos\u00e9 \/ Acorda Cidade <\/figcaption><\/figure>\n<\/div>\n<div class=\"wp-block-group\">\n<div class=\"wp-block-group__inner-container is-layout-constrained wp-block-group-is-layout-constrained\">\n<div class=\"wp-block-group\">\n<div class=\"wp-block-group__inner-container is-layout-constrained wp-block-group-is-layout-constrained\">\n<p>O surgimento de uma cratera em uma estrada marginal da BR-116, em Feira de Santana, transformou-se em um \u00edm\u00e3 de problemas para moradores do local. O buraco, que fica localizado em um trecho da Avenida Eduardo Fr\u00f3es da Mota, no bairro Gabriela, tem cerca de cinco metros de profundidade e provocou a interdi\u00e7\u00e3o completa da via.<\/p>\n<p>Acredita-se que o buraco possa ter surgido a partir de um vazamento em uma tubula\u00e7\u00e3o na \u00e1rea que hoje abriga a cratera. Por conta do bloqueio da estrada, todo o fluxo de ve\u00edculos, que normalmente passa por ali, foi obrigado a ser distribu\u00eddo em ruas pr\u00f3ximas, o que est\u00e1 provocando o <strong>primeiro grande problema: o congestionamento.<\/strong><\/p>\n<p>\u201cO tr\u00e1fego aqui \u00e9 pesado, \u00e9 bem movimentado e, com esse desvio, ficou muito dif\u00edcil fazer entregas. Est\u00e1 tudo engarrafado e, nos hor\u00e1rios de pico, \u00e9 um tumulto, um buzina\u00e7o, uma agonia, uma falta de paci\u00eancia dos condutores\u201d, disse o motorista Paulo C\u00e9sar, que utiliza frequentemente a estrada interditada para fazer entregas de materiais de constru\u00e7\u00e3o.<\/p>\n<figure class=\"wp-block-image size-large\"><img fetchpriority=\"high\" data-dominant-color=\"948983\" data-has-transparency=\"false\" style=\"--dominant-color: #948983;\" decoding=\"async\" width=\"1024\" height=\"473\" sizes=\"(max-width: 1024px) 100vw, 1024px\" src=\"http:\/\/noticiasbahia360.com.br\/wp-content\/uploads\/2025\/05\/fCBY9XKV-buraco-na-avenida-froes-da-mota-feira-de-santan-foto-paulo-jose-acorda-cidade-1024x473-1.webp\" alt=\"\" class=\"wp-image-557014 not-transparent\" srcset=\"https:\/\/uploads.acordacidade.com.br\/2025\/05\/fCBY9XKV-buraco-na-avenida-froes-da-mota-feira-de-santan-foto-paulo-jose-acorda-cidade-300x139.webp 300w, http:\/\/noticiasbahia360.com.br\/wp-content\/uploads\/2025\/05\/fCBY9XKV-buraco-na-avenida-froes-da-mota-feira-de-santan-foto-paulo-jose-acorda-cidade-1024x473-1.webp 1024w, https:\/\/uploads.acordacidade.com.br\/2025\/05\/fCBY9XKV-buraco-na-avenida-froes-da-mota-feira-de-santan-foto-paulo-jose-acorda-cidade-768x355.webp 768w, https:\/\/uploads.acordacidade.com.br\/2025\/05\/fCBY9XKV-buraco-na-avenida-froes-da-mota-feira-de-santan-foto-paulo-jose-acorda-cidade-150x69.webp 150w, https:\/\/uploads.acordacidade.com.br\/2025\/05\/fCBY9XKV-buraco-na-avenida-froes-da-mota-feira-de-santan-foto-paulo-jose-acorda-cidade.webp 1200w\"><figcaption class=\"wp-element-caption\">Foto: Paulo Jos\u00e9 \/ Acorda Cidade <\/figcaption><\/figure>\n<p>A marginal \u00e9 utilizada com bastante frequ\u00eancia por moradores que saem de bairros populosos como Pampalona, Sobradinho, George Am\u00e9rico e Gabriela em dire\u00e7\u00e3o ao centro comercial. Para o morador Luiz Silva, a exist\u00eancia de um buraco com dimens\u00f5es relevantes em uma via t\u00e3o importante comprova o <strong>segundo grande problema: o descaso.<\/strong><\/p>\n<p>\u201cO caso \u00e9 s\u00e9rio aqui. A gente j\u00e1 estava prevendo isso, n\u00f3s moradores, estamos observando h\u00e1 muito tempo esse local. A gente acha que, dentro de um ano, tem que fazer uma revis\u00e3o quando faz uma interven\u00e7\u00e3o na pista e o <a href=\"https:\/\/www.acordacidade.com.br\/tag\/dnit\/\">Dnit<\/a> [Departamento Nacional de Infraestrutura de Transportes] \u00e0s vezes n\u00e3o cumpre com o que ele mesmo determina\u201d, disse Luiz.<\/p>\n<p>O morador afirmou que a Embasa, empresa respons\u00e1vel pelo abastecimento de \u00e1gua e esgotamento sanit\u00e1rio na Bahia, j\u00e1 estava fazendo uma interven\u00e7\u00e3o no local e espera que o servi\u00e7o seja conclu\u00eddo o mais r\u00e1pido poss\u00edvel.<\/p>\n<figure class=\"wp-block-image size-large\"><img data-dominant-color=\"827b78\" data-has-transparency=\"false\" style=\"--dominant-color: #827b78;\" decoding=\"async\" width=\"1024\" height=\"473\" sizes=\"(max-width: 1024px) 100vw, 1024px\" src=\"http:\/\/noticiasbahia360.com.br\/wp-content\/uploads\/2025\/05\/d6T8l1HF-buraco-na-avenida-froes-da-mota-feira-de-santan-foto-paulo-jose-acorda-cidade-01-1024x473-1.webp\" alt=\"\" class=\"wp-image-557012 not-transparent\" srcset=\"https:\/\/uploads.acordacidade.com.br\/2025\/05\/d6T8l1HF-buraco-na-avenida-froes-da-mota-feira-de-santan-foto-paulo-jose-acorda-cidade-01-300x139.webp 300w, http:\/\/noticiasbahia360.com.br\/wp-content\/uploads\/2025\/05\/d6T8l1HF-buraco-na-avenida-froes-da-mota-feira-de-santan-foto-paulo-jose-acorda-cidade-01-1024x473-1.webp 1024w, https:\/\/uploads.acordacidade.com.br\/2025\/05\/d6T8l1HF-buraco-na-avenida-froes-da-mota-feira-de-santan-foto-paulo-jose-acorda-cidade-01-768x355.webp 768w, https:\/\/uploads.acordacidade.com.br\/2025\/05\/d6T8l1HF-buraco-na-avenida-froes-da-mota-feira-de-santan-foto-paulo-jose-acorda-cidade-01-150x69.webp 150w, https:\/\/uploads.acordacidade.com.br\/2025\/05\/d6T8l1HF-buraco-na-avenida-froes-da-mota-feira-de-santan-foto-paulo-jose-acorda-cidade-01.webp 1200w\"><figcaption class=\"wp-element-caption\">Foto: Paulo Jos\u00e9 \/ Acorda Cidade <\/figcaption><\/figure>\n<p>Luiz afirmou que, agora, com a expectativa de que o problema seja resolvido, ou seja, que a cratera seja tampada, surge o <strong>terceiro grande problema: o medo da execu\u00e7\u00e3o do servi\u00e7o.<\/strong> Ele afirmou que as m\u00e1quinas pesadas utilizadas em servi\u00e7os em rodovias acabem comprometendo a estrutura de resid\u00eancias pr\u00f3ximas.<\/p>\n<p>\u201cA preocupa\u00e7\u00e3o \u00e9 grande, porque quando eles v\u00eam fazer o servi\u00e7o, trazem as m\u00e1quinas, e as m\u00e1quinas, quando come\u00e7am a trabalhar, provocam rachaduras nas casas da gente. Nem o Dnit, nem a Prefeitura, nem \u00f3rg\u00e3o nenhum do Estado, como a Embasa, v\u00eam suprir a defici\u00eancia da gente\u201d, concluiu o morador.<\/p>\n<\/div>\n<\/div>\n<\/div>\n<\/div>\n<div class=\"wp-block-group\">\n<div class=\"wp-block-group__inner-container is-layout-constrained wp-block-group-is-layout-constrained\">\n<h2 class=\"wp-block-heading\" id=\"h-o-que-diz-a-embasa\">O que diz a Embasa?<\/h2>\n<p>A produ\u00e7\u00e3o do Acorda Cidade entrou em contato com a Embasa solicitando um retorno para a quest\u00e3o. A empresa respondeu por meio de nota. <strong>Confira abaixo.<\/strong><\/p>\n<p><em>A Embasa iniciou, na \u00faltima quinta-feira (22), os trabalhos emergenciais para recupera\u00e7\u00e3o da rede de esgotamento sanit\u00e1rio, no trecho da via marginal ao Anel de Contorno, entre os bairros Gabriela e Sobradinho, em Feira de Santana. A infiltra\u00e7\u00e3o da \u00e1gua das chuvas no solo comprometeu simultaneamente a estrutura das redes de esgotamento sanit\u00e1rio, operada pela Embasa, e drenagem pluvial, sob responsabilidade da Prefeitura.<\/em><\/p>\n<p><em>\u201cA Embasa est\u00e1 atuando com celeridade para regularizar o funcionamento da rede, uma estrutura importante do sistema de esgotamento sanit\u00e1rio que transporta o efluente para tratamento. Nossa prioridade \u00e9 restaurar a rede e assegurar juntamente com a Prefeitura a retomada da normalidade do fluxo da via\u201d, afirma Raimundo Neto, gerente regional da Embasa.<\/em><\/p>\n<p><em>Equipes t\u00e9cnicas da Embasa e Prefeitura trabalham para corrigir os danos causados nas redes e garantir a seguran\u00e7a da via. As interven\u00e7\u00f5es, com a via sinalizada para o desvio do fluxo, j\u00e1 est\u00e3o em andamento e a expectativa \u00e9 de que sejam conclu\u00eddas at\u00e9 o in\u00edcio da pr\u00f3xima semana.<\/em><\/p>\n<p><strong>Leia tamb\u00e9m:<\/strong><\/p>\n<p><a href=\"https:\/\/www.acordacidade.com.br\/feira-de-santana\/cratera-com-cerca-de-5-metros-atrapalha-transito-no-bairro-gabriela\/\">Cratera com cerca de 5 metros atrapalha tr\u00e2nsito no bairro Gabriela; veja v\u00eddeo<\/a><\/p>\n<p><em>Siga o Acorda Cidade no<\/em><a href=\"https:\/\/news.google.com\/search?q=acorda%20cidade&amp;hl=pt-BR&amp;gl=BR&amp;ceid=BR%3Apt-419\"><strong><em>\u00a0Google Not\u00edcias<\/em><\/strong><\/a><em>\u00a0e receba os principais destaques do dia. Participe tamb\u00e9m dos nossos canais no\u00a0<\/em><a href=\"https:\/\/www.whatsapp.com\/channel\/0029Va6Rb4v3WHTNnsh8WI3N\"><strong><em>WhatsApp<\/em><\/strong><\/a><em>\u00a0e\u00a0<\/em><a href=\"https:\/\/www.youtube.com\/@acordacidadenoticias\/videos\"><strong>Youtube<\/strong><\/a><em>\u00a0e grupo de\u00a0<\/em><a href=\"https:\/\/t.me\/+sSz0khrgARA0ZmRh\"><strong><em>Telegram<\/em><\/strong><\/a><em>.<\/em><\/p>\n<\/div>\n<\/div>\n<\/div>\n","protected":false},"excerpt":{"rendered":"<div>\n<div>\n<figure><img decoding=\"async\" src=\"https:\/\/uploads.acordacidade.com.br\/2025\/05\/buraco-na-avenida-froes-da-mota-feira-de-santan-foto-paulo-jose-acorda-cidade-00.jpg\" alt=\"cratera\"><figcaption>Foto: Paulo Jos\u00e9 \/ Acorda Cidade <\/figcaption><\/figure>\n<\/div>\n<p>Acredita-se que o buraco possa ter surgido a partir de um vazamento em uma tubula\u00e7\u00e3o na \u00e1rea que hoje abriga a cratera.<\/p><\/div>\n","protected":false},"author":1,"featured_media":87255,"comment_status":"closed","ping_status":"closed","sticky":false,"template":"","format":"gallery","meta":{"footnotes":""},"categories":[8,9,6,57,56,10],"tags":[],"class_list":["post-87254","post","type-post","status-publish","format-gallery","has-post-thumbnail","hentry","category-bahia","category-brasil","category-feira-de-santana","category-mundo","category-policia","category-politica","post_format-post-format-gallery"],"featured_image_urls":{"full":["https:\/\/noticiasbahia360.com.br\/wp-content\/uploads\/2025\/05\/buraco-na-avenida-froes-da-mota-feira-de-santan-foto-paulo-jose-acorda-cidade-00.jpg",1200,554,false],"thumbnail":["https:\/\/noticiasbahia360.com.br\/wp-content\/uploads\/2025\/05\/buraco-na-avenida-froes-da-mota-feira-de-santan-foto-paulo-jose-acorda-cidade-00-150x150.jpg",150,150,true],"medium":["https:\/\/noticiasbahia360.com.br\/wp-content\/uploads\/2025\/05\/buraco-na-avenida-froes-da-mota-feira-de-santan-foto-paulo-jose-acorda-cidade-00-300x139.jpg",300,139,true],"medium_large":["https:\/\/noticiasbahia360.com.br\/wp-content\/uploads\/2025\/05\/buraco-na-avenida-froes-da-mota-feira-de-santan-foto-paulo-jose-acorda-cidade-00-768x355.jpg",640,296,true],"large":["https:\/\/noticiasbahia360.com.br\/wp-content\/uploads\/2025\/05\/buraco-na-avenida-froes-da-mota-feira-de-santan-foto-paulo-jose-acorda-cidade-00-1024x473.jpg",640,296,true],"1536x1536":["https:\/\/noticiasbahia360.com.br\/wp-content\/uploads\/2025\/05\/buraco-na-avenida-froes-da-mota-feira-de-santan-foto-paulo-jose-acorda-cidade-00.jpg",1200,554,false],"2048x2048":["https:\/\/noticiasbahia360.com.br\/wp-content\/uploads\/2025\/05\/buraco-na-avenida-froes-da-mota-feira-de-santan-foto-paulo-jose-acorda-cidade-00.jpg",1200,554,false],"chromenews-featured":["https:\/\/noticiasbahia360.com.br\/wp-content\/uploads\/2025\/05\/buraco-na-avenida-froes-da-mota-feira-de-santan-foto-paulo-jose-acorda-cidade-00-1024x473.jpg",1024,473,true],"chromenews-large":["https:\/\/noticiasbahia360.com.br\/wp-content\/uploads\/2025\/05\/buraco-na-avenida-froes-da-mota-feira-de-santan-foto-paulo-jose-acorda-cidade-00-825x554.jpg",825,554,true],"chromenews-medium":["https:\/\/noticiasbahia360.com.br\/wp-content\/uploads\/2025\/05\/buraco-na-avenida-froes-da-mota-feira-de-santan-foto-paulo-jose-acorda-cidade-00-590x410.jpg",590,410,true]},"author_info":{"display_name":"noticiasbahia360.com.br","author_link":"https:\/\/noticiasbahia360.com.br\/?author=1"},"category_info":"<a href=\"https:\/\/noticiasbahia360.com.br\/?cat=8\" rel=\"category\">Bahia<\/a> <a href=\"https:\/\/noticiasbahia360.com.br\/?cat=9\" rel=\"category\">Brasil<\/a> <a href=\"https:\/\/noticiasbahia360.com.br\/?cat=6\" rel=\"category\">Feira de Santana<\/a> <a href=\"https:\/\/noticiasbahia360.com.br\/?cat=57\" rel=\"category\">Mundo<\/a> <a href=\"https:\/\/noticiasbahia360.com.br\/?cat=56\" rel=\"category\">Pol\u00edcia<\/a> <a href=\"https:\/\/noticiasbahia360.com.br\/?cat=10\" rel=\"category\">Pol\u00edtica<\/a>","tag_info":"Pol\u00edtica","comment_count":"0","_links":{"self":[{"href":"https:\/\/noticiasbahia360.com.br\/index.php?rest_route=\/wp\/v2\/posts\/87254","targetHints":{"allow":["GET"]}}],"collection":[{"href":"https:\/\/noticiasbahia360.com.br\/index.php?rest_route=\/wp\/v2\/posts"}],"about":[{"href":"https:\/\/noticiasbahia360.com.br\/index.php?rest_route=\/wp\/v2\/types\/post"}],"author":[{"embeddable":true,"href":"https:\/\/noticiasbahia360.com.br\/index.php?rest_route=\/wp\/v2\/users\/1"}],"replies":[{"embeddable":true,"href":"https:\/\/noticiasbahia360.com.br\/index.php?rest_route=%2Fwp%2Fv2%2Fcomments&post=87254"}],"version-history":[{"count":0,"href":"https:\/\/noticiasbahia360.com.br\/index.php?rest_route=\/wp\/v2\/posts\/87254\/revisions"}],"wp:featuredmedia":[{"embeddable":true,"href":"https:\/\/noticiasbahia360.com.br\/index.php?rest_route=\/wp\/v2\/media\/87255"}],"wp:attachment":[{"href":"https:\/\/noticiasbahia360.com.br\/index.php?rest_route=%2Fwp%2Fv2%2Fmedia&parent=87254"}],"wp:term":[{"taxonomy":"category","embeddable":true,"href":"https:\/\/noticiasbahia360.com.br\/index.php?rest_route=%2Fwp%2Fv2%2Fcategories&post=87254"},{"taxonomy":"post_tag","embeddable":true,"href":"https:\/\/noticiasbahia360.com.br\/index.php?rest_route=%2Fwp%2Fv2%2Ftags&post=87254"}],"curies":[{"name":"wp","href":"https:\/\/api.w.org\/{rel}","templated":true}]}}