{"id":87258,"date":"2025-05-23T19:11:26","date_gmt":"2025-05-23T22:11:26","guid":{"rendered":"https:\/\/noticiasbahia360.com.br\/?p=87258"},"modified":"2025-05-23T19:11:26","modified_gmt":"2025-05-23T22:11:26","slug":"secretario-nega-falta-de-pediatras-na-rede-publica-e-fala-sobre-reestruturacao-do-tfd-em-feira-de-santana","status":"publish","type":"post","link":"https:\/\/noticiasbahia360.com.br\/?p=87258","title":{"rendered":"Secret\u00e1rio nega falta de pediatras na rede p\u00fablica e fala sobre reestrutura\u00e7\u00e3o do TFD em Feira de Santana"},"content":{"rendered":"<div>\n<div>\n<figure><img decoding=\"async\" src=\"http:\/\/noticiasbahia360.com.br\/wp-content\/uploads\/2025\/05\/Foto-Renata-Farias-SAUDE-GOVBAurgencia-pediatrica-pediatria-pediatras.jpeg\" alt=\"Pediatria\"><figcaption>Foto: Renata Farias\/Sesab<\/figcaption><\/figure>\n<\/div>\n<p>Durante o an\u00fancio de R$ 13 milh\u00f5es em investimentos na sa\u00fade de Feira de Santana, na manh\u00e3 desta sexta-feira (23), o secret\u00e1rio de Sa\u00fade, Rodrigo Matos, negou que n\u00e3o haja atendimento pedi\u00e1trico na rede p\u00fablica municipal e detalhou as medidas adotadas para melhorar o transporte do Tratamento Fora de Domic\u00edlio (TFD), servi\u00e7o que ainda enfrenta desafios, mas que, segundo ele, j\u00e1 passa por um processo de reestrutura\u00e7\u00e3o.<\/p>\n<p>Em rela\u00e7\u00e3o \u00e0 pediatria, o secret\u00e1rio foi direto ao afirmar que a informa\u00e7\u00e3o de que n\u00e3o h\u00e1 pediatras na rede municipal n\u00e3o procede.<\/p>\n<figure class=\"wp-block-image size-large\"><img fetchpriority=\"high\" data-dominant-color=\"9b9899\" data-has-transparency=\"false\" style=\"--dominant-color: #9b9899;\" fetchpriority=\"high\" decoding=\"async\" width=\"1024\" height=\"676\" sizes=\"(max-width: 1024px) 100vw, 1024px\" src=\"http:\/\/noticiasbahia360.com.br\/wp-content\/uploads\/2025\/05\/xaWdDuRp-Secretaria-de-saude-realiza-anuncio-de-novo-pacote-Rodrigo-Matos-ft-ney-silva-acorda-cidade-1024x676-1.webp\" alt=\"Secretaria de sa\u00fade realiza anuncio de novo pacote - Rodrigo Matos\" class=\"wp-image-557085 not-transparent\" srcset=\"https:\/\/uploads.acordacidade.com.br\/2025\/05\/xaWdDuRp-Secretaria-de-saude-realiza-anuncio-de-novo-pacote-Rodrigo-Matos-ft-ney-silva-acorda-cidade-300x198.webp 300w, http:\/\/noticiasbahia360.com.br\/wp-content\/uploads\/2025\/05\/xaWdDuRp-Secretaria-de-saude-realiza-anuncio-de-novo-pacote-Rodrigo-Matos-ft-ney-silva-acorda-cidade-1024x676-1.webp 1024w, https:\/\/uploads.acordacidade.com.br\/2025\/05\/xaWdDuRp-Secretaria-de-saude-realiza-anuncio-de-novo-pacote-Rodrigo-Matos-ft-ney-silva-acorda-cidade-768x507.webp 768w, https:\/\/uploads.acordacidade.com.br\/2025\/05\/xaWdDuRp-Secretaria-de-saude-realiza-anuncio-de-novo-pacote-Rodrigo-Matos-ft-ney-silva-acorda-cidade-150x99.webp 150w, https:\/\/uploads.acordacidade.com.br\/2025\/05\/xaWdDuRp-Secretaria-de-saude-realiza-anuncio-de-novo-pacote-Rodrigo-Matos-ft-ney-silva-acorda-cidade.webp 1200w\"><figcaption class=\"wp-element-caption\">Rodrigo Matos | Foto: Ney Silva\/Acorda Cidade<\/figcaption><\/figure>\n<p>\u201cAtendemos muito, at\u00e9 porque temos a Funda\u00e7\u00e3o Hospitalar vinculada \u00e0 Secretaria de Sa\u00fade, que \u00e9 um grande instituto materno-infantil, atende gestantes, crian\u00e7as, inclusive, especialidades dentro da pediatria. Ent\u00e3o temos pediatra, temos oferta na rede, sim\u201d, garantiu.<\/p>\n<p>Rodrigo refor\u00e7ou que as Unidades B\u00e1sicas de Sa\u00fade (UBS) contam com m\u00e9dicos  capacitados para atender crian\u00e7as, adultos e idosos.<\/p>\n<figure class=\"wp-block-image size-full is-resized\"><img decoding=\"async\" width=\"640\" height=\"288\" sizes=\"(max-width: 640px) 100vw, 640px\" src=\"http:\/\/noticiasbahia360.com.br\/wp-content\/uploads\/2025\/05\/ubs_irmadulce_acordacidade-4.jpeg\" alt=\"UBS Irm\u00e3 Dulce\" class=\"wp-image-339881\" style=\"width:840px;height:auto\" srcset=\"https:\/\/uploads.acordacidade.com.br\/wp-content\/uploads\/2023\/11\/27094210\/ubs_irmadulce_acordacidade-4-300x135.jpeg 300w, http:\/\/noticiasbahia360.com.br\/wp-content\/uploads\/2025\/05\/ubs_irmadulce_acordacidade-4.jpeg 640w\"><figcaption class=\"wp-element-caption\">Foto: Paulo Jos\u00e9\/Acorda Cidade<\/figcaption><\/figure>\n<p>O secret\u00e1rio ainda destacou que, quando h\u00e1 necessidade de atendimento especializado, as crian\u00e7as s\u00e3o encaminhadas para unidades espec\u00edficas. O processo ocorre por meio da regula\u00e7\u00e3o, que organiza os fluxos e evita sobrecarga nas unidades.<\/p>\n<p>\u201cA depender da especialidade dentro da pediatria, \u00e9 indicado para a unidade que tem aquela especialidade. Sempre vem regula\u00e7\u00e3o, porque regular \u00e9 ordenar fluxo. E a gente que trabalha com t\u00e9cnica, com profissionalismo, tem que ser feito de uma forma organizada. Ent\u00e3o, \u00e9 regula\u00e7\u00e3o, porque demanda espont\u00e2nea faz com que o fluxo fique desorganizado e as pessoas sofram perecendo em filas\u201d, pontuou.<\/p>\n<h2 class=\"wp-block-heading\" id=\"h-tfd-solucoes-em-andamento\">TFD: solu\u00e7\u00f5es em andamento\u2026<\/h2>\n<p>Sobre o transporte para Tratamento Fora de Domic\u00edlio (TFD), o secret\u00e1rio reconheceu os desafios enfrentados e afirmou que a gest\u00e3o est\u00e1 tomando provid\u00eancias. Como j\u00e1 mostrado pelo Acorda Cidade, o TFD enfrenta problemas devido \u00e0 frota antiga e insuficiente, com ambul\u00e2ncias e \u00f4nibus deteriorados, oferecendo riscos aos usu\u00e1rios.<\/p>\n<p>\u201cN\u00f3s encontramos uma infraestrutura de ve\u00edculos muito prec\u00e1ria, os \u00f4nibus s\u00e3o \u00f4nibus antigos, que quebram com frequ\u00eancia e a gente precisa colocar em manuten\u00e7\u00e3o. Se tiver qualquer risco para a comunidade, n\u00f3s vamos paralisar. Sabemos que isso gera um transtorno, isso n\u00e3o \u00e9 algo que nos deixa satisfeitos. Agora, a seguran\u00e7a das pessoas e de quem dirige est\u00e1 em primeiro lugar\u201d, destacou.<\/p>\n<p>Rodrigo informou ainda que, desde o in\u00edcio da gest\u00e3o, j\u00e1 foram incorporadas quatro novas ambul\u00e2ncias ao servi\u00e7o, al\u00e9m de iniciado um processo de licita\u00e7\u00e3o para aluguel de ve\u00edculos e aquisi\u00e7\u00e3o de \u00f4nibus.<\/p>\n<figure class=\"wp-block-image size-large\"><img data-dominant-color=\"747675\" data-has-transparency=\"false\" style=\"--dominant-color: #747675;\" decoding=\"async\" width=\"1024\" height=\"682\" sizes=\"(max-width: 1024px) 100vw, 1024px\" src=\"http:\/\/noticiasbahia360.com.br\/wp-content\/uploads\/2025\/05\/wdtlaL7q-ambulancia-TFD-1024x682-1.webp\" alt=\"ambul\u00e2ncia TFD\" class=\"wp-image-549972 not-transparent\" srcset=\"https:\/\/uploads.acordacidade.com.br\/2025\/05\/wdtlaL7q-ambulancia-TFD-300x200.webp 300w, http:\/\/noticiasbahia360.com.br\/wp-content\/uploads\/2025\/05\/wdtlaL7q-ambulancia-TFD-1024x682-1.webp 1024w, https:\/\/uploads.acordacidade.com.br\/2025\/05\/wdtlaL7q-ambulancia-TFD-768x511.webp 768w, https:\/\/uploads.acordacidade.com.br\/2025\/05\/wdtlaL7q-ambulancia-TFD-150x100.webp 150w, https:\/\/uploads.acordacidade.com.br\/2025\/05\/wdtlaL7q-ambulancia-TFD.webp 1200w\"><figcaption class=\"wp-element-caption\">Foto: Secom<\/figcaption><\/figure>\n<p>\u201cTemos problemas que s\u00e3o enormes no TFD, mas n\u00f3s avan\u00e7amos porque conseguimos trazer ambul\u00e2ncias e n\u00f3s j\u00e1 iniciamos o processo de licita\u00e7\u00e3o para aluguel de carros e amplia\u00e7\u00e3o de frota. Isso \u00e9 uma realidade\u201d, afirmou.<\/p>\n<p>O secret\u00e1rio tamb\u00e9m refor\u00e7ou que, apesar dos avan\u00e7os j\u00e1 conquistados, a transforma\u00e7\u00e3o total do servi\u00e7o ainda exige tempo e paci\u00eancia. Segundo ele, quatro meses de gest\u00e3o n\u00e3o s\u00e3o suficientes para realizar todas as mudan\u00e7as necess\u00e1rias em um servi\u00e7o que foi encontrado em condi\u00e7\u00f5es bastante prec\u00e1rias.<\/p>\n<p>\u201cEstamos trabalhando firme, n\u00e3o temos medo de desafios e n\u00e3o colocamos poeira para baixo do tapete. Respondemos a 100% das quest\u00f5es de forma t\u00e9cnica, corajosa e de forma transparente para a popula\u00e7\u00e3o\u201d, finalizou.<\/p>\n<p>O investimento de mais de R$ 13 milh\u00f5es anunciado contempla, al\u00e9m das melhorias no TFD, a constru\u00e7\u00e3o de novas unidades de sa\u00fade, incluindo duas UBS, um novo Caps \u00c1lcool e Drogas, al\u00e9m da implanta\u00e7\u00e3o de uma oficina ortop\u00e9dica e reformas em unidades do munic\u00edpio. Durante a reuni\u00e3o, a prefeitura tamb\u00e9m implantou <a href=\"https:\/\/www.acordacidade.com.br\/feira-de-santana\/saiba-como-sera-o-novo-sistema-de-marcacao-de-consultas-da-prefeitura-de-feira\/\" target=\"_blank\" rel=\"noreferrer noopener\">novo modelo de marca\u00e7\u00e3o de exames e consultas.<\/a><\/p>\n<p><em>Com informa\u00e7\u00f5es do rep\u00f3rter Ney Silva do Acorda Cidade<\/em><\/p>\n<p><strong>Leia tamb\u00e9m: <a href=\"https:\/\/www.acordacidade.com.br\/feira-de-santana\/saiba-como-sera-o-novo-sistema-de-marcacao-de-consultas-da-prefeitura-de-feira\/\" target=\"_blank\" rel=\"noreferrer noopener\">Saiba como ser\u00e1 o novo sistema de marca\u00e7\u00e3o de consultas da Prefeitura de Feira<\/a><\/strong><\/p>\n<p><em>Siga o Acorda Cidade no<\/em><a href=\"https:\/\/news.google.com\/search?q=acorda%20cidade&amp;hl=pt-BR&amp;gl=BR&amp;ceid=BR%3Apt-419\"><strong><em>\u00a0Google Not\u00edcias<\/em><\/strong><\/a><em>\u00a0e receba os principais destaques do dia. Participe tamb\u00e9m dos nossos canais no\u00a0<\/em><a href=\"https:\/\/www.whatsapp.com\/channel\/0029Va6Rb4v3WHTNnsh8WI3N\"><strong><em>WhatsApp<\/em><\/strong><\/a><em>\u00a0e\u00a0<\/em><a href=\"https:\/\/www.youtube.com\/@acordacidadenoticias\/videos\"><strong>Youtube<\/strong><\/a><em>\u00a0e grupo de\u00a0<\/em><a href=\"https:\/\/t.me\/+sSz0khrgARA0ZmRh\"><strong><em>Telegram<\/em><\/strong><\/a><em>.<\/em><\/p>\n<\/div>\n","protected":false},"excerpt":{"rendered":"<div>\n<div>\n<figure><img decoding=\"async\" src=\"https:\/\/uploads.acordacidade.com.br\/wp-content\/uploads\/2023\/06\/02220522\/Foto-Renata-Farias-SAUDE-GOVBAurgencia-pediatrica-pediatria-pediatras.jpeg\" alt=\"Pediatria\"><figcaption>Foto: Renata Farias\/Sesab<\/figcaption><\/figure>\n<\/div>\n<p>Rodrigo Matos disse que as Unidades B\u00e1sicas de Sa\u00fade (UBS) contam com m\u00e9dicos  capacitados para atender crian\u00e7as, adultos e idosos.<\/p><\/div>\n","protected":false},"author":1,"featured_media":87259,"comment_status":"closed","ping_status":"closed","sticky":false,"template":"","format":"gallery","meta":{"footnotes":""},"categories":[8,9,6,57,56,10],"tags":[],"class_list":["post-87258","post","type-post","status-publish","format-gallery","has-post-thumbnail","hentry","category-bahia","category-brasil","category-feira-de-santana","category-mundo","category-policia","category-politica","post_format-post-format-gallery"],"featured_image_urls":{"full":["https:\/\/noticiasbahia360.com.br\/wp-content\/uploads\/2025\/05\/Foto-Renata-Farias-SAUDE-GOVBAurgencia-pediatrica-pediatria-pediatras.jpeg",640,426,false],"thumbnail":["https:\/\/noticiasbahia360.com.br\/wp-content\/uploads\/2025\/05\/Foto-Renata-Farias-SAUDE-GOVBAurgencia-pediatrica-pediatria-pediatras-150x150.jpeg",150,150,true],"medium":["https:\/\/noticiasbahia360.com.br\/wp-content\/uploads\/2025\/05\/Foto-Renata-Farias-SAUDE-GOVBAurgencia-pediatrica-pediatria-pediatras-300x200.jpeg",300,200,true],"medium_large":["https:\/\/noticiasbahia360.com.br\/wp-content\/uploads\/2025\/05\/Foto-Renata-Farias-SAUDE-GOVBAurgencia-pediatrica-pediatria-pediatras.jpeg",640,426,false],"large":["https:\/\/noticiasbahia360.com.br\/wp-content\/uploads\/2025\/05\/Foto-Renata-Farias-SAUDE-GOVBAurgencia-pediatrica-pediatria-pediatras.jpeg",640,426,false],"1536x1536":["https:\/\/noticiasbahia360.com.br\/wp-content\/uploads\/2025\/05\/Foto-Renata-Farias-SAUDE-GOVBAurgencia-pediatrica-pediatria-pediatras.jpeg",640,426,false],"2048x2048":["https:\/\/noticiasbahia360.com.br\/wp-content\/uploads\/2025\/05\/Foto-Renata-Farias-SAUDE-GOVBAurgencia-pediatrica-pediatria-pediatras.jpeg",640,426,false],"chromenews-featured":["https:\/\/noticiasbahia360.com.br\/wp-content\/uploads\/2025\/05\/Foto-Renata-Farias-SAUDE-GOVBAurgencia-pediatrica-pediatria-pediatras.jpeg",640,426,false],"chromenews-large":["https:\/\/noticiasbahia360.com.br\/wp-content\/uploads\/2025\/05\/Foto-Renata-Farias-SAUDE-GOVBAurgencia-pediatrica-pediatria-pediatras.jpeg",640,426,false],"chromenews-medium":["https:\/\/noticiasbahia360.com.br\/wp-content\/uploads\/2025\/05\/Foto-Renata-Farias-SAUDE-GOVBAurgencia-pediatrica-pediatria-pediatras-590x410.jpeg",590,410,true]},"author_info":{"display_name":"noticiasbahia360.com.br","author_link":"https:\/\/noticiasbahia360.com.br\/?author=1"},"category_info":"<a href=\"https:\/\/noticiasbahia360.com.br\/?cat=8\" rel=\"category\">Bahia<\/a> <a href=\"https:\/\/noticiasbahia360.com.br\/?cat=9\" rel=\"category\">Brasil<\/a> <a href=\"https:\/\/noticiasbahia360.com.br\/?cat=6\" rel=\"category\">Feira de Santana<\/a> <a href=\"https:\/\/noticiasbahia360.com.br\/?cat=57\" rel=\"category\">Mundo<\/a> <a href=\"https:\/\/noticiasbahia360.com.br\/?cat=56\" rel=\"category\">Pol\u00edcia<\/a> <a href=\"https:\/\/noticiasbahia360.com.br\/?cat=10\" rel=\"category\">Pol\u00edtica<\/a>","tag_info":"Pol\u00edtica","comment_count":"0","_links":{"self":[{"href":"https:\/\/noticiasbahia360.com.br\/index.php?rest_route=\/wp\/v2\/posts\/87258","targetHints":{"allow":["GET"]}}],"collection":[{"href":"https:\/\/noticiasbahia360.com.br\/index.php?rest_route=\/wp\/v2\/posts"}],"about":[{"href":"https:\/\/noticiasbahia360.com.br\/index.php?rest_route=\/wp\/v2\/types\/post"}],"author":[{"embeddable":true,"href":"https:\/\/noticiasbahia360.com.br\/index.php?rest_route=\/wp\/v2\/users\/1"}],"replies":[{"embeddable":true,"href":"https:\/\/noticiasbahia360.com.br\/index.php?rest_route=%2Fwp%2Fv2%2Fcomments&post=87258"}],"version-history":[{"count":0,"href":"https:\/\/noticiasbahia360.com.br\/index.php?rest_route=\/wp\/v2\/posts\/87258\/revisions"}],"wp:featuredmedia":[{"embeddable":true,"href":"https:\/\/noticiasbahia360.com.br\/index.php?rest_route=\/wp\/v2\/media\/87259"}],"wp:attachment":[{"href":"https:\/\/noticiasbahia360.com.br\/index.php?rest_route=%2Fwp%2Fv2%2Fmedia&parent=87258"}],"wp:term":[{"taxonomy":"category","embeddable":true,"href":"https:\/\/noticiasbahia360.com.br\/index.php?rest_route=%2Fwp%2Fv2%2Fcategories&post=87258"},{"taxonomy":"post_tag","embeddable":true,"href":"https:\/\/noticiasbahia360.com.br\/index.php?rest_route=%2Fwp%2Fv2%2Ftags&post=87258"}],"curies":[{"name":"wp","href":"https:\/\/api.w.org\/{rel}","templated":true}]}}