{"id":87263,"date":"2025-05-23T20:21:11","date_gmt":"2025-05-23T23:21:11","guid":{"rendered":"https:\/\/noticiasbahia360.com.br\/?p=87263"},"modified":"2025-05-23T20:21:11","modified_gmt":"2025-05-23T23:21:11","slug":"reporter-da-tv-subae-denuncia-racismo-sofrido-nas-redes-sociais","status":"publish","type":"post","link":"https:\/\/noticiasbahia360.com.br\/?p=87263","title":{"rendered":"Rep\u00f3rter da TV Suba\u00e9 denuncia racismo sofrido nas redes sociais"},"content":{"rendered":"<div>\n<div>\n<figure><img decoding=\"async\" src=\"http:\/\/noticiasbahia360.com.br\/wp-content\/uploads\/2025\/05\/raphael-mascarenhas-reporter-da-tv-subae-foto-reproducao-redes-sociais.jpg\" alt=\"Rep\u00f3rter da TV Suba\u00e9\"><figcaption>Foto: Reprodu\u00e7\u00e3o \/ Redes Sociais <\/figcaption><\/figure>\n<\/div>\n<div class=\"wp-block-group\">\n<div class=\"wp-block-group__inner-container is-layout-constrained wp-block-group-is-layout-constrained\">\n<p>O rep\u00f3rter da TV Suba\u00e9, Raphael Mascarenhas, utilizou as redes sociais para denunciar um ato de racismo. Em um v\u00eddeo publicado no Instagram nesta sexta-feira (23), o profissional repercutiu coment\u00e1rios feitos por um perfil que utilizou emojis (figurinhas digitais) de macacos e escreveu um texto ofensivo.<\/p>\n<p>O rep\u00f3rter da afiliada da TV Globo em <a href=\"https:\/\/www.acordacidade.com.br\/tag\/feira-de-santana\/\">Feira de Santana <\/a>come\u00e7ou o v\u00eddeo explicando que, no primeiro momento, pensou em n\u00e3o repercutir o caso para n\u00e3o dar visibilidade ao perfil agressor, mas, entendendo a posi\u00e7\u00e3o que ocupa, decidiu fazer o v\u00eddeo como um alerta.<\/p>\n<p>\u201cTem muitas pessoas que, por conta da cor ou da identidade sexual, acabam n\u00e3o tentando algumas vagas de trabalho com medo de situa\u00e7\u00f5es como essa. <strong>N\u00e3o fa\u00e7am isso! N\u00e3o<\/strong> <strong>tenham medo de ser quem voc\u00eas s\u00e3o.<\/strong> Nunca deixem uma pessoa como essa os deixar para baixo, porque voc\u00eas estudaram bastante, voc\u00eas viveram experi\u00eancias que s\u00f3 voc\u00eas viveram. [N\u00e3o desistam]Por conta de pessoas imundas, racistas, preconceituosas e xenof\u00f3bicas\u201d, disse Raphael no v\u00eddeo.<\/p>\n<p>A produ\u00e7\u00e3o do Acorda Cidade entrou em contato com o rep\u00f3rter, que explicou ser um usu\u00e1rio ativo nas redes sociais h\u00e1 cerca de 6 anos. Mascarenhas j\u00e1 morou fora do Brasil por 4 anos e compartilhava com os seguidores a rotina do estrangeiro vivendo na Europa. Ele afirmou que j\u00e1 ocorreram outros dois epis\u00f3dios semelhantes na Irlanda e que conviveu com os estigmas de ser um brasileiro morando em Portugal.<\/p>\n<p>O rep\u00f3rter denunciou o perfil que fez os coment\u00e1rios racistas dentro da plataforma e registrou um Boletim de Ocorr\u00eancia (B.O.) sobre o caso. <strong>\u201cSe acontecer uma situa\u00e7\u00e3o como essa, tentem denunciar, procurem denunciar\u201d<\/strong>, disse.<\/p>\n<p>A Rede Bahia, grupo do qual a TV Suba\u00e9 faz parte, publicou nas redes sociais uma mensagem de solidariedade ao colaborador. No texto, a empresa reafirma que repudia qualquer forma de preconceito e que celebra a diversidade.<\/p>\n<figure class=\"wp-block-image size-large\"><img fetchpriority=\"high\" data-dominant-color=\"bec0c8\" data-has-transparency=\"false\" style=\"--dominant-color: #bec0c8;\" fetchpriority=\"high\" decoding=\"async\" width=\"1024\" height=\"1017\" sizes=\"(max-width: 1024px) 100vw, 1024px\" src=\"http:\/\/noticiasbahia360.com.br\/wp-content\/uploads\/2025\/05\/1KOmsaS8-raphael-mascarenhas-reporter-da-tv-subae-foto-reproducao-redes-sociais-00-1024x1017-1.webp\" alt=\"\" class=\"wp-image-557222 not-transparent\" srcset=\"https:\/\/uploads.acordacidade.com.br\/2025\/05\/1KOmsaS8-raphael-mascarenhas-reporter-da-tv-subae-foto-reproducao-redes-sociais-00-300x298.webp 300w, http:\/\/noticiasbahia360.com.br\/wp-content\/uploads\/2025\/05\/1KOmsaS8-raphael-mascarenhas-reporter-da-tv-subae-foto-reproducao-redes-sociais-00-1024x1017-1.webp 1024w, https:\/\/uploads.acordacidade.com.br\/2025\/05\/1KOmsaS8-raphael-mascarenhas-reporter-da-tv-subae-foto-reproducao-redes-sociais-00-768x763.webp 768w, https:\/\/uploads.acordacidade.com.br\/2025\/05\/1KOmsaS8-raphael-mascarenhas-reporter-da-tv-subae-foto-reproducao-redes-sociais-00-150x149.webp 150w, https:\/\/uploads.acordacidade.com.br\/2025\/05\/1KOmsaS8-raphael-mascarenhas-reporter-da-tv-subae-foto-reproducao-redes-sociais-00.webp 1200w\"><figcaption class=\"wp-element-caption\">Foto: Reprodu\u00e7\u00e3o \/ Redes Sociais <\/figcaption><\/figure>\n<div class=\"wp-block-group\">\n<div class=\"wp-block-group__inner-container is-layout-constrained wp-block-group-is-layout-constrained\">\n<h2 class=\"wp-block-heading\" id=\"h-racismo-nao\">\ud83d\udeabRacismo, N\u00e3o!<\/h2>\n<p>O Acorda Cidade reafirma que, segundo a Constitui\u00e7\u00e3o Federal do Brasil, <strong>o racismo \u00e9 um crime inafian\u00e7\u00e1vel e imprescrit\u00edvel e que a pr\u00e1tica est\u00e1 sujeita \u00e0 reclus\u00e3o. <\/strong><\/p>\n<p>Para denunciar um ato de racismo, acione a Pol\u00edcia Militar pelo 190 em caso de emerg\u00eancia. Caso o ato j\u00e1 tenha ocorrido, procure uma delegacia mais pr\u00f3xima para registrar um Boletim de Ocorr\u00eancia. <\/p>\n<\/div>\n<\/div>\n<\/div>\n<\/div>\n<p><em>Com informa\u00e7\u00f5es da jornalista Daniela Cardoso do Acorda Cidade<\/em><\/p>\n<p><em>Siga o Acorda Cidade no<\/em><a href=\"https:\/\/news.google.com\/search?q=acorda%20cidade&amp;hl=pt-BR&amp;gl=BR&amp;ceid=BR%3Apt-419\"><strong><em>\u00a0Google Not\u00edcias<\/em><\/strong><\/a><em>\u00a0e receba os principais destaques do dia. Participe tamb\u00e9m dos nossos canais no\u00a0<\/em><a href=\"https:\/\/www.whatsapp.com\/channel\/0029Va6Rb4v3WHTNnsh8WI3N\"><strong><em>WhatsApp<\/em><\/strong><\/a><em>\u00a0e\u00a0<\/em><a href=\"https:\/\/www.youtube.com\/@acordacidadenoticias\/videos\"><strong>Youtube<\/strong><\/a><em>\u00a0e grupo de\u00a0<\/em><a href=\"https:\/\/t.me\/+sSz0khrgARA0ZmRh\"><strong><em>Telegram<\/em><\/strong><\/a><em>.<\/em><\/p>\n<\/div>\n","protected":false},"excerpt":{"rendered":"<div>\n<div>\n<figure><img decoding=\"async\" src=\"https:\/\/uploads.acordacidade.com.br\/2025\/05\/raphael-mascarenhas-reporter-da-tv-subae-foto-reproducao-redes-sociais.jpg\" alt=\"Rep\u00f3rter da TV Suba\u00e9\"><figcaption>Foto: Reprodu\u00e7\u00e3o \/ Redes Sociais <\/figcaption><\/figure>\n<\/div>\n<p>Em um v\u00eddeo publicado no Instagram, o profissional repercutiu coment\u00e1rios feitos por um perfil que utilizou emojis de macacos.<\/p><\/div>\n","protected":false},"author":1,"featured_media":87264,"comment_status":"closed","ping_status":"closed","sticky":false,"template":"","format":"gallery","meta":{"footnotes":""},"categories":[8,9,6,57,56,10],"tags":[],"class_list":["post-87263","post","type-post","status-publish","format-gallery","has-post-thumbnail","hentry","category-bahia","category-brasil","category-feira-de-santana","category-mundo","category-policia","category-politica","post_format-post-format-gallery"],"featured_image_urls":{"full":["https:\/\/noticiasbahia360.com.br\/wp-content\/uploads\/2025\/05\/raphael-mascarenhas-reporter-da-tv-subae-foto-reproducao-redes-sociais.jpg",1200,900,false],"thumbnail":["https:\/\/noticiasbahia360.com.br\/wp-content\/uploads\/2025\/05\/raphael-mascarenhas-reporter-da-tv-subae-foto-reproducao-redes-sociais-150x150.jpg",150,150,true],"medium":["https:\/\/noticiasbahia360.com.br\/wp-content\/uploads\/2025\/05\/raphael-mascarenhas-reporter-da-tv-subae-foto-reproducao-redes-sociais-300x225.jpg",300,225,true],"medium_large":["https:\/\/noticiasbahia360.com.br\/wp-content\/uploads\/2025\/05\/raphael-mascarenhas-reporter-da-tv-subae-foto-reproducao-redes-sociais-768x576.jpg",640,480,true],"large":["https:\/\/noticiasbahia360.com.br\/wp-content\/uploads\/2025\/05\/raphael-mascarenhas-reporter-da-tv-subae-foto-reproducao-redes-sociais-1024x768.jpg",640,480,true],"1536x1536":["https:\/\/noticiasbahia360.com.br\/wp-content\/uploads\/2025\/05\/raphael-mascarenhas-reporter-da-tv-subae-foto-reproducao-redes-sociais.jpg",1200,900,false],"2048x2048":["https:\/\/noticiasbahia360.com.br\/wp-content\/uploads\/2025\/05\/raphael-mascarenhas-reporter-da-tv-subae-foto-reproducao-redes-sociais.jpg",1200,900,false],"chromenews-featured":["https:\/\/noticiasbahia360.com.br\/wp-content\/uploads\/2025\/05\/raphael-mascarenhas-reporter-da-tv-subae-foto-reproducao-redes-sociais-1024x768.jpg",1024,768,true],"chromenews-large":["https:\/\/noticiasbahia360.com.br\/wp-content\/uploads\/2025\/05\/raphael-mascarenhas-reporter-da-tv-subae-foto-reproducao-redes-sociais-825x575.jpg",825,575,true],"chromenews-medium":["https:\/\/noticiasbahia360.com.br\/wp-content\/uploads\/2025\/05\/raphael-mascarenhas-reporter-da-tv-subae-foto-reproducao-redes-sociais-590x410.jpg",590,410,true]},"author_info":{"display_name":"noticiasbahia360.com.br","author_link":"https:\/\/noticiasbahia360.com.br\/?author=1"},"category_info":"<a href=\"https:\/\/noticiasbahia360.com.br\/?cat=8\" rel=\"category\">Bahia<\/a> <a href=\"https:\/\/noticiasbahia360.com.br\/?cat=9\" rel=\"category\">Brasil<\/a> <a href=\"https:\/\/noticiasbahia360.com.br\/?cat=6\" rel=\"category\">Feira de Santana<\/a> <a href=\"https:\/\/noticiasbahia360.com.br\/?cat=57\" rel=\"category\">Mundo<\/a> <a href=\"https:\/\/noticiasbahia360.com.br\/?cat=56\" rel=\"category\">Pol\u00edcia<\/a> <a href=\"https:\/\/noticiasbahia360.com.br\/?cat=10\" rel=\"category\">Pol\u00edtica<\/a>","tag_info":"Pol\u00edtica","comment_count":"0","_links":{"self":[{"href":"https:\/\/noticiasbahia360.com.br\/index.php?rest_route=\/wp\/v2\/posts\/87263","targetHints":{"allow":["GET"]}}],"collection":[{"href":"https:\/\/noticiasbahia360.com.br\/index.php?rest_route=\/wp\/v2\/posts"}],"about":[{"href":"https:\/\/noticiasbahia360.com.br\/index.php?rest_route=\/wp\/v2\/types\/post"}],"author":[{"embeddable":true,"href":"https:\/\/noticiasbahia360.com.br\/index.php?rest_route=\/wp\/v2\/users\/1"}],"replies":[{"embeddable":true,"href":"https:\/\/noticiasbahia360.com.br\/index.php?rest_route=%2Fwp%2Fv2%2Fcomments&post=87263"}],"version-history":[{"count":0,"href":"https:\/\/noticiasbahia360.com.br\/index.php?rest_route=\/wp\/v2\/posts\/87263\/revisions"}],"wp:featuredmedia":[{"embeddable":true,"href":"https:\/\/noticiasbahia360.com.br\/index.php?rest_route=\/wp\/v2\/media\/87264"}],"wp:attachment":[{"href":"https:\/\/noticiasbahia360.com.br\/index.php?rest_route=%2Fwp%2Fv2%2Fmedia&parent=87263"}],"wp:term":[{"taxonomy":"category","embeddable":true,"href":"https:\/\/noticiasbahia360.com.br\/index.php?rest_route=%2Fwp%2Fv2%2Fcategories&post=87263"},{"taxonomy":"post_tag","embeddable":true,"href":"https:\/\/noticiasbahia360.com.br\/index.php?rest_route=%2Fwp%2Fv2%2Ftags&post=87263"}],"curies":[{"name":"wp","href":"https:\/\/api.w.org\/{rel}","templated":true}]}}