{"id":87266,"date":"2025-05-23T20:40:46","date_gmt":"2025-05-23T23:40:46","guid":{"rendered":"https:\/\/noticiasbahia360.com.br\/?p=87266"},"modified":"2025-05-23T20:40:46","modified_gmt":"2025-05-23T23:40:46","slug":"mpba-realiza-operacao-em-feira-de-santana-para-desarticular-comercio-ilegal-de-armas-e-municoes","status":"publish","type":"post","link":"https:\/\/noticiasbahia360.com.br\/?p=87266","title":{"rendered":"MPBA realiza opera\u00e7\u00e3o em Feira de Santana para desarticular com\u00e9rcio ilegal de armas e muni\u00e7\u00f5es"},"content":{"rendered":"<div>\n<div>\n<figure><img decoding=\"async\" src=\"http:\/\/noticiasbahia360.com.br\/wp-content\/uploads\/2025\/05\/operacao-desarme-foto-reproducao.png\" alt=\"MPBA\"><figcaption>Foto: Divulga\u00e7\u00e3o <\/figcaption><\/figure>\n<\/div>\n<p>Opera\u00e7\u00e3o deflagrada pelo Minist\u00e9rio P\u00fablico do Estado da Bahia, por meio do Grupo de Atua\u00e7\u00e3o Especial de Combate \u00e0s Organiza\u00e7\u00f5es Criminosas e Investiga\u00e7\u00f5es Criminais (Gaeco), desarticulou hoje, dia 23, uma rede estruturada de com\u00e9rcio ilegal de armas de fogo e muni\u00e7\u00f5es com atua\u00e7\u00e3o em munic\u00edpios do interior baiano. A \u201cOpera\u00e7\u00e3o Desarme\u201d contou com o apoio do Comando de Policiamento Regional Leste (CPRL) da Pol\u00edcia Militar, por meio da Companhia Independente de Policiamento T\u00e1tico Leste (Rondesp Leste).\u00a0<\/p>\n<p>A opera\u00e7\u00e3o foi realizada nos munic\u00edpios de\u00a0 Feira de Santana, Itaberaba, Am\u00e9lia Rodrigues e Cora\u00e7\u00e3o de Maria e decorre do aprofundamento das investiga\u00e7\u00f5es iniciadas a partir de elementos colhidos na \u2018Opera\u00e7\u00e3o Ef\u00fagio\u2019, deflagrada em abril de 2023. Ela revelou um esquema reiterado e profissionalizado de venda de armamentos, inclusive com uso de linguagem cifrada e intermedia\u00e7\u00e3o de terceiros.<\/p>\n<p>As investiga\u00e7\u00f5es apontam a exist\u00eancia de intensa atividade de comercializa\u00e7\u00e3o clandestina de material b\u00e9lico, com ind\u00edcios de atua\u00e7\u00e3o desde, pelo menos, o ano de 2023. O Minist\u00e9rio P\u00fablico denunciou um dos investigados pelo crime de com\u00e9rcio ilegal de arma de fogo, que foi preso preventivamente por conta da gravidade dos fatos e do risco concreto de reitera\u00e7\u00e3o criminosa.<\/p>\n<p>A decis\u00e3o, da 3\u00aa Vara Criminal da Comarca de Feira de Santana, al\u00e9m de receber a den\u00fancia apresentada pelo Gaeco, tamb\u00e9m autorizou o cumprimento de quatro mandados de busca e apreens\u00e3o nos munic\u00edpios contra o denunciado e outros tr\u00eas alvos que teriam participado de transa\u00e7\u00f5es ilegais de armamento.\u00a0<\/p>\n<p>A \u201cOpera\u00e7\u00e3o Desarme\u201d refor\u00e7a o compromisso institucional do Minist\u00e9rio P\u00fablico do Estado da Bahia com a defesa da ordem p\u00fablica e o enfrentamento qualificado \u00e0 criminalidade organizada, especialmente no combate ao tr\u00e1fico de armas, que representa grave amea\u00e7a \u00e0 seguran\u00e7a da sociedade.<\/p>\n<p>Opera\u00e7\u00e3o deflagrada pelo Minist\u00e9rio P\u00fablico do Estado da Bahia, por meio do Grupo de Atua\u00e7\u00e3o Especial de Combate \u00e0s Organiza\u00e7\u00f5es Criminosas e Investiga\u00e7\u00f5es Criminais (Gaeco), desarticulou hoje, dia 23, uma rede estruturada de com\u00e9rcio ilegal de armas de fogo e muni\u00e7\u00f5es com atua\u00e7\u00e3o em munic\u00edpios do interior baiano. A \u201cOpera\u00e7\u00e3o Desarme\u201d contou com o apoio do Comando de Policiamento Regional Leste (CPRL) da Pol\u00edcia Militar, por meio da Companhia Independente de Policiamento T\u00e1tico Leste (Rondesp Leste).\u00a0<\/p>\n<p>A opera\u00e7\u00e3o foi realizada nos munic\u00edpios de\u00a0 Feira de Santana, Itaberaba, Am\u00e9lia Rodrigues e Cora\u00e7\u00e3o de Maria e decorre do aprofundamento das investiga\u00e7\u00f5es iniciadas a partir de elementos colhidos na \u2018Opera\u00e7\u00e3o Ef\u00fagio\u2019, deflagrada em abril de 2023. Ela revelou um esquema reiterado e profissionalizado de venda de armamentos, inclusive com uso de linguagem cifrada e intermedia\u00e7\u00e3o de terceiros.<\/p>\n<p>As investiga\u00e7\u00f5es apontam a exist\u00eancia de intensa atividade de comercializa\u00e7\u00e3o clandestina de material b\u00e9lico, com ind\u00edcios de atua\u00e7\u00e3o desde, pelo menos, o ano de 2023. O Minist\u00e9rio P\u00fablico denunciou um dos investigados pelo crime de com\u00e9rcio ilegal de arma de fogo, que foi preso preventivamente por conta da gravidade dos fatos e do risco concreto de reitera\u00e7\u00e3o criminosa.<\/p>\n<p>A decis\u00e3o, da 3\u00aa Vara Criminal da Comarca de Feira de Santana, al\u00e9m de receber a den\u00fancia apresentada pelo Gaeco, tamb\u00e9m autorizou o cumprimento de quatro mandados de busca e apreens\u00e3o nos munic\u00edpios contra o denunciado e outros tr\u00eas alvos que teriam participado de transa\u00e7\u00f5es ilegais de armamento.\u00a0<\/p>\n<p>A \u201cOpera\u00e7\u00e3o Desarme\u201d refor\u00e7a o compromisso institucional do Minist\u00e9rio P\u00fablico do Estado da Bahia com a defesa da ordem p\u00fablica e o enfrentamento qualificado \u00e0 criminalidade organizada, especialmente no combate ao tr\u00e1fico de armas, que representa grave amea\u00e7a \u00e0 seguran\u00e7a da sociedade.<\/p>\n<p><em>Siga o Acorda Cidade no<\/em><a href=\"https:\/\/news.google.com\/search?q=acorda%20cidade&amp;hl=pt-BR&amp;gl=BR&amp;ceid=BR%3Apt-419\"><strong><em>\u00a0Google Not\u00edcias<\/em><\/strong><\/a><em>\u00a0e receba os principais destaques do dia. Participe tamb\u00e9m dos nossos canais no\u00a0<\/em><a href=\"https:\/\/www.whatsapp.com\/channel\/0029Va6Rb4v3WHTNnsh8WI3N\"><strong><em>WhatsApp<\/em><\/strong><\/a><em>\u00a0e\u00a0<\/em><a href=\"https:\/\/www.youtube.com\/@acordacidadenoticias\/videos\"><strong>Youtube<\/strong><\/a><em>\u00a0e grupo de\u00a0<\/em><a href=\"https:\/\/t.me\/+sSz0khrgARA0ZmRh\"><strong><em>Telegram<\/em><\/strong><\/a><\/p>\n<\/div>\n","protected":false},"excerpt":{"rendered":"<div>\n<div>\n<figure><img decoding=\"async\" src=\"https:\/\/uploads.acordacidade.com.br\/2025\/05\/operacao-desarme-foto-reproducao.png\" alt=\"MPBA\"><figcaption>Foto: Divulga\u00e7\u00e3o <\/figcaption><\/figure>\n<\/div>\n<p>A \u201cOpera\u00e7\u00e3o Desarme\u201d tamb\u00e9m foi realizada nos munic\u00edpios de Itaberaba, Am\u00e9lia Rodrigues e Cora\u00e7\u00e3o de Maria.<\/p><\/div>\n","protected":false},"author":1,"featured_media":87267,"comment_status":"closed","ping_status":"closed","sticky":false,"template":"","format":"gallery","meta":{"footnotes":""},"categories":[8,9,6,57,56,10],"tags":[],"class_list":["post-87266","post","type-post","status-publish","format-gallery","has-post-thumbnail","hentry","category-bahia","category-brasil","category-feira-de-santana","category-mundo","category-policia","category-politica","post_format-post-format-gallery"],"featured_image_urls":{"full":["https:\/\/noticiasbahia360.com.br\/wp-content\/uploads\/2025\/05\/operacao-desarme-foto-reproducao.png",1200,900,false],"thumbnail":["https:\/\/noticiasbahia360.com.br\/wp-content\/uploads\/2025\/05\/operacao-desarme-foto-reproducao-150x150.png",150,150,true],"medium":["https:\/\/noticiasbahia360.com.br\/wp-content\/uploads\/2025\/05\/operacao-desarme-foto-reproducao-300x225.png",300,225,true],"medium_large":["https:\/\/noticiasbahia360.com.br\/wp-content\/uploads\/2025\/05\/operacao-desarme-foto-reproducao-768x576.png",640,480,true],"large":["https:\/\/noticiasbahia360.com.br\/wp-content\/uploads\/2025\/05\/operacao-desarme-foto-reproducao-1024x768.png",640,480,true],"1536x1536":["https:\/\/noticiasbahia360.com.br\/wp-content\/uploads\/2025\/05\/operacao-desarme-foto-reproducao.png",1200,900,false],"2048x2048":["https:\/\/noticiasbahia360.com.br\/wp-content\/uploads\/2025\/05\/operacao-desarme-foto-reproducao.png",1200,900,false],"chromenews-featured":["https:\/\/noticiasbahia360.com.br\/wp-content\/uploads\/2025\/05\/operacao-desarme-foto-reproducao-1024x768.png",1024,768,true],"chromenews-large":["https:\/\/noticiasbahia360.com.br\/wp-content\/uploads\/2025\/05\/operacao-desarme-foto-reproducao-825x575.png",825,575,true],"chromenews-medium":["https:\/\/noticiasbahia360.com.br\/wp-content\/uploads\/2025\/05\/operacao-desarme-foto-reproducao-590x410.png",590,410,true]},"author_info":{"display_name":"noticiasbahia360.com.br","author_link":"https:\/\/noticiasbahia360.com.br\/?author=1"},"category_info":"<a href=\"https:\/\/noticiasbahia360.com.br\/?cat=8\" rel=\"category\">Bahia<\/a> <a href=\"https:\/\/noticiasbahia360.com.br\/?cat=9\" rel=\"category\">Brasil<\/a> <a href=\"https:\/\/noticiasbahia360.com.br\/?cat=6\" rel=\"category\">Feira de Santana<\/a> <a href=\"https:\/\/noticiasbahia360.com.br\/?cat=57\" rel=\"category\">Mundo<\/a> <a href=\"https:\/\/noticiasbahia360.com.br\/?cat=56\" rel=\"category\">Pol\u00edcia<\/a> <a href=\"https:\/\/noticiasbahia360.com.br\/?cat=10\" rel=\"category\">Pol\u00edtica<\/a>","tag_info":"Pol\u00edtica","comment_count":"0","_links":{"self":[{"href":"https:\/\/noticiasbahia360.com.br\/index.php?rest_route=\/wp\/v2\/posts\/87266","targetHints":{"allow":["GET"]}}],"collection":[{"href":"https:\/\/noticiasbahia360.com.br\/index.php?rest_route=\/wp\/v2\/posts"}],"about":[{"href":"https:\/\/noticiasbahia360.com.br\/index.php?rest_route=\/wp\/v2\/types\/post"}],"author":[{"embeddable":true,"href":"https:\/\/noticiasbahia360.com.br\/index.php?rest_route=\/wp\/v2\/users\/1"}],"replies":[{"embeddable":true,"href":"https:\/\/noticiasbahia360.com.br\/index.php?rest_route=%2Fwp%2Fv2%2Fcomments&post=87266"}],"version-history":[{"count":0,"href":"https:\/\/noticiasbahia360.com.br\/index.php?rest_route=\/wp\/v2\/posts\/87266\/revisions"}],"wp:featuredmedia":[{"embeddable":true,"href":"https:\/\/noticiasbahia360.com.br\/index.php?rest_route=\/wp\/v2\/media\/87267"}],"wp:attachment":[{"href":"https:\/\/noticiasbahia360.com.br\/index.php?rest_route=%2Fwp%2Fv2%2Fmedia&parent=87266"}],"wp:term":[{"taxonomy":"category","embeddable":true,"href":"https:\/\/noticiasbahia360.com.br\/index.php?rest_route=%2Fwp%2Fv2%2Fcategories&post=87266"},{"taxonomy":"post_tag","embeddable":true,"href":"https:\/\/noticiasbahia360.com.br\/index.php?rest_route=%2Fwp%2Fv2%2Ftags&post=87266"}],"curies":[{"name":"wp","href":"https:\/\/api.w.org\/{rel}","templated":true}]}}