{"id":87268,"date":"2025-05-23T22:35:02","date_gmt":"2025-05-24T01:35:02","guid":{"rendered":"https:\/\/noticiasbahia360.com.br\/?p=87268"},"modified":"2025-05-23T22:35:02","modified_gmt":"2025-05-24T01:35:02","slug":"centro-de-convencoes-de-feira-de-santana-recebe-festival-de-sanfoneiros-da-uefs-com-recorde-de-publico","status":"publish","type":"post","link":"https:\/\/noticiasbahia360.com.br\/?p=87268","title":{"rendered":"Centro de Conven\u00e7\u00f5es de Feira de Santana recebe Festival de Sanfoneiros da Uefs com recorde de p\u00fablico"},"content":{"rendered":"<div>\n<div>\n<figure><img decoding=\"async\" src=\"http:\/\/noticiasbahia360.com.br\/wp-content\/uploads\/2025\/05\/festival-sanfoneiros-da-uefs-foto-kaio-vinicios-acorda-cidade-16.jpeg\" alt=\"\"><figcaption>Foto: Kaio Vin\u00edcius\/ Acorda Cidade <\/figcaption><\/figure>\n<\/div>\n<div class=\"wp-block-group\">\n<div class=\"wp-block-group__inner-container is-layout-constrained wp-block-group-is-layout-constrained\">\n<p>Pela primeira vez o Centro de Conven\u00e7\u00f5es de Feira de Santana foi palco do Festival de Sanfoneiros da Universidade Estadual de Feira de Santana (<a href=\"https:\/\/www.acordacidade.com.br\/tag\/uefs\/\">Uefs<\/a>). O evento, que est\u00e1 na 14\u00aa edi\u00e7\u00e3o, foi realizado na noite desta sexta-feira (23) e reuniu um grande p\u00fablico, superando as expectativas dos organizadores.<\/p>\n<figure class=\"wp-block-image size-large\"><img fetchpriority=\"high\" data-dominant-color=\"22299a\" data-has-transparency=\"false\" style=\"--dominant-color: #22299a;\" fetchpriority=\"high\" decoding=\"async\" width=\"1024\" height=\"576\" sizes=\"(max-width: 1024px) 100vw, 1024px\" src=\"http:\/\/noticiasbahia360.com.br\/wp-content\/uploads\/2025\/05\/lPWka6dm-festival-sanfoneiros-da-uefs-foto-kaio-vinicios-acorda-cidade-29-1024x576-1.webp\" alt=\"\" class=\"wp-image-557242 not-transparent\" srcset=\"https:\/\/uploads.acordacidade.com.br\/2025\/05\/lPWka6dm-festival-sanfoneiros-da-uefs-foto-kaio-vinicios-acorda-cidade-29-300x169.webp 300w, http:\/\/noticiasbahia360.com.br\/wp-content\/uploads\/2025\/05\/lPWka6dm-festival-sanfoneiros-da-uefs-foto-kaio-vinicios-acorda-cidade-29-1024x576-1.webp 1024w, https:\/\/uploads.acordacidade.com.br\/2025\/05\/lPWka6dm-festival-sanfoneiros-da-uefs-foto-kaio-vinicios-acorda-cidade-29-768x432.webp 768w, https:\/\/uploads.acordacidade.com.br\/2025\/05\/lPWka6dm-festival-sanfoneiros-da-uefs-foto-kaio-vinicios-acorda-cidade-29-1536x864.webp 1536w, https:\/\/uploads.acordacidade.com.br\/2025\/05\/lPWka6dm-festival-sanfoneiros-da-uefs-foto-kaio-vinicios-acorda-cidade-29-150x84.webp 150w, https:\/\/uploads.acordacidade.com.br\/2025\/05\/lPWka6dm-festival-sanfoneiros-da-uefs-foto-kaio-vinicios-acorda-cidade-29.webp 1600w\"><figcaption class=\"wp-element-caption\">Foto: Kaio Vin\u00edcius\/ Acorda Cidade <\/figcaption><\/figure>\n<p>O Festival \u00e9 um evento tradicional no calend\u00e1rio do Centro Universit\u00e1rio de Cultura e Arte (Cuca) e funciona a partir de um edital que permite que sanfoneiros de todo o Brasil se inscrevam. Uma comiss\u00e3o julgadora analisa os v\u00eddeos dos inscritos e define os nove candidatos selecionados para as quatro categorias do festival: regional de at\u00e9 oito baixos, regional acima de oito baixos, nacional e infanto-juvenil. Todos os selecionados receberam um pr\u00eamio de R$ 5.500,00.<\/p>\n<\/div>\n<\/div>\n<div class=\"wp-block-group\">\n<div class=\"wp-block-group__inner-container is-layout-constrained wp-block-group-is-layout-constrained\">\n<h2 class=\"wp-block-heading\" id=\"h-confira-os-selecionados-desta-edicao\">Confira os selecionados desta edi\u00e7\u00e3o <\/h2>\n<div style=\"--tabs-padding-item-x-desktop:8px;--tabs-padding-item-x-mobile:4px;--tabs-padding-item-y-desktop:8px;--tabs-padding-item-y-mobile:4px;--tabs-margin-bottom-desktop:32px;--tabs-margin-bottom-mobile:16px;--tabs-gap-desktop:16px;--tabs-gap-mobile:8px\" class=\"wp-block-publisher-tabs\" data-active-tab=\"0\" data-custom-color=\"false\" data-custom-bg=\"false\">\n<div class=\"wp-block-publisher-tabs__nav-links-scroller\">\n<ul class=\"wp-block-publisher-tabs__nav-links\"><\/ul>\n<\/div>\n<div class=\"wp-block-publisher-tabs__nav-link\"><span class=\"wp-block-publisher-tabs__title-wrapper \"><a href=\"https:\/\/www.acordacidade.com.br\/feira-de-santana\/centro-de-convencoes-de-feira-de-santana-recebe-festival-de-sanfoneiros-da-uefs-com-recorde-de-publico\/#\" class=\"wp-element-button\"><span class=\"wp-block-publisher-tabs__title has-small-font-size\"><strong>Categoria Nacional<\/strong><\/span><\/a><\/span><\/div>\n<div class=\"wp-block-publisher-tabs__tab-content-wrapper\">\n<div class=\"wp-block-publisher-tabs__tab-content\">\n<ul class=\"wp-block-list\">\n<li>Rom\u00e1rio do Acordeon \u2013 Santa Rita (PB)<\/li>\n<li>Andrezinho \u2013 S\u00e3o Lu\u00eds (MA)<\/li>\n<li>Jean Panisson \u2013 Dois Vizinhos (PR)<\/li>\n<li>Andr\u00e9 Leal \u2013 Caruaru (PE)<\/li>\n<\/ul>\n<\/div>\n<\/div>\n<div class=\"wp-block-publisher-tabs__nav-link\"><span class=\"wp-block-publisher-tabs__title-wrapper \"><a href=\"https:\/\/www.acordacidade.com.br\/feira-de-santana\/centro-de-convencoes-de-feira-de-santana-recebe-festival-de-sanfoneiros-da-uefs-com-recorde-de-publico\/#\" class=\"wp-element-button\"><span class=\"wp-block-publisher-tabs__title has-small-font-size\"><strong>Regional \u2013 At\u00e9 8 baixos<\/strong><\/span><\/a><\/span><\/div>\n<div class=\"wp-block-publisher-tabs__tab-content-wrapper\">\n<div class=\"wp-block-publisher-tabs__tab-content\">\n<ul class=\"wp-block-list\">\n<li>Luan dos 8 Baixos \u2013 S\u00e3o Bernardo do Campo (SP)<\/li>\n<li>Ivison \u2013 Caruaru (PE)<\/li>\n<\/ul>\n<\/div>\n<\/div>\n<div class=\"wp-block-publisher-tabs__nav-link\"><span class=\"wp-block-publisher-tabs__title-wrapper \"><a href=\"https:\/\/www.acordacidade.com.br\/feira-de-santana\/centro-de-convencoes-de-feira-de-santana-recebe-festival-de-sanfoneiros-da-uefs-com-recorde-de-publico\/#\" class=\"wp-element-button\"><span class=\"wp-block-publisher-tabs__title has-small-font-size\"><strong>Regional \u2013 Acima de 8 baixos<\/strong><\/span><\/a><\/span><\/div>\n<div class=\"wp-block-publisher-tabs__tab-content-wrapper\">\n<div class=\"wp-block-publisher-tabs__tab-content\">\n<ul class=\"wp-block-list\">\n<li>Felipe Sanfoneiro \u2013 Antonina do Norte (CE)<\/li>\n<li>Angelo Gabriel \u2013 Jaboat\u00e3o (PE)<\/li>\n<\/ul>\n<\/div>\n<\/div>\n<div class=\"wp-block-publisher-tabs__nav-link\"><span class=\"wp-block-publisher-tabs__title-wrapper \"><a href=\"https:\/\/www.acordacidade.com.br\/feira-de-santana\/centro-de-convencoes-de-feira-de-santana-recebe-festival-de-sanfoneiros-da-uefs-com-recorde-de-publico\/#\" class=\"wp-element-button\"><span class=\"wp-block-publisher-tabs__title has-small-font-size\"><strong>Infantojuvenil<\/strong><\/span><\/a><\/span><\/div>\n<div class=\"wp-block-publisher-tabs__tab-content-wrapper\">\n<div class=\"wp-block-publisher-tabs__tab-content\">\n<ul class=\"wp-block-list\">\n<li>Arthur \u2013 Caruaru (PE)<\/li>\n<\/ul>\n<\/div>\n<\/div>\n<\/div>\n<\/div>\n<\/div>\n<div class=\"wp-block-group\">\n<div class=\"wp-block-group__inner-container is-layout-constrained wp-block-group-is-layout-constrained\">\n<h2 class=\"wp-block-heading\" id=\"h-uma-grande-ideia\">Uma grande ideia<\/h2>\n<p>Ao Acorda Cidade, Amali Mussi, reitora da Uefs contou que ficou surpresa com a quantidade de pessoas que comparecem ao Centro de Conven\u00e7\u00f5es.<\/p>\n<figure class=\"wp-block-image size-large\"><img data-dominant-color=\"9c877a\" data-has-transparency=\"false\" style=\"--dominant-color: #9c877a;\" decoding=\"async\" width=\"1024\" height=\"576\" sizes=\"(max-width: 1024px) 100vw, 1024px\" src=\"http:\/\/noticiasbahia360.com.br\/wp-content\/uploads\/2025\/05\/4XTDCyBr-festival-sanfoneiros-da-uefs-foto-kaio-vinicios-acorda-cidade-20-1024x576-1.webp\" alt=\"\" class=\"wp-image-557251 not-transparent\" srcset=\"https:\/\/uploads.acordacidade.com.br\/2025\/05\/4XTDCyBr-festival-sanfoneiros-da-uefs-foto-kaio-vinicios-acorda-cidade-20-300x169.webp 300w, http:\/\/noticiasbahia360.com.br\/wp-content\/uploads\/2025\/05\/4XTDCyBr-festival-sanfoneiros-da-uefs-foto-kaio-vinicios-acorda-cidade-20-1024x576-1.webp 1024w, https:\/\/uploads.acordacidade.com.br\/2025\/05\/4XTDCyBr-festival-sanfoneiros-da-uefs-foto-kaio-vinicios-acorda-cidade-20-768x432.webp 768w, https:\/\/uploads.acordacidade.com.br\/2025\/05\/4XTDCyBr-festival-sanfoneiros-da-uefs-foto-kaio-vinicios-acorda-cidade-20-1536x864.webp 1536w, https:\/\/uploads.acordacidade.com.br\/2025\/05\/4XTDCyBr-festival-sanfoneiros-da-uefs-foto-kaio-vinicios-acorda-cidade-20-150x84.webp 150w, https:\/\/uploads.acordacidade.com.br\/2025\/05\/4XTDCyBr-festival-sanfoneiros-da-uefs-foto-kaio-vinicios-acorda-cidade-20.webp 1599w\"><figcaption class=\"wp-element-caption\">Amali Mussi, reitora da Uefs | Foto: Kaio Vin\u00edcius\/ Acorda Cidade <\/figcaption><\/figure>\n<p>\u201cQuando finalizamos o 13\u00ba Festival, n\u00f3s j\u00e1 come\u00e7amos a planejar o 14\u00ba. Sempre tem uma inova\u00e7\u00e3o e neste ano a organiza\u00e7\u00e3o do Festival tem uma inova\u00e7\u00e3o, que \u00e9 na forma como est\u00e1 proposta a apresenta\u00e7\u00e3o dos sanfoneiros, e tamb\u00e9m n\u00f3s inclu\u00edmos o show no final. Al\u00e9m disso, outro fator que potencializou ainda mais o Festival dos Sanfoneiros foi a realiza\u00e7\u00e3o aqui no Centro de Conven\u00e7\u00f5es. Pode perceber, ele est\u00e1 lotado, lindo, foi uma aposta muito boa\u201d, disse Amali Mussi, reitora da Uefs.<\/p>\n<figure class=\"wp-block-image size-large\"><img data-dominant-color=\"5b5e6b\" data-has-transparency=\"false\" style=\"--dominant-color: #5b5e6b;\" decoding=\"async\" width=\"1024\" height=\"576\" sizes=\"(max-width: 1024px) 100vw, 1024px\" src=\"http:\/\/noticiasbahia360.com.br\/wp-content\/uploads\/2025\/05\/ityxq7Zh-festival-sanfoneiros-da-uefs-foto-kaio-vinicios-acorda-cidade-19-1024x576-1.webp\" alt=\"\" class=\"wp-image-557252 not-transparent\" srcset=\"https:\/\/uploads.acordacidade.com.br\/2025\/05\/ityxq7Zh-festival-sanfoneiros-da-uefs-foto-kaio-vinicios-acorda-cidade-19-300x169.webp 300w, http:\/\/noticiasbahia360.com.br\/wp-content\/uploads\/2025\/05\/ityxq7Zh-festival-sanfoneiros-da-uefs-foto-kaio-vinicios-acorda-cidade-19-1024x576-1.webp 1024w, https:\/\/uploads.acordacidade.com.br\/2025\/05\/ityxq7Zh-festival-sanfoneiros-da-uefs-foto-kaio-vinicios-acorda-cidade-19-768x432.webp 768w, https:\/\/uploads.acordacidade.com.br\/2025\/05\/ityxq7Zh-festival-sanfoneiros-da-uefs-foto-kaio-vinicios-acorda-cidade-19-1536x864.webp 1536w, https:\/\/uploads.acordacidade.com.br\/2025\/05\/ityxq7Zh-festival-sanfoneiros-da-uefs-foto-kaio-vinicios-acorda-cidade-19-150x84.webp 150w, https:\/\/uploads.acordacidade.com.br\/2025\/05\/ityxq7Zh-festival-sanfoneiros-da-uefs-foto-kaio-vinicios-acorda-cidade-19.webp 1599w\"><figcaption class=\"wp-element-caption\">Professora Ta\u00eds Dantas, coordenadora do evento | Foto: Kaio Vin\u00edcius\/ Acorda Cidade <\/figcaption><\/figure>\n<p>\u201cInicialmente a gente ia realizar no Cuca e recebemos a parceria de diversas secretarias do Estado. O p\u00fablico superou nossas expectativas. A gente preparou dois espa\u00e7os: tem um espa\u00e7o interno do teatro, um espa\u00e7o externo, um espa\u00e7o de conviv\u00eancia. O festival conta com transmiss\u00e3o ao vivo, mas superou nossas expectativas, porque todos os dois espa\u00e7os est\u00e3o lotados\u201d, disse a professora Ta\u00eds Dantas, coordenadora do evento.<\/p>\n<\/div>\n<\/div>\n<h2 class=\"wp-block-heading\" id=\"h-a-bahia-de-bracos-abertos\">A Bahia de bra\u00e7os abertos<\/h2>\n<p>A edi\u00e7\u00e3o deste ano prop\u00f4s um di\u00e1logo da sanfona com outros instrumentos musicais, explorando possibilidades variadas de instrumenta\u00e7\u00e3o. O evento contou com mais de 50 sanfoneiros da Bahia e de outros estados.<\/p>\n<div class=\"wp-block-group\">\n<div class=\"wp-block-group__inner-container is-layout-constrained wp-block-group-is-layout-constrained\">\n<h2 class=\"wp-block-heading\" id=\"h-uma-familia-de-caruaru\">Uma fam\u00edlia de Caruaru<\/h2>\n<p>Como o sanfoneiro Ivson Santos, que veio pela quarta vez ao festival direto de Caruaru, no estado de Pernambuco. Ao Acorda Cidade ele confessou que, apesar da experi\u00eancia, este ano o evento tem uma emo\u00e7\u00e3o a mais.<\/p>\n<figure class=\"wp-block-image size-large\"><img data-dominant-color=\"81695c\" data-has-transparency=\"false\" style=\"--dominant-color: #81695c;\" decoding=\"async\" width=\"1024\" height=\"576\" sizes=\"(max-width: 1024px) 100vw, 1024px\" src=\"http:\/\/noticiasbahia360.com.br\/wp-content\/uploads\/2025\/05\/mPJGLWt7-festival-sanfoneiros-da-uefs-foto-kaio-vinicios-acorda-cidade-18-1024x576-1.webp\" alt=\"\" class=\"wp-image-557253 not-transparent\" srcset=\"https:\/\/uploads.acordacidade.com.br\/2025\/05\/mPJGLWt7-festival-sanfoneiros-da-uefs-foto-kaio-vinicios-acorda-cidade-18-300x169.webp 300w, http:\/\/noticiasbahia360.com.br\/wp-content\/uploads\/2025\/05\/mPJGLWt7-festival-sanfoneiros-da-uefs-foto-kaio-vinicios-acorda-cidade-18-1024x576-1.webp 1024w, https:\/\/uploads.acordacidade.com.br\/2025\/05\/mPJGLWt7-festival-sanfoneiros-da-uefs-foto-kaio-vinicios-acorda-cidade-18-768x432.webp 768w, https:\/\/uploads.acordacidade.com.br\/2025\/05\/mPJGLWt7-festival-sanfoneiros-da-uefs-foto-kaio-vinicios-acorda-cidade-18-1536x864.webp 1536w, https:\/\/uploads.acordacidade.com.br\/2025\/05\/mPJGLWt7-festival-sanfoneiros-da-uefs-foto-kaio-vinicios-acorda-cidade-18-150x84.webp 150w, https:\/\/uploads.acordacidade.com.br\/2025\/05\/mPJGLWt7-festival-sanfoneiros-da-uefs-foto-kaio-vinicios-acorda-cidade-18.webp 1600w\"><figcaption class=\"wp-element-caption\">Ivson Santos e Arthur | Foto: Kaio Vin\u00edcius\/ Acorda Cidade <\/figcaption><\/figure>\n<p>\u201cTocar aqui nesse festival \u00e9 sempre muito legal para mim. E este ano, tocar junto com o Arthur, meu sobrinho, primeiro ano dele. Espero que muitos outros ele v\u00e1 estar junto com a gente a\u00ed. \u00c9 um dos anos mais especiais para mim\u201d, disse o sanfoneiro.<\/p>\n<figure class=\"wp-block-image size-large\"><img loading=\"lazy\" data-dominant-color=\"5e5652\" data-has-transparency=\"false\" style=\"--dominant-color: #5e5652;\" decoding=\"async\" width=\"1024\" height=\"576\" sizes=\"(max-width: 1024px) 100vw, 1024px\" src=\"http:\/\/noticiasbahia360.com.br\/wp-content\/uploads\/2025\/05\/64UA4vU3-festival-sanfoneiros-da-uefs-foto-kaio-vinicios-acorda-cidade-31-1024x576-1.webp\" alt=\"\" class=\"wp-image-557240 not-transparent\" srcset=\"https:\/\/uploads.acordacidade.com.br\/2025\/05\/64UA4vU3-festival-sanfoneiros-da-uefs-foto-kaio-vinicios-acorda-cidade-31-300x169.webp 300w, http:\/\/noticiasbahia360.com.br\/wp-content\/uploads\/2025\/05\/64UA4vU3-festival-sanfoneiros-da-uefs-foto-kaio-vinicios-acorda-cidade-31-1024x576-1.webp 1024w, https:\/\/uploads.acordacidade.com.br\/2025\/05\/64UA4vU3-festival-sanfoneiros-da-uefs-foto-kaio-vinicios-acorda-cidade-31-768x432.webp 768w, https:\/\/uploads.acordacidade.com.br\/2025\/05\/64UA4vU3-festival-sanfoneiros-da-uefs-foto-kaio-vinicios-acorda-cidade-31-1536x864.webp 1536w, https:\/\/uploads.acordacidade.com.br\/2025\/05\/64UA4vU3-festival-sanfoneiros-da-uefs-foto-kaio-vinicios-acorda-cidade-31-150x84.webp 150w, https:\/\/uploads.acordacidade.com.br\/2025\/05\/64UA4vU3-festival-sanfoneiros-da-uefs-foto-kaio-vinicios-acorda-cidade-31.webp 1600w\"><figcaption class=\"wp-element-caption\">Foto: Kaio Vin\u00edcius\/ Acorda Cidade <\/figcaption><\/figure>\n<p>Arthur tem sete anos e, pela primeira vez, vai tocar no Festival de Sanfoneiros da Uefs na categoria Infanto-Juvenil. Apesar da dist\u00e2ncia entre os estados, a viagem nem foi cansativa para quem est\u00e1 determinado a ser m\u00fasico desde muito pequeno.<\/p>\n<figure class=\"wp-block-image size-large\"><img loading=\"lazy\" data-dominant-color=\"5e5652\" data-has-transparency=\"false\" style=\"--dominant-color: #5e5652;\" decoding=\"async\" width=\"1024\" height=\"576\" sizes=\"(max-width: 1024px) 100vw, 1024px\" src=\"http:\/\/noticiasbahia360.com.br\/wp-content\/uploads\/2025\/05\/64UA4vU3-festival-sanfoneiros-da-uefs-foto-kaio-vinicios-acorda-cidade-31-1024x576-1.webp\" alt=\"\" class=\"wp-image-557240 not-transparent\" srcset=\"https:\/\/uploads.acordacidade.com.br\/2025\/05\/64UA4vU3-festival-sanfoneiros-da-uefs-foto-kaio-vinicios-acorda-cidade-31-300x169.webp 300w, http:\/\/noticiasbahia360.com.br\/wp-content\/uploads\/2025\/05\/64UA4vU3-festival-sanfoneiros-da-uefs-foto-kaio-vinicios-acorda-cidade-31-1024x576-1.webp 1024w, https:\/\/uploads.acordacidade.com.br\/2025\/05\/64UA4vU3-festival-sanfoneiros-da-uefs-foto-kaio-vinicios-acorda-cidade-31-768x432.webp 768w, https:\/\/uploads.acordacidade.com.br\/2025\/05\/64UA4vU3-festival-sanfoneiros-da-uefs-foto-kaio-vinicios-acorda-cidade-31-1536x864.webp 1536w, https:\/\/uploads.acordacidade.com.br\/2025\/05\/64UA4vU3-festival-sanfoneiros-da-uefs-foto-kaio-vinicios-acorda-cidade-31-150x84.webp 150w, https:\/\/uploads.acordacidade.com.br\/2025\/05\/64UA4vU3-festival-sanfoneiros-da-uefs-foto-kaio-vinicios-acorda-cidade-31.webp 1600w\"><figcaption class=\"wp-element-caption\">Foto: Kaio Vin\u00edcius\/ Acorda Cidade <\/figcaption><\/figure>\n<p>\u201cEu estou muito feliz. Eu comecei a tocar com 3 anos de idade. E o primeiro instrumento que eu comecei a tocar foi o pandeiro, que meu tio aprendeu com 12 anos e me ensinou. Hoje eu t\u00f4 craque na sanfona, no pandeiro, na zabumba\u201d, disse o garoto, que o grande plano para o futuro \u00e9 ser m\u00fasico.<\/p>\n<\/div>\n<\/div>\n<div class=\"wp-block-group\">\n<div class=\"wp-block-group__inner-container is-layout-constrained wp-block-group-is-layout-constrained\">\n<h2 class=\"wp-block-heading\" id=\"h-um-feirense-arretado-na-sanfona\">Um feirense arretado na sanfona<\/h2>\n<figure class=\"wp-block-image size-large\"><img loading=\"lazy\" data-dominant-color=\"a19e9f\" data-has-transparency=\"false\" style=\"--dominant-color: #a19e9f;\" decoding=\"async\" width=\"1024\" height=\"576\" sizes=\"(max-width: 1024px) 100vw, 1024px\" src=\"http:\/\/noticiasbahia360.com.br\/wp-content\/uploads\/2025\/05\/xDADR4pR-festival-sanfoneiros-da-uefs-foto-kaio-vinicios-acorda-cidade-25-1024x576-1.webp\" alt=\"\" class=\"wp-image-557246 not-transparent\" srcset=\"https:\/\/uploads.acordacidade.com.br\/2025\/05\/xDADR4pR-festival-sanfoneiros-da-uefs-foto-kaio-vinicios-acorda-cidade-25-300x169.webp 300w, http:\/\/noticiasbahia360.com.br\/wp-content\/uploads\/2025\/05\/xDADR4pR-festival-sanfoneiros-da-uefs-foto-kaio-vinicios-acorda-cidade-25-1024x576-1.webp 1024w, https:\/\/uploads.acordacidade.com.br\/2025\/05\/xDADR4pR-festival-sanfoneiros-da-uefs-foto-kaio-vinicios-acorda-cidade-25-768x432.webp 768w, https:\/\/uploads.acordacidade.com.br\/2025\/05\/xDADR4pR-festival-sanfoneiros-da-uefs-foto-kaio-vinicios-acorda-cidade-25-1536x864.webp 1536w, https:\/\/uploads.acordacidade.com.br\/2025\/05\/xDADR4pR-festival-sanfoneiros-da-uefs-foto-kaio-vinicios-acorda-cidade-25-150x84.webp 150w, https:\/\/uploads.acordacidade.com.br\/2025\/05\/xDADR4pR-festival-sanfoneiros-da-uefs-foto-kaio-vinicios-acorda-cidade-25.webp 1599w\"><figcaption class=\"wp-element-caption\">Baio do Acordeon | Foto: Kaio Vin\u00edcius\/ Acorda Cidade <\/figcaption><\/figure>\n<p>\u201c\u00c9 um orgulho para mim, para meus amigos, para o pessoal que trabalha comigo, sempre \u00e9 orgulho. Eu j\u00e1 perdi as contas de quantas vezes j\u00e1 participei\u201d, disse o sanfoneiro Baio do Acordeon, que estava acompanhado da sanfona que ganhou do mestre Luiz Gonzaga.<\/p>\n<\/div>\n<\/div>\n<div class=\"wp-block-group\">\n<div class=\"wp-block-group__inner-container is-layout-constrained wp-block-group-is-layout-constrained\">\n<h2 class=\"wp-block-heading\" id=\"h-olinda-nao-e-so-frevo\">Olinda n\u00e3o \u00e9 s\u00f3 frevo<\/h2>\n<p>\u00c2ngelo Gabriel veio de Olinda, no Pernambuco. Ao Acorda Cidade ele falou que a experi\u00eancia \u00e9 muito gratificante. O sanfoneiro, que tem 16 anos, revelou que toca o instrumento desde os 5 anos.<\/p>\n<figure class=\"wp-block-image size-large\"><img loading=\"lazy\" data-dominant-color=\"9d8879\" data-has-transparency=\"false\" style=\"--dominant-color: #9d8879;\" decoding=\"async\" width=\"1024\" height=\"576\" sizes=\"(max-width: 1024px) 100vw, 1024px\" src=\"http:\/\/noticiasbahia360.com.br\/wp-content\/uploads\/2025\/05\/I8hjYhwL-festival-sanfoneiros-da-uefs-foto-kaio-vinicios-acorda-cidade-17-1024x576-1.webp\" alt=\"\" class=\"wp-image-557254 not-transparent\" srcset=\"https:\/\/uploads.acordacidade.com.br\/2025\/05\/I8hjYhwL-festival-sanfoneiros-da-uefs-foto-kaio-vinicios-acorda-cidade-17-300x169.webp 300w, http:\/\/noticiasbahia360.com.br\/wp-content\/uploads\/2025\/05\/I8hjYhwL-festival-sanfoneiros-da-uefs-foto-kaio-vinicios-acorda-cidade-17-1024x576-1.webp 1024w, https:\/\/uploads.acordacidade.com.br\/2025\/05\/I8hjYhwL-festival-sanfoneiros-da-uefs-foto-kaio-vinicios-acorda-cidade-17-768x432.webp 768w, https:\/\/uploads.acordacidade.com.br\/2025\/05\/I8hjYhwL-festival-sanfoneiros-da-uefs-foto-kaio-vinicios-acorda-cidade-17-150x84.webp 150w, https:\/\/uploads.acordacidade.com.br\/2025\/05\/I8hjYhwL-festival-sanfoneiros-da-uefs-foto-kaio-vinicios-acorda-cidade-17.webp 1280w\"><figcaption class=\"wp-element-caption\">\u00c2ngelo Gabriel | Foto: Kaio Vin\u00edcius\/ Acorda Cidade <\/figcaption><\/figure>\n<p>\u201cEst\u00e1 sendo uma experi\u00eancia \u00fanica, que eu nunca participei de um festival. E s\u00f3 gratid\u00e3o, \u00e9 muito gratificante estar aqui com outros m\u00fasicos, com outros sanfoneiros, trocando ideias, trocando experi\u00eancias, e \u00e9 uma experi\u00eancia \u00fanica\u201d, disse o m\u00fasico.<\/p>\n<\/div>\n<\/div>\n<div class=\"wp-block-group\">\n<div class=\"wp-block-group__inner-container is-layout-constrained wp-block-group-is-layout-constrained\">\n<h2 class=\"wp-block-heading\" id=\"h-juazeiro-do-norte-e-logo-ali\">Juazeiro do Norte \u00e9 logo ali<\/h2>\n<p>Felipe Sanfoneiro participou da categoria regional acima de oito baixos e veio direto de Juazeiro do Norte, Cear\u00e1, para tocar pela primeira vez em um Festival de Sanfoneiro. Ao Acorda Cidade ele revelou que os cerca de 700 km da cidade natal at\u00e9 a Princesa do Sert\u00e3o valeram muito a pena.<\/p>\n<figure class=\"wp-block-image size-large\"><img loading=\"lazy\" data-dominant-color=\"977a5e\" data-has-transparency=\"false\" style=\"--dominant-color: #977a5e;\" decoding=\"async\" width=\"1024\" height=\"576\" sizes=\"(max-width: 1024px) 100vw, 1024px\" src=\"http:\/\/noticiasbahia360.com.br\/wp-content\/uploads\/2025\/05\/ul48HeYM-festival-sanfoneiros-da-uefs-foto-kaio-vinicios-acorda-cidade-24-1024x576-1.webp\" alt=\"\" class=\"wp-image-557247 not-transparent\" srcset=\"https:\/\/uploads.acordacidade.com.br\/2025\/05\/ul48HeYM-festival-sanfoneiros-da-uefs-foto-kaio-vinicios-acorda-cidade-24-300x169.webp 300w, http:\/\/noticiasbahia360.com.br\/wp-content\/uploads\/2025\/05\/ul48HeYM-festival-sanfoneiros-da-uefs-foto-kaio-vinicios-acorda-cidade-24-1024x576-1.webp 1024w, https:\/\/uploads.acordacidade.com.br\/2025\/05\/ul48HeYM-festival-sanfoneiros-da-uefs-foto-kaio-vinicios-acorda-cidade-24-768x432.webp 768w, https:\/\/uploads.acordacidade.com.br\/2025\/05\/ul48HeYM-festival-sanfoneiros-da-uefs-foto-kaio-vinicios-acorda-cidade-24-1536x864.webp 1536w, https:\/\/uploads.acordacidade.com.br\/2025\/05\/ul48HeYM-festival-sanfoneiros-da-uefs-foto-kaio-vinicios-acorda-cidade-24-150x84.webp 150w, https:\/\/uploads.acordacidade.com.br\/2025\/05\/ul48HeYM-festival-sanfoneiros-da-uefs-foto-kaio-vinicios-acorda-cidade-24.webp 1599w\"><figcaption class=\"wp-element-caption\">Felipe Sanfoneiro | Foto: Kaio Vin\u00edcius\/ Acorda Cidade <\/figcaption><\/figure>\n<p>\u201cA gente fica um pouco ansioso porque \u00e9 a primeira vez, mas eu tinha boas expectativas. Toquei um repert\u00f3rio voltado ao forr\u00f3, j\u00e1 que a nossa regi\u00e3o, o Juazeiro do Norte, \u00e9 bem pertinho ali do Exu, que \u00e9 a terra do Rei do Bai\u00e3o. Ent\u00e3o a gente tem muita refer\u00eancia do forr\u00f3\u201d, disse Felipe.<\/p>\n<\/div>\n<\/div>\n<div class=\"wp-block-group\">\n<div class=\"wp-block-group__inner-container is-layout-constrained wp-block-group-is-layout-constrained\">\n<h2 class=\"wp-block-heading\" id=\"h-sanfona-saberes-e-sabores\">Sanfona, saberes e sabores<\/h2>\n<p>Quem foi at\u00e9 o Centro de Conven\u00e7\u00f5es na noite desta sexta-feira (23) em busca de um bom som de sanfona tamb\u00e9m teve a oportunidade de conferir de perto a Feira de Saberes e Sabores da Uefs. O evento, realizado em uma \u00e1rea externa, \u00e9 resultado de um projeto de extens\u00e3o desenvolvido pela institui\u00e7\u00e3o e traz ao festival produtos artesanais e culin\u00e1ria t\u00edpica local, valorizando a economia criativa e os saberes populares da regi\u00e3o.<\/p>\n<figure class=\"wp-block-image size-large\"><img loading=\"lazy\" data-dominant-color=\"735d74\" data-has-transparency=\"false\" style=\"--dominant-color: #735d74;\" decoding=\"async\" width=\"1024\" height=\"576\" sizes=\"(max-width: 1024px) 100vw, 1024px\" src=\"http:\/\/noticiasbahia360.com.br\/wp-content\/uploads\/2025\/05\/ei6o8aUw-festival-sanfoneiros-da-uefs-foto-kaio-vinicios-acorda-cidade-2-1024x576-1.webp\" alt=\"\" class=\"wp-image-557269 not-transparent\" srcset=\"https:\/\/uploads.acordacidade.com.br\/2025\/05\/ei6o8aUw-festival-sanfoneiros-da-uefs-foto-kaio-vinicios-acorda-cidade-2-300x169.webp 300w, http:\/\/noticiasbahia360.com.br\/wp-content\/uploads\/2025\/05\/ei6o8aUw-festival-sanfoneiros-da-uefs-foto-kaio-vinicios-acorda-cidade-2-1024x576-1.webp 1024w, https:\/\/uploads.acordacidade.com.br\/2025\/05\/ei6o8aUw-festival-sanfoneiros-da-uefs-foto-kaio-vinicios-acorda-cidade-2-768x432.webp 768w, https:\/\/uploads.acordacidade.com.br\/2025\/05\/ei6o8aUw-festival-sanfoneiros-da-uefs-foto-kaio-vinicios-acorda-cidade-2-1536x864.webp 1536w, https:\/\/uploads.acordacidade.com.br\/2025\/05\/ei6o8aUw-festival-sanfoneiros-da-uefs-foto-kaio-vinicios-acorda-cidade-2-150x84.webp 150w, https:\/\/uploads.acordacidade.com.br\/2025\/05\/ei6o8aUw-festival-sanfoneiros-da-uefs-foto-kaio-vinicios-acorda-cidade-2.webp 1600w\"><figcaption class=\"wp-element-caption\">Foto: Kaio Vin\u00edcius\/ Acorda Cidade <\/figcaption><\/figure>\n<p>\u201c\u00c9 uma oportunidade maravilhosa. Eu estou comercializando acess\u00f3rios, eu trabalho a partir de tecido africano: colares, brincos, acess\u00f3rios, no intuito de empoderamento feminino, negro, trabalho de trabalho\u201d, disse Rosimeire Gon\u00e7alves, afirmando que \u00e9 a quinta vez que participa do evento.<\/p>\n<figure class=\"wp-block-image size-large\"><img loading=\"lazy\" data-dominant-color=\"7e6d5f\" data-has-transparency=\"false\" style=\"--dominant-color: #7e6d5f;\" decoding=\"async\" width=\"1024\" height=\"576\" sizes=\"(max-width: 1024px) 100vw, 1024px\" src=\"http:\/\/noticiasbahia360.com.br\/wp-content\/uploads\/2025\/05\/r7jfwmmQ-festival-sanfoneiros-da-uefs-foto-kaio-vinicios-acorda-cidade-6-1024x576-1.webp\" alt=\"\" class=\"wp-image-557265 not-transparent\" srcset=\"https:\/\/uploads.acordacidade.com.br\/2025\/05\/r7jfwmmQ-festival-sanfoneiros-da-uefs-foto-kaio-vinicios-acorda-cidade-6-300x169.webp 300w, http:\/\/noticiasbahia360.com.br\/wp-content\/uploads\/2025\/05\/r7jfwmmQ-festival-sanfoneiros-da-uefs-foto-kaio-vinicios-acorda-cidade-6-1024x576-1.webp 1024w, https:\/\/uploads.acordacidade.com.br\/2025\/05\/r7jfwmmQ-festival-sanfoneiros-da-uefs-foto-kaio-vinicios-acorda-cidade-6-768x432.webp 768w, https:\/\/uploads.acordacidade.com.br\/2025\/05\/r7jfwmmQ-festival-sanfoneiros-da-uefs-foto-kaio-vinicios-acorda-cidade-6-1536x864.webp 1536w, https:\/\/uploads.acordacidade.com.br\/2025\/05\/r7jfwmmQ-festival-sanfoneiros-da-uefs-foto-kaio-vinicios-acorda-cidade-6-150x84.webp 150w, https:\/\/uploads.acordacidade.com.br\/2025\/05\/r7jfwmmQ-festival-sanfoneiros-da-uefs-foto-kaio-vinicios-acorda-cidade-6.webp 1600w\"><figcaption class=\"wp-element-caption\">Foto: Kaio Vin\u00edcius\/ Acorda Cidade <\/figcaption><\/figure>\n<p>Arsene Toupe \u00e9 do Benin, pa\u00eds do continente africano, e atualmente mora em Feira de Santana. Ao Acorda Cidade ele contou que estava muito feliz em participar da Feira de Saberes e Sabores realizada pela Uefs.<\/p>\n<figure class=\"wp-block-image size-large\"><img loading=\"lazy\" data-dominant-color=\"574e53\" data-has-transparency=\"false\" style=\"--dominant-color: #574e53;\" decoding=\"async\" width=\"1024\" height=\"576\" sizes=\"(max-width: 1024px) 100vw, 1024px\" src=\"http:\/\/noticiasbahia360.com.br\/wp-content\/uploads\/2025\/05\/6K38rx9H-festival-sanfoneiros-da-uefs-foto-kaio-vinicios-acorda-cidade-5-1024x576-1.webp\" alt=\"\" class=\"wp-image-557266 not-transparent\" srcset=\"https:\/\/uploads.acordacidade.com.br\/2025\/05\/6K38rx9H-festival-sanfoneiros-da-uefs-foto-kaio-vinicios-acorda-cidade-5-300x169.webp 300w, http:\/\/noticiasbahia360.com.br\/wp-content\/uploads\/2025\/05\/6K38rx9H-festival-sanfoneiros-da-uefs-foto-kaio-vinicios-acorda-cidade-5-1024x576-1.webp 1024w, https:\/\/uploads.acordacidade.com.br\/2025\/05\/6K38rx9H-festival-sanfoneiros-da-uefs-foto-kaio-vinicios-acorda-cidade-5-768x432.webp 768w, https:\/\/uploads.acordacidade.com.br\/2025\/05\/6K38rx9H-festival-sanfoneiros-da-uefs-foto-kaio-vinicios-acorda-cidade-5-1536x864.webp 1536w, https:\/\/uploads.acordacidade.com.br\/2025\/05\/6K38rx9H-festival-sanfoneiros-da-uefs-foto-kaio-vinicios-acorda-cidade-5-150x84.webp 150w, https:\/\/uploads.acordacidade.com.br\/2025\/05\/6K38rx9H-festival-sanfoneiros-da-uefs-foto-kaio-vinicios-acorda-cidade-5.webp 1600w\"><figcaption class=\"wp-element-caption\">Arsene Toupe | Foto: Kaio Vin\u00edcius\/ Acorda Cidade <\/figcaption><\/figure>\n<p>\u201cAqui tem o tecido, roupa da \u00c1frica, diretamente do Benin. A gente comercializa tudo l\u00e1. \u00c9 a segunda vez que eu estou vendo nessa edi\u00e7\u00e3o. Ano passado teve na Uefs e \u00e9 uma oportunidade de venda. Eu estou fazendo venda para fazer a divulga\u00e7\u00e3o tamb\u00e9m do produto e da minha loja\u201d, disse Arsene.<\/p>\n<h2 class=\"wp-block-heading\" id=\"h-confira-mais-fotos-do-evento\">Confira mais fotos do evento<\/h2>\n<figure data-gallery-id=\"fancybox_6831221427539\" class=\"wp-block-gallery has-nested-images columns-default is-cropped wp-block-gallery-1 is-layout-flex wp-block-gallery-is-layout-flex\">\n<figure class=\"wp-block-image size-large\"><a data-fancybox=\"fancybox_6831221427539\" href=\"https:\/\/uploads.acordacidade.com.br\/2025\/05\/yzwdasbq-festival-sanfoneiros-da-uefs-foto-kaio-vinicios-acorda-cidade-3.webp\" data-caption=\"\"><img loading=\"lazy\" data-dominant-color=\"645289\" data-has-transparency=\"false\" style=\"--dominant-color: #645289;\" decoding=\"async\" width=\"1024\" height=\"576\" sizes=\"(max-width: 1024px) 100vw, 1024px\" data-id=\"557268\" src=\"http:\/\/noticiasbahia360.com.br\/wp-content\/uploads\/2025\/05\/yzwdasbq-festival-sanfoneiros-da-uefs-foto-kaio-vinicios-acorda-cidade-3-1024x576-1.webp\" alt=\"\" class=\"wp-image-557268 not-transparent\" srcset=\"https:\/\/uploads.acordacidade.com.br\/2025\/05\/yzwdasbq-festival-sanfoneiros-da-uefs-foto-kaio-vinicios-acorda-cidade-3-300x169.webp 300w, http:\/\/noticiasbahia360.com.br\/wp-content\/uploads\/2025\/05\/yzwdasbq-festival-sanfoneiros-da-uefs-foto-kaio-vinicios-acorda-cidade-3-1024x576-1.webp 1024w, https:\/\/uploads.acordacidade.com.br\/2025\/05\/yzwdasbq-festival-sanfoneiros-da-uefs-foto-kaio-vinicios-acorda-cidade-3-768x432.webp 768w, https:\/\/uploads.acordacidade.com.br\/2025\/05\/yzwdasbq-festival-sanfoneiros-da-uefs-foto-kaio-vinicios-acorda-cidade-3-1536x864.webp 1536w, https:\/\/uploads.acordacidade.com.br\/2025\/05\/yzwdasbq-festival-sanfoneiros-da-uefs-foto-kaio-vinicios-acorda-cidade-3-150x84.webp 150w, https:\/\/uploads.acordacidade.com.br\/2025\/05\/yzwdasbq-festival-sanfoneiros-da-uefs-foto-kaio-vinicios-acorda-cidade-3.webp 1600w\"><\/a><\/figure>\n<figure class=\"wp-block-image size-large\"><a data-fancybox=\"fancybox_6831221427539\" href=\"https:\/\/uploads.acordacidade.com.br\/2025\/05\/OgwoKN2B-festival-sanfoneiros-da-uefs-foto-kaio-vinicios-acorda-cidade-4.webp\" data-caption=\"\"><img loading=\"lazy\" data-dominant-color=\"765c82\" data-has-transparency=\"false\" style=\"--dominant-color: #765c82;\" decoding=\"async\" width=\"1024\" height=\"576\" sizes=\"(max-width: 1024px) 100vw, 1024px\" data-id=\"557267\" src=\"http:\/\/noticiasbahia360.com.br\/wp-content\/uploads\/2025\/05\/OgwoKN2B-festival-sanfoneiros-da-uefs-foto-kaio-vinicios-acorda-cidade-4-1024x576-1.webp\" alt=\"\" class=\"wp-image-557267 not-transparent\" srcset=\"https:\/\/uploads.acordacidade.com.br\/2025\/05\/OgwoKN2B-festival-sanfoneiros-da-uefs-foto-kaio-vinicios-acorda-cidade-4-300x169.webp 300w, http:\/\/noticiasbahia360.com.br\/wp-content\/uploads\/2025\/05\/OgwoKN2B-festival-sanfoneiros-da-uefs-foto-kaio-vinicios-acorda-cidade-4-1024x576-1.webp 1024w, https:\/\/uploads.acordacidade.com.br\/2025\/05\/OgwoKN2B-festival-sanfoneiros-da-uefs-foto-kaio-vinicios-acorda-cidade-4-768x432.webp 768w, https:\/\/uploads.acordacidade.com.br\/2025\/05\/OgwoKN2B-festival-sanfoneiros-da-uefs-foto-kaio-vinicios-acorda-cidade-4-1536x864.webp 1536w, https:\/\/uploads.acordacidade.com.br\/2025\/05\/OgwoKN2B-festival-sanfoneiros-da-uefs-foto-kaio-vinicios-acorda-cidade-4-150x84.webp 150w, https:\/\/uploads.acordacidade.com.br\/2025\/05\/OgwoKN2B-festival-sanfoneiros-da-uefs-foto-kaio-vinicios-acorda-cidade-4.webp 1600w\"><\/a><\/figure>\n<figure class=\"wp-block-image size-large\"><a data-fancybox=\"fancybox_6831221427539\" href=\"https:\/\/uploads.acordacidade.com.br\/2025\/05\/nXELMlFO-festival-sanfoneiros-da-uefs-foto-kaio-vinicios-acorda-cidade-8.webp\" data-caption=\"\"><img loading=\"lazy\" data-dominant-color=\"695b77\" data-has-transparency=\"false\" style=\"--dominant-color: #695b77;\" decoding=\"async\" width=\"1024\" height=\"576\" sizes=\"(max-width: 1024px) 100vw, 1024px\" data-id=\"557263\" src=\"http:\/\/noticiasbahia360.com.br\/wp-content\/uploads\/2025\/05\/nXELMlFO-festival-sanfoneiros-da-uefs-foto-kaio-vinicios-acorda-cidade-8-1024x576-1.webp\" alt=\"\" class=\"wp-image-557263 not-transparent\" srcset=\"https:\/\/uploads.acordacidade.com.br\/2025\/05\/nXELMlFO-festival-sanfoneiros-da-uefs-foto-kaio-vinicios-acorda-cidade-8-300x169.webp 300w, http:\/\/noticiasbahia360.com.br\/wp-content\/uploads\/2025\/05\/nXELMlFO-festival-sanfoneiros-da-uefs-foto-kaio-vinicios-acorda-cidade-8-1024x576-1.webp 1024w, https:\/\/uploads.acordacidade.com.br\/2025\/05\/nXELMlFO-festival-sanfoneiros-da-uefs-foto-kaio-vinicios-acorda-cidade-8-768x432.webp 768w, https:\/\/uploads.acordacidade.com.br\/2025\/05\/nXELMlFO-festival-sanfoneiros-da-uefs-foto-kaio-vinicios-acorda-cidade-8-1536x864.webp 1536w, https:\/\/uploads.acordacidade.com.br\/2025\/05\/nXELMlFO-festival-sanfoneiros-da-uefs-foto-kaio-vinicios-acorda-cidade-8-150x84.webp 150w, https:\/\/uploads.acordacidade.com.br\/2025\/05\/nXELMlFO-festival-sanfoneiros-da-uefs-foto-kaio-vinicios-acorda-cidade-8.webp 1600w\"><\/a><\/figure>\n<figure class=\"wp-block-image size-large\"><a data-fancybox=\"fancybox_6831221427539\" href=\"https:\/\/uploads.acordacidade.com.br\/2025\/05\/WLPfSrS6-festival-sanfoneiros-da-uefs-foto-kaio-vinicios-acorda-cidade-21.webp\" data-caption=\"\"><img loading=\"lazy\" data-dominant-color=\"5e4c3f\" data-has-transparency=\"false\" style=\"--dominant-color: #5e4c3f;\" decoding=\"async\" width=\"1024\" height=\"576\" sizes=\"(max-width: 1024px) 100vw, 1024px\" data-id=\"557250\" src=\"http:\/\/noticiasbahia360.com.br\/wp-content\/uploads\/2025\/05\/WLPfSrS6-festival-sanfoneiros-da-uefs-foto-kaio-vinicios-acorda-cidade-21-1024x576-1.webp\" alt=\"\" class=\"wp-image-557250 not-transparent\" srcset=\"https:\/\/uploads.acordacidade.com.br\/2025\/05\/WLPfSrS6-festival-sanfoneiros-da-uefs-foto-kaio-vinicios-acorda-cidade-21-300x169.webp 300w, http:\/\/noticiasbahia360.com.br\/wp-content\/uploads\/2025\/05\/WLPfSrS6-festival-sanfoneiros-da-uefs-foto-kaio-vinicios-acorda-cidade-21-1024x576-1.webp 1024w, https:\/\/uploads.acordacidade.com.br\/2025\/05\/WLPfSrS6-festival-sanfoneiros-da-uefs-foto-kaio-vinicios-acorda-cidade-21-768x432.webp 768w, https:\/\/uploads.acordacidade.com.br\/2025\/05\/WLPfSrS6-festival-sanfoneiros-da-uefs-foto-kaio-vinicios-acorda-cidade-21-1536x864.webp 1536w, https:\/\/uploads.acordacidade.com.br\/2025\/05\/WLPfSrS6-festival-sanfoneiros-da-uefs-foto-kaio-vinicios-acorda-cidade-21-150x84.webp 150w, https:\/\/uploads.acordacidade.com.br\/2025\/05\/WLPfSrS6-festival-sanfoneiros-da-uefs-foto-kaio-vinicios-acorda-cidade-21.webp 1600w\"><\/a><\/figure>\n<figure class=\"wp-block-image size-large\"><a data-fancybox=\"fancybox_6831221427539\" href=\"https:\/\/uploads.acordacidade.com.br\/2025\/05\/Xgz4XCJb-festival-sanfoneiros-da-uefs-foto-kaio-vinicios-acorda-cidade-27.webp\" data-caption=\"\"><img loading=\"lazy\" data-dominant-color=\"383a81\" data-has-transparency=\"false\" style=\"--dominant-color: #383a81;\" decoding=\"async\" width=\"1024\" height=\"576\" sizes=\"(max-width: 1024px) 100vw, 1024px\" data-id=\"557244\" src=\"http:\/\/noticiasbahia360.com.br\/wp-content\/uploads\/2025\/05\/Xgz4XCJb-festival-sanfoneiros-da-uefs-foto-kaio-vinicios-acorda-cidade-27-1024x576-1.webp\" alt=\"\" class=\"wp-image-557244 not-transparent\" srcset=\"https:\/\/uploads.acordacidade.com.br\/2025\/05\/Xgz4XCJb-festival-sanfoneiros-da-uefs-foto-kaio-vinicios-acorda-cidade-27-300x169.webp 300w, http:\/\/noticiasbahia360.com.br\/wp-content\/uploads\/2025\/05\/Xgz4XCJb-festival-sanfoneiros-da-uefs-foto-kaio-vinicios-acorda-cidade-27-1024x576-1.webp 1024w, https:\/\/uploads.acordacidade.com.br\/2025\/05\/Xgz4XCJb-festival-sanfoneiros-da-uefs-foto-kaio-vinicios-acorda-cidade-27-768x432.webp 768w, https:\/\/uploads.acordacidade.com.br\/2025\/05\/Xgz4XCJb-festival-sanfoneiros-da-uefs-foto-kaio-vinicios-acorda-cidade-27-1536x864.webp 1536w, https:\/\/uploads.acordacidade.com.br\/2025\/05\/Xgz4XCJb-festival-sanfoneiros-da-uefs-foto-kaio-vinicios-acorda-cidade-27-150x84.webp 150w, https:\/\/uploads.acordacidade.com.br\/2025\/05\/Xgz4XCJb-festival-sanfoneiros-da-uefs-foto-kaio-vinicios-acorda-cidade-27.webp 1600w\"><\/a><\/figure>\n<figure class=\"wp-block-image size-large\"><a data-fancybox=\"fancybox_6831221427539\" href=\"https:\/\/uploads.acordacidade.com.br\/2025\/05\/8DLcQb98-festival-sanfoneiros-da-uefs-foto-kaio-vinicios-acorda-cidade-14.webp\" data-caption=\"\"><img loading=\"lazy\" data-dominant-color=\"694b63\" data-has-transparency=\"false\" style=\"--dominant-color: #694b63;\" decoding=\"async\" width=\"1024\" height=\"576\" sizes=\"(max-width: 1024px) 100vw, 1024px\" data-id=\"557257\" src=\"http:\/\/noticiasbahia360.com.br\/wp-content\/uploads\/2025\/05\/8DLcQb98-festival-sanfoneiros-da-uefs-foto-kaio-vinicios-acorda-cidade-14-1024x576-1.webp\" alt=\"\" class=\"wp-image-557257 not-transparent\" srcset=\"https:\/\/uploads.acordacidade.com.br\/2025\/05\/8DLcQb98-festival-sanfoneiros-da-uefs-foto-kaio-vinicios-acorda-cidade-14-300x169.webp 300w, http:\/\/noticiasbahia360.com.br\/wp-content\/uploads\/2025\/05\/8DLcQb98-festival-sanfoneiros-da-uefs-foto-kaio-vinicios-acorda-cidade-14-1024x576-1.webp 1024w, https:\/\/uploads.acordacidade.com.br\/2025\/05\/8DLcQb98-festival-sanfoneiros-da-uefs-foto-kaio-vinicios-acorda-cidade-14-768x432.webp 768w, https:\/\/uploads.acordacidade.com.br\/2025\/05\/8DLcQb98-festival-sanfoneiros-da-uefs-foto-kaio-vinicios-acorda-cidade-14-1536x864.webp 1536w, https:\/\/uploads.acordacidade.com.br\/2025\/05\/8DLcQb98-festival-sanfoneiros-da-uefs-foto-kaio-vinicios-acorda-cidade-14-150x84.webp 150w, https:\/\/uploads.acordacidade.com.br\/2025\/05\/8DLcQb98-festival-sanfoneiros-da-uefs-foto-kaio-vinicios-acorda-cidade-14.webp 1600w\"><\/a><\/figure>\n<\/figure>\n<div class=\"wp-block-group\">\n<div class=\"wp-block-group__inner-container is-layout-constrained wp-block-group-is-layout-constrained\">\n<p><em>Com informa\u00e7\u00f5es do rep\u00f3rter Kaio Vin\u00edcius do Acorda Cidade <\/em><\/p>\n<p><em>Siga o Acorda Cidade no<\/em><a href=\"https:\/\/news.google.com\/search?q=acorda%20cidade&amp;hl=pt-BR&amp;gl=BR&amp;ceid=BR%3Apt-419\"><strong><em>\u00a0Google Not\u00edcias<\/em><\/strong><\/a><em>\u00a0e receba os principais destaques do dia. Participe tamb\u00e9m dos nossos canais no\u00a0<\/em><a href=\"https:\/\/www.whatsapp.com\/channel\/0029Va6Rb4v3WHTNnsh8WI3N\"><strong><em>WhatsApp<\/em><\/strong><\/a><em>\u00a0e\u00a0<\/em><a href=\"https:\/\/www.youtube.com\/@acordacidadenoticias\/videos\"><strong>Youtube<\/strong><\/a><em>\u00a0e grupo de\u00a0<\/em><a href=\"https:\/\/t.me\/+sSz0khrgARA0ZmRh\"><strong><em>Telegram<\/em><\/strong><\/a><\/p>\n<\/div>\n<\/div>\n<\/div>\n<\/div>\n<\/div>\n","protected":false},"excerpt":{"rendered":"<div>\n<div>\n<figure><img decoding=\"async\" src=\"https:\/\/uploads.acordacidade.com.br\/2025\/05\/festival-sanfoneiros-da-uefs-foto-kaio-vinicios-acorda-cidade-16.jpeg\" alt=\"\"><figcaption>Foto: Kaio Vin\u00edcius\/ Acorda Cidade <\/figcaption><\/figure>\n<\/div>\n<p>O evento, que est\u00e1 na 14\u00aa edi\u00e7\u00e3o, foi realizado na noite desta sexta-feira (23) e superou as expectativas dos organizadores.<\/p><\/div>\n","protected":false},"author":1,"featured_media":87269,"comment_status":"closed","ping_status":"closed","sticky":false,"template":"","format":"gallery","meta":{"footnotes":""},"categories":[8,9,6,57,56,10],"tags":[],"class_list":["post-87268","post","type-post","status-publish","format-gallery","has-post-thumbnail","hentry","category-bahia","category-brasil","category-feira-de-santana","category-mundo","category-policia","category-politica","post_format-post-format-gallery"],"featured_image_urls":{"full":["https:\/\/noticiasbahia360.com.br\/wp-content\/uploads\/2025\/05\/festival-sanfoneiros-da-uefs-foto-kaio-vinicios-acorda-cidade-16.jpeg",1600,900,false],"thumbnail":["https:\/\/noticiasbahia360.com.br\/wp-content\/uploads\/2025\/05\/festival-sanfoneiros-da-uefs-foto-kaio-vinicios-acorda-cidade-16-150x150.jpeg",150,150,true],"medium":["https:\/\/noticiasbahia360.com.br\/wp-content\/uploads\/2025\/05\/festival-sanfoneiros-da-uefs-foto-kaio-vinicios-acorda-cidade-16-300x169.jpeg",300,169,true],"medium_large":["https:\/\/noticiasbahia360.com.br\/wp-content\/uploads\/2025\/05\/festival-sanfoneiros-da-uefs-foto-kaio-vinicios-acorda-cidade-16-768x432.jpeg",640,360,true],"large":["https:\/\/noticiasbahia360.com.br\/wp-content\/uploads\/2025\/05\/festival-sanfoneiros-da-uefs-foto-kaio-vinicios-acorda-cidade-16-1024x576.jpeg",640,360,true],"1536x1536":["https:\/\/noticiasbahia360.com.br\/wp-content\/uploads\/2025\/05\/festival-sanfoneiros-da-uefs-foto-kaio-vinicios-acorda-cidade-16-1536x864.jpeg",1536,864,true],"2048x2048":["https:\/\/noticiasbahia360.com.br\/wp-content\/uploads\/2025\/05\/festival-sanfoneiros-da-uefs-foto-kaio-vinicios-acorda-cidade-16.jpeg",1600,900,false],"chromenews-featured":["https:\/\/noticiasbahia360.com.br\/wp-content\/uploads\/2025\/05\/festival-sanfoneiros-da-uefs-foto-kaio-vinicios-acorda-cidade-16-1024x576.jpeg",1024,576,true],"chromenews-large":["https:\/\/noticiasbahia360.com.br\/wp-content\/uploads\/2025\/05\/festival-sanfoneiros-da-uefs-foto-kaio-vinicios-acorda-cidade-16-825x575.jpeg",825,575,true],"chromenews-medium":["https:\/\/noticiasbahia360.com.br\/wp-content\/uploads\/2025\/05\/festival-sanfoneiros-da-uefs-foto-kaio-vinicios-acorda-cidade-16-590x410.jpeg",590,410,true]},"author_info":{"display_name":"noticiasbahia360.com.br","author_link":"https:\/\/noticiasbahia360.com.br\/?author=1"},"category_info":"<a href=\"https:\/\/noticiasbahia360.com.br\/?cat=8\" rel=\"category\">Bahia<\/a> <a href=\"https:\/\/noticiasbahia360.com.br\/?cat=9\" rel=\"category\">Brasil<\/a> <a href=\"https:\/\/noticiasbahia360.com.br\/?cat=6\" rel=\"category\">Feira de Santana<\/a> <a href=\"https:\/\/noticiasbahia360.com.br\/?cat=57\" rel=\"category\">Mundo<\/a> <a href=\"https:\/\/noticiasbahia360.com.br\/?cat=56\" rel=\"category\">Pol\u00edcia<\/a> <a href=\"https:\/\/noticiasbahia360.com.br\/?cat=10\" rel=\"category\">Pol\u00edtica<\/a>","tag_info":"Pol\u00edtica","comment_count":"0","_links":{"self":[{"href":"https:\/\/noticiasbahia360.com.br\/index.php?rest_route=\/wp\/v2\/posts\/87268","targetHints":{"allow":["GET"]}}],"collection":[{"href":"https:\/\/noticiasbahia360.com.br\/index.php?rest_route=\/wp\/v2\/posts"}],"about":[{"href":"https:\/\/noticiasbahia360.com.br\/index.php?rest_route=\/wp\/v2\/types\/post"}],"author":[{"embeddable":true,"href":"https:\/\/noticiasbahia360.com.br\/index.php?rest_route=\/wp\/v2\/users\/1"}],"replies":[{"embeddable":true,"href":"https:\/\/noticiasbahia360.com.br\/index.php?rest_route=%2Fwp%2Fv2%2Fcomments&post=87268"}],"version-history":[{"count":0,"href":"https:\/\/noticiasbahia360.com.br\/index.php?rest_route=\/wp\/v2\/posts\/87268\/revisions"}],"wp:featuredmedia":[{"embeddable":true,"href":"https:\/\/noticiasbahia360.com.br\/index.php?rest_route=\/wp\/v2\/media\/87269"}],"wp:attachment":[{"href":"https:\/\/noticiasbahia360.com.br\/index.php?rest_route=%2Fwp%2Fv2%2Fmedia&parent=87268"}],"wp:term":[{"taxonomy":"category","embeddable":true,"href":"https:\/\/noticiasbahia360.com.br\/index.php?rest_route=%2Fwp%2Fv2%2Fcategories&post=87268"},{"taxonomy":"post_tag","embeddable":true,"href":"https:\/\/noticiasbahia360.com.br\/index.php?rest_route=%2Fwp%2Fv2%2Ftags&post=87268"}],"curies":[{"name":"wp","href":"https:\/\/api.w.org\/{rel}","templated":true}]}}