{"id":87287,"date":"2025-05-23T22:35:36","date_gmt":"2025-05-24T01:35:36","guid":{"rendered":"https:\/\/noticiasbahia360.com.br\/?p=87287"},"modified":"2025-05-23T22:35:36","modified_gmt":"2025-05-24T01:35:36","slug":"ivamberg-retira-candidatura-e-declara-apoio-a-adriano-costa-para-presidencia-do-pt","status":"publish","type":"post","link":"https:\/\/noticiasbahia360.com.br\/?p=87287","title":{"rendered":"Ivamberg retira candidatura e declara apoio a Adriano Costa para presid\u00eancia do PT"},"content":{"rendered":"<div>\n<div>\n<figure><img decoding=\"async\" src=\"http:\/\/noticiasbahia360.com.br\/wp-content\/uploads\/2025\/05\/robinsom-almeida-foto-divulgacao.jpg\" alt=\"\"><figcaption>Foto: Divulga\u00e7\u00e3o <\/figcaption><\/figure>\n<\/div>\n<p>O vereador Ivamberg Lima (PT) retirou oficialmente sua candidatura \u00e0 presid\u00eancia do diret\u00f3rio municipal do Partido dos Trabalhadores (PT) de Feira de Santana para apoiar o nome de Adriano Costa, da tend\u00eancia interna Resist\u00eancia Socialista. A decis\u00e3o, anunciada nesta sexta-feira (23), representa uma articula\u00e7\u00e3o liderada pela corrente Democracia Socialista (DS), uma das mais importantes dentro do partido.<\/p>\n<p>A constru\u00e7\u00e3o da unidade em torno do nome de Adriano Costa foi costurada por lideran\u00e7as da DS na Bahia, entre eles o deputado federal Z\u00e9 Neto, o deputado estadual Robinson Almeida, e os vereadores Ivamberg Lima e Silvio Dias. O movimento visa fortalecer o partido na segunda maior cidade da Bahia e preparar o PT para os desafios eleitorais e pol\u00edticos do pr\u00f3ximo per\u00edodo.<\/p>\n<p>\u201cO momento \u00e9 de unidade e fortalecimento do projeto pol\u00edtico do PT em Feira. Adriano representa a renova\u00e7\u00e3o na dire\u00e7\u00e3o do nosso partido e firmamos um acordo program\u00e1tico para fortalecer o PT em Feira, com uma atua\u00e7\u00e3o firme na cidade, no movimento social e no di\u00e1logo com a milit\u00e2ncia no pr\u00f3ximo per\u00edodo\u201d, afirmou Robinson Almeida, dirigente da Democracia Socialista na Bahia.<\/p>\n<p>O Processo de Elei\u00e7\u00e3o Direta (PED) do PT ser\u00e1 realizado em julho, quando os filiados escolher\u00e3o os novos dirigentes municipais, estaduais e nacionais da legenda. Em Feira de Santana, a disputa pelo comando do diret\u00f3rio municipal envolve, at\u00e9 o momento, 5 candidaturas.<\/p>\n<p>Al\u00e9m de Adriano Costa, tamb\u00e9m s\u00e3o candidatos \u00e0 presid\u00eancia do PT feirense Hildete Neves, Judicael Botelho, Ur\u00e2nia Santa B\u00e1rbara e Vagner Carneiro.<\/p>\n<p><em>Siga o Acorda Cidade no<\/em><a href=\"https:\/\/news.google.com\/search?q=acorda%20cidade&amp;hl=pt-BR&amp;gl=BR&amp;ceid=BR%3Apt-419\"><strong><em>\u00a0Google Not\u00edcias<\/em><\/strong><\/a><em>\u00a0e receba os principais destaques do dia. Participe tamb\u00e9m dos nossos canais no\u00a0<\/em><a href=\"https:\/\/www.whatsapp.com\/channel\/0029Va6Rb4v3WHTNnsh8WI3N\"><strong><em>WhatsApp<\/em><\/strong><\/a><em>\u00a0e\u00a0<\/em><a href=\"https:\/\/www.youtube.com\/@acordacidadenoticias\/videos\"><strong>Youtube<\/strong><\/a><em>\u00a0e grupo de\u00a0<\/em><a href=\"https:\/\/t.me\/+sSz0khrgARA0ZmRh\"><strong><em>Telegram<\/em><\/strong><\/a><em>.<\/em><\/p>\n<\/div>\n","protected":false},"excerpt":{"rendered":"<div>\n<div>\n<figure><img decoding=\"async\" src=\"https:\/\/uploads.acordacidade.com.br\/2025\/05\/robinsom-almeida-foto-divulgacao.jpg\" alt=\"\"><figcaption>Foto: Divulga\u00e7\u00e3o <\/figcaption><\/figure>\n<\/div>\n<p>A decis\u00e3o, anunciada nesta sexta-feira (23), representa uma articula\u00e7\u00e3o liderada pela corrente Democracia Socialista (DS)<\/p><\/div>\n","protected":false},"author":1,"featured_media":87288,"comment_status":"closed","ping_status":"closed","sticky":false,"template":"","format":"gallery","meta":{"footnotes":""},"categories":[8,9,6,57,56,10],"tags":[],"class_list":["post-87287","post","type-post","status-publish","format-gallery","has-post-thumbnail","hentry","category-bahia","category-brasil","category-feira-de-santana","category-mundo","category-policia","category-politica","post_format-post-format-gallery"],"featured_image_urls":{"full":["https:\/\/noticiasbahia360.com.br\/wp-content\/uploads\/2025\/05\/robinsom-almeida-foto-divulgacao.jpg",1200,844,false],"thumbnail":["https:\/\/noticiasbahia360.com.br\/wp-content\/uploads\/2025\/05\/robinsom-almeida-foto-divulgacao-150x150.jpg",150,150,true],"medium":["https:\/\/noticiasbahia360.com.br\/wp-content\/uploads\/2025\/05\/robinsom-almeida-foto-divulgacao-300x211.jpg",300,211,true],"medium_large":["https:\/\/noticiasbahia360.com.br\/wp-content\/uploads\/2025\/05\/robinsom-almeida-foto-divulgacao-768x540.jpg",640,450,true],"large":["https:\/\/noticiasbahia360.com.br\/wp-content\/uploads\/2025\/05\/robinsom-almeida-foto-divulgacao-1024x720.jpg",640,450,true],"1536x1536":["https:\/\/noticiasbahia360.com.br\/wp-content\/uploads\/2025\/05\/robinsom-almeida-foto-divulgacao.jpg",1200,844,false],"2048x2048":["https:\/\/noticiasbahia360.com.br\/wp-content\/uploads\/2025\/05\/robinsom-almeida-foto-divulgacao.jpg",1200,844,false],"chromenews-featured":["https:\/\/noticiasbahia360.com.br\/wp-content\/uploads\/2025\/05\/robinsom-almeida-foto-divulgacao-1024x720.jpg",1024,720,true],"chromenews-large":["https:\/\/noticiasbahia360.com.br\/wp-content\/uploads\/2025\/05\/robinsom-almeida-foto-divulgacao-825x575.jpg",825,575,true],"chromenews-medium":["https:\/\/noticiasbahia360.com.br\/wp-content\/uploads\/2025\/05\/robinsom-almeida-foto-divulgacao-590x410.jpg",590,410,true]},"author_info":{"display_name":"noticiasbahia360.com.br","author_link":"https:\/\/noticiasbahia360.com.br\/?author=1"},"category_info":"<a href=\"https:\/\/noticiasbahia360.com.br\/?cat=8\" rel=\"category\">Bahia<\/a> <a href=\"https:\/\/noticiasbahia360.com.br\/?cat=9\" rel=\"category\">Brasil<\/a> <a href=\"https:\/\/noticiasbahia360.com.br\/?cat=6\" rel=\"category\">Feira de Santana<\/a> <a href=\"https:\/\/noticiasbahia360.com.br\/?cat=57\" rel=\"category\">Mundo<\/a> <a href=\"https:\/\/noticiasbahia360.com.br\/?cat=56\" rel=\"category\">Pol\u00edcia<\/a> <a href=\"https:\/\/noticiasbahia360.com.br\/?cat=10\" rel=\"category\">Pol\u00edtica<\/a>","tag_info":"Pol\u00edtica","comment_count":"0","_links":{"self":[{"href":"https:\/\/noticiasbahia360.com.br\/index.php?rest_route=\/wp\/v2\/posts\/87287","targetHints":{"allow":["GET"]}}],"collection":[{"href":"https:\/\/noticiasbahia360.com.br\/index.php?rest_route=\/wp\/v2\/posts"}],"about":[{"href":"https:\/\/noticiasbahia360.com.br\/index.php?rest_route=\/wp\/v2\/types\/post"}],"author":[{"embeddable":true,"href":"https:\/\/noticiasbahia360.com.br\/index.php?rest_route=\/wp\/v2\/users\/1"}],"replies":[{"embeddable":true,"href":"https:\/\/noticiasbahia360.com.br\/index.php?rest_route=%2Fwp%2Fv2%2Fcomments&post=87287"}],"version-history":[{"count":0,"href":"https:\/\/noticiasbahia360.com.br\/index.php?rest_route=\/wp\/v2\/posts\/87287\/revisions"}],"wp:featuredmedia":[{"embeddable":true,"href":"https:\/\/noticiasbahia360.com.br\/index.php?rest_route=\/wp\/v2\/media\/87288"}],"wp:attachment":[{"href":"https:\/\/noticiasbahia360.com.br\/index.php?rest_route=%2Fwp%2Fv2%2Fmedia&parent=87287"}],"wp:term":[{"taxonomy":"category","embeddable":true,"href":"https:\/\/noticiasbahia360.com.br\/index.php?rest_route=%2Fwp%2Fv2%2Fcategories&post=87287"},{"taxonomy":"post_tag","embeddable":true,"href":"https:\/\/noticiasbahia360.com.br\/index.php?rest_route=%2Fwp%2Fv2%2Ftags&post=87287"}],"curies":[{"name":"wp","href":"https:\/\/api.w.org\/{rel}","templated":true}]}} 