{"id":87289,"date":"2025-05-23T22:35:39","date_gmt":"2025-05-24T01:35:39","guid":{"rendered":"https:\/\/noticiasbahia360.com.br\/?p=87289"},"modified":"2025-05-23T22:35:39","modified_gmt":"2025-05-24T01:35:39","slug":"iii-jornada-de-urologia-do-interior-da-bahia-acontece-neste-fim-de-semana-em-feira-de-santana","status":"publish","type":"post","link":"https:\/\/noticiasbahia360.com.br\/?p=87289","title":{"rendered":"III Jornada de Urologia do Interior da Bahia acontece neste fim de semana em Feira de Santana"},"content":{"rendered":"<div>\n<div>\n<figure><img decoding=\"async\" src=\"http:\/\/noticiasbahia360.com.br\/wp-content\/uploads\/2025\/05\/jornada-de-urlogia.jpg\" alt=\"jornada de urologia\"><figcaption>Jornada de urologia<\/figcaption><\/figure>\n<\/div>\n<p>Nos dias 23 e 24 de maio acontece em Feira de Santana a III Jornada de Urologia do Interior da Bahia, o evento est\u00e1 sendo realizado no NH Hotel, localizado na Av. Jo\u00e3o Durval Carneiro. Humberto Ferraz, m\u00e9dico urologista e presidente da Sociedade Brasileira de Urologia conversou com a reportagem do Acorda Cidade sobre o evento que reunir\u00e1 profissionais de diversas cidades baianas. \u201c\u00c9 uma honra estar trazendo aqui pra Feira de Santana um evento que vai reunir muitos urologistas da capital e de v\u00e1rias outras cidades pra gente interagir. O objetivo principal \u00e9 a integra\u00e7\u00e3o, e a oportunidade de networking.\u201d<\/p>\n<p>O m\u00e9dico destacou os principais t\u00f3picos que ser\u00e3o tratados no evento. \u201cVamos discutir grandes \u00e1reas da urologia, as \u00e1reas escolhidas foram dentro da Andrologia, a qual vai discutir principalmente tratamentos de <a href=\"https:\/\/www.acordacidade.com.br\/saude\/disfuncao-eretil-sera-debatida-em-jornada-de-urologia-em-feira-de-santana\/\">disfun\u00e7\u00e3o er\u00e9til<\/a>, reposi\u00e7\u00e3o de testosterona, est\u00e9tica genital, incontin\u00eancia urin\u00e1ria, terapias de c\u00e2ncer de pr\u00f3stata, cirurgia rob\u00f3tica, um tipo de cirurgia que inclusive j\u00e1 est\u00e1 sendo realizada em Vit\u00f3ria da Conquista.\u201d<\/p>\n<p>Segundo doutor Humberto, no primeiro dia de programa\u00e7\u00e3o ser\u00e3o discutidos dois m\u00f3dulos. O primeiro \u00e9 um m\u00f3dulo de Andrologia, que discute disfun\u00e7\u00f5es miccionais como incontin\u00eancia urin\u00e1ria, e prolapso genital feminino. O segundo m\u00f3dulo ser\u00e1 dedicado \u00e0 discuss\u00e3o de c\u00e2ncer de pr\u00f3stata e cirurgia rob\u00f3tica, t\u00e9cnicas e tecnologias.<\/p>\n<p>Neste s\u00e1bado (24), segundo dia de evento, acontecer\u00e1 uma cirurgia que ser\u00e1 transmitida\u00a0 ao vivo para o audit\u00f3rio. A cirurgia ser\u00e1 um demonstrativo da t\u00e9cnica de ROLP (Ressec\u00e7\u00e3o Operativa Laparosc\u00f3pica da Pr\u00f3stata), uma t\u00e9cnica cir\u00fargica que permite operar pr\u00f3statas grandes por via endosc\u00f3pica transuretral sem precisar da tradicional abordagem por via abdominal. A t\u00e9cnica resulta em um menor tempo de interna\u00e7\u00e3o, menor risco de sangramento e menor possibilidade de\u00a0 precisar repetir a cirurgia popularmente conhecida como raspagem, futuramente.<\/p>\n<h2 class=\"wp-block-heading\" id=\"h-principais-problemas-urologicos-que-afetam-os-homens\">Principais problemas urol\u00f3gicos que afetam os homens<\/h2>\n<p>De acordo com Dr. Humberto, o c\u00e2ncer de pr\u00f3stata \u00e9 a comorbidade que mais tem sido estudada, mas as estat\u00edsticas tamb\u00e9m indicam que os principais problemas variam conforme a idade do paciente. \u201cO c\u00e2ncer de pr\u00f3stata \u00e9 o c\u00e2ncer mais prevalente no homem, atr\u00e1s somente dos c\u00e2nceres de pele n\u00e3o melanoma. Uma estimativa anual no Brasil \u00e9 de 71 mil novos casos.\u00a0 Mas al\u00e9m disso, a gente tem com o progredir da idade, uma frequ\u00eancia maior da hipertrofia de pr\u00f3stata e disfun\u00e7\u00e3o er\u00e9til, e em todas as idades, infec\u00e7\u00e3o urin\u00e1ria, c\u00e1lculos renais. Ent\u00e3o, seriam as patologias mais frequentemente atendidas em consult\u00f3rios e em emerg\u00eancia.\u201d<\/p>\n<h2 class=\"wp-block-heading\" id=\"h-mulheres-e-urologia\">Mulheres e urologia<\/h2>\n<p>Durante a entrevista concedida ao vivo no Programa Acorda Cidade, o m\u00e9dico urologista abordou tamb\u00e9m um assunto pouco falado, a \u00e1rea feminina da urologia. \u201cO urologista trata, al\u00e9m da parte genital externa masculina, as patologias relacionadas \u00e0 rins e bexiga, tanto de homem, quanto de mulher. E existe uma sub-\u00e1rea da urologia, que \u00e9 justamente a urologia feminina, ou a uroginecologia, no qual abordamos tamb\u00e9m temas que s\u00e3o afins com a ginecologia, como, por exemplo, incontin\u00eancia urin\u00e1ria, perder urina quando tossir ou espirrar, fazer um esfor\u00e7o; al\u00e9m de infec\u00e7\u00e3o urin\u00e1ria, prolapso\u2026\u201d<\/p>\n<h2 class=\"wp-block-heading\" id=\"h-reposicao-de-testosterona\">Reposi\u00e7\u00e3o de testosterona<\/h2>\n<p>Entrando em um dos assuntos bem comentados na atualidade, Dr. Humberto tamb\u00e9m falou sobre\u00a0 o uso irrespons\u00e1vel da testosterona. \u201cO uso da testosterona, deve ser feito do ponto de vista cl\u00ednico, para reposi\u00e7\u00e3o quando h\u00e1 uma queda, e essa queda vem acompanhada de sintomas, como uma baixa disposi\u00e7\u00e3o, tanto para o trabalho quanto para outras atividades, diminui\u00e7\u00e3o do desejo sexual, da libido. Quando voc\u00ea vai fazer a dosagem e ela vem baixa, voc\u00ea vai repor. O uso para melhorar a performance, ter quest\u00f5es relacionadas \u00e0 melhora da quest\u00e3o do f\u00edsico, achando que vai funcionar como uma quest\u00e3o de aumentar a massa muscular, por exemplo, pode trazer malef\u00edcios no sentido de voc\u00ea n\u00e3o monitorar.\u201d<\/p>\n<p>Segundo ele o uso indevido pode causar complica\u00e7\u00f5es at\u00e9 em casos de predisposi\u00e7\u00e3o ao c\u00e2ncer: \u201cPor exemplo, o homem que tem um c\u00e2ncer de pr\u00f3stata, que tem uma predile\u00e7\u00e3o, ou j\u00e1 tem um c\u00e2ncer ali instalado, mas na fase inicial, e est\u00e1 usando a testosterona,\u00a0ela pode estimular esse crescimento. Tem que se monitorar o hemograma. Existem algumas monitora\u00e7\u00f5es que precisam ser feitas. Muitas vezes eles usam a testosterona associados a outros anabolizantes, que a\u00ed pode trazer problemas hep\u00e1ticos tamb\u00e9m em outros \u00f3rg\u00e3os.\u201d explicou. <\/p>\n<p>Confira a programa\u00e7\u00e3o completa e os palestrantes que v\u00e3o participar do evento no link:<a href=\"https:\/\/www.abmeducacaopermanente.org.br\/\"> <\/a><a href=\"about:blank\">www.abmeduca\u00e7\u00e3opermanente.org.br<\/a>.<\/p>\n<p><em>Siga o Acorda Cidade no<\/em><a href=\"https:\/\/news.google.com\/search?q=acorda%20cidade&amp;hl=pt-BR&amp;gl=BR&amp;ceid=BR%3Apt-419\"><strong><em> Google Not\u00edcias<\/em><\/strong><\/a><em> e receba os principais destaques do dia. Participe tamb\u00e9m dos nossos canais no <\/em><a href=\"https:\/\/whatsapp.com\/channel\/0029Va6Rb4v3WHTNnsh8WI3N\"><strong><em>WhatsApp<\/em><\/strong><\/a><em> e <\/em><a href=\"https:\/\/www.youtube.com\/@acordacidadenoticias\/videos\"><strong>Youtube<\/strong><\/a><em> e grupo de <\/em><a href=\"https:\/\/t.me\/+sSz0khrgARA0ZmRh\"><strong><em>Telegram<\/em><\/strong><\/a><em>.<\/em><\/p>\n<\/div>\n","protected":false},"excerpt":{"rendered":"<div>\n<div>\n<figure><img decoding=\"async\" src=\"https:\/\/uploads.acordacidade.com.br\/2025\/05\/jornada-de-urlogia.jpg\" alt=\"jornada de urologia\"><figcaption>Jornada de urologia<\/figcaption><\/figure>\n<\/div>\n<p>Em entrevista ao Programa Acorda Cidade, o presidente  da Sociedade Brasileira de Urologia falou sobre o evento<\/p><\/div>\n","protected":false},"author":1,"featured_media":87290,"comment_status":"closed","ping_status":"closed","sticky":false,"template":"","format":"gallery","meta":{"footnotes":""},"categories":[8,9,6,57,56,10],"tags":[],"class_list":["post-87289","post","type-post","status-publish","format-gallery","has-post-thumbnail","hentry","category-bahia","category-brasil","category-feira-de-santana","category-mundo","category-policia","category-politica","post_format-post-format-gallery"],"featured_image_urls":{"full":["https:\/\/noticiasbahia360.com.br\/wp-content\/uploads\/2025\/05\/jornada-de-urlogia.jpg",1200,519,false],"thumbnail":["https:\/\/noticiasbahia360.com.br\/wp-content\/uploads\/2025\/05\/jornada-de-urlogia-150x150.jpg",150,150,true],"medium":["https:\/\/noticiasbahia360.com.br\/wp-content\/uploads\/2025\/05\/jornada-de-urlogia-300x130.jpg",300,130,true],"medium_large":["https:\/\/noticiasbahia360.com.br\/wp-content\/uploads\/2025\/05\/jornada-de-urlogia-768x332.jpg",640,277,true],"large":["https:\/\/noticiasbahia360.com.br\/wp-content\/uploads\/2025\/05\/jornada-de-urlogia-1024x443.jpg",640,277,true],"1536x1536":["https:\/\/noticiasbahia360.com.br\/wp-content\/uploads\/2025\/05\/jornada-de-urlogia.jpg",1200,519,false],"2048x2048":["https:\/\/noticiasbahia360.com.br\/wp-content\/uploads\/2025\/05\/jornada-de-urlogia.jpg",1200,519,false],"chromenews-featured":["https:\/\/noticiasbahia360.com.br\/wp-content\/uploads\/2025\/05\/jornada-de-urlogia-1024x443.jpg",1024,443,true],"chromenews-large":["https:\/\/noticiasbahia360.com.br\/wp-content\/uploads\/2025\/05\/jornada-de-urlogia-825x519.jpg",825,519,true],"chromenews-medium":["https:\/\/noticiasbahia360.com.br\/wp-content\/uploads\/2025\/05\/jornada-de-urlogia-590x410.jpg",590,410,true]},"author_info":{"display_name":"noticiasbahia360.com.br","author_link":"https:\/\/noticiasbahia360.com.br\/?author=1"},"category_info":"<a href=\"https:\/\/noticiasbahia360.com.br\/?cat=8\" rel=\"category\">Bahia<\/a> <a href=\"https:\/\/noticiasbahia360.com.br\/?cat=9\" rel=\"category\">Brasil<\/a> <a href=\"https:\/\/noticiasbahia360.com.br\/?cat=6\" rel=\"category\">Feira de Santana<\/a> <a href=\"https:\/\/noticiasbahia360.com.br\/?cat=57\" rel=\"category\">Mundo<\/a> <a href=\"https:\/\/noticiasbahia360.com.br\/?cat=56\" rel=\"category\">Pol\u00edcia<\/a> <a href=\"https:\/\/noticiasbahia360.com.br\/?cat=10\" rel=\"category\">Pol\u00edtica<\/a>","tag_info":"Pol\u00edtica","comment_count":"0","_links":{"self":[{"href":"https:\/\/noticiasbahia360.com.br\/index.php?rest_route=\/wp\/v2\/posts\/87289","targetHints":{"allow":["GET"]}}],"collection":[{"href":"https:\/\/noticiasbahia360.com.br\/index.php?rest_route=\/wp\/v2\/posts"}],"about":[{"href":"https:\/\/noticiasbahia360.com.br\/index.php?rest_route=\/wp\/v2\/types\/post"}],"author":[{"embeddable":true,"href":"https:\/\/noticiasbahia360.com.br\/index.php?rest_route=\/wp\/v2\/users\/1"}],"replies":[{"embeddable":true,"href":"https:\/\/noticiasbahia360.com.br\/index.php?rest_route=%2Fwp%2Fv2%2Fcomments&post=87289"}],"version-history":[{"count":0,"href":"https:\/\/noticiasbahia360.com.br\/index.php?rest_route=\/wp\/v2\/posts\/87289\/revisions"}],"wp:featuredmedia":[{"embeddable":true,"href":"https:\/\/noticiasbahia360.com.br\/index.php?rest_route=\/wp\/v2\/media\/87290"}],"wp:attachment":[{"href":"https:\/\/noticiasbahia360.com.br\/index.php?rest_route=%2Fwp%2Fv2%2Fmedia&parent=87289"}],"wp:term":[{"taxonomy":"category","embeddable":true,"href":"https:\/\/noticiasbahia360.com.br\/index.php?rest_route=%2Fwp%2Fv2%2Fcategories&post=87289"},{"taxonomy":"post_tag","embeddable":true,"href":"https:\/\/noticiasbahia360.com.br\/index.php?rest_route=%2Fwp%2Fv2%2Ftags&post=87289"}],"curies":[{"name":"wp","href":"https:\/\/api.w.org\/{rel}","templated":true}]}}