{"id":87291,"date":"2025-05-23T22:41:26","date_gmt":"2025-05-24T01:41:26","guid":{"rendered":"https:\/\/noticiasbahia360.com.br\/?p=87291"},"modified":"2025-05-23T22:41:26","modified_gmt":"2025-05-24T01:41:26","slug":"feira-de-santana-registra-primeira-morte-por-dengue-em-2025","status":"publish","type":"post","link":"https:\/\/noticiasbahia360.com.br\/?p=87291","title":{"rendered":"Feira de Santana registra primeira morte por dengue em 2025"},"content":{"rendered":"<div>\n<div>\n<figure><img decoding=\"async\" src=\"http:\/\/noticiasbahia360.com.br\/wp-content\/uploads\/2025\/05\/2bL7syhd-Repelente-para-o-mosquito-de-dengue-receita-caseira-com-manjericao-e-cravo-para-se-proteger-2.webp\" alt=\"Repelente para o mosquito de dengue receita caseira com manjeric\u00e3o e cravo para se proteger\"><figcaption>Imagem criada com IA<\/figcaption><\/figure>\n<\/div>\n<p>A Secretaria Municipal de Sa\u00fade de Feira de Santana confirmou, na quarta-feira (21), a primeira morte por dengue no munic\u00edpio em 2025. A v\u00edtima foi uma idosa de 79 anos, identificada pelas iniciais R.F.S., moradora do bairro Queimadinha, que apresentava comorbidades.<\/p>\n<p>Ela faleceu no dia 15 de abril, no Hospital Geral Cl\u00e9riston Andrade, onde estava internada por complica\u00e7\u00f5es causadas pela doen\u00e7a. A paciente era hipertensa e diab\u00e9tica. Os sintomas come\u00e7aram em 2 de abril, com febre, v\u00f4mitos e diarreia. Foi internada no dia 4, apresentando queda de plaquetas, letargia, hepatomegalia (aumento do f\u00edgado), entre outros sinais cl\u00ednicos, e evoluiu para \u00f3bito.<\/p>\n<p>A informa\u00e7\u00e3o consta no alerta epidemiol\u00f3gico divulgado pela Secretaria de Sa\u00fade nesta sexta-feira (23). Segundo o documento, entre 1\u00ba de janeiro e esta quinta-feira (22), foram notificados 955 casos de dengue em Feira de Santana, com 123 confirma\u00e7\u00f5es. Desses, 24 apresentaram sinais de alarme e um evoluiu para \u00f3bito.<\/p>\n<p>Em compara\u00e7\u00e3o com o mesmo per\u00edodo de 2024, os n\u00fameros representam uma redu\u00e7\u00e3o significativa. No ano passado, foram registrados 13.746 casos, com 5.750 confirma\u00e7\u00f5es \u2014 849 com sinais de alarme e 21 classificados como graves.<\/p>\n<p>Apesar da queda nos \u00edndices, a Secretaria de Sa\u00fade refor\u00e7a a import\u00e2ncia da continuidade nas a\u00e7\u00f5es de controle e combate ao Aedes aegypti.<\/p>\n<p><strong>A\u00c7\u00d5ES CONCENTRADAS<\/strong><\/p>\n<p>O secret\u00e1rio municipal de Sa\u00fade, Rodrigo Matos, destacou as estrat\u00e9gias adotadas pela pasta para conter a prolifera\u00e7\u00e3o do mosquito transmissor da dengue, zika e chikungunya.<\/p>\n<p>\u201cAl\u00e9m da atua\u00e7\u00e3o di\u00e1ria dos agentes de combate \u00e0s endemias, que realizam visitas domiciliares para identifica\u00e7\u00e3o de focos e aplica\u00e7\u00e3o de inseticidas e larvicidas, tamb\u00e9m promovemos mobiliza\u00e7\u00f5es educativas em escolas, unidades de sa\u00fade e comunidades. Iniciamos ainda a instala\u00e7\u00e3o das ovitrampas \u2014 armadilhas que monitoram a presen\u00e7a do Aedes aegypti nos bairros com maior risco de infesta\u00e7\u00e3o\u201d, afirmou.<\/p>\n<p>O secret\u00e1rio tamb\u00e9m refor\u00e7ou a import\u00e2ncia da vacina\u00e7\u00e3o como ferramenta de prote\u00e7\u00e3o \u00e0 sa\u00fade. A vacina contra a dengue est\u00e1 dispon\u00edvel gratuitamente na rede municipal para crian\u00e7as e adolescentes de 10 a 14 anos.<\/p>\n<p>\u201c\u00c9 fundamental que pais e respons\u00e1veis levem seus filhos \u00e0s unidades de sa\u00fade. A imuniza\u00e7\u00e3o \u00e9 uma medida essencial para prevenir formas graves da doen\u00e7a e reduzir hospitaliza\u00e7\u00f5es. Vacinas salvam vidas\u201d, enfatizou Rodrigo Matos.<\/p>\n<p>De fevereiro de 2024 at\u00e9 22 de maio de 2025, foram aplicadas 34.129 doses da vacina contra a dengue no munic\u00edpio. Desse total, 23.131 correspondem \u00e0 primeira dose e 10.998 \u00e0 segunda dose.<\/p>\n<p><em>Com informa\u00e7\u00f5es da Secretaria Municipal de Comunica\u00e7\u00e3o Social de Feira de Santana <\/em><\/p>\n<\/div>\n","protected":false},"excerpt":{"rendered":"<div>\n<div>\n<figure><img decoding=\"async\" src=\"https:\/\/uploads.acordacidade.com.br\/2025\/05\/2bL7syhd-Repelente-para-o-mosquito-de-dengue-receita-caseira-com-manjericao-e-cravo-para-se-proteger-2.webp\" alt=\"Repelente para o mosquito de dengue receita caseira com manjeric\u00e3o e cravo para se proteger\"><figcaption>Imagem criada com IA<\/figcaption><\/figure>\n<\/div>\n<p>A v\u00edtima foi uma idosa de 79 anos, identificada pelas iniciais R.F.S., moradora do bairro Queimadinha, que apresentava comorbidades.<\/p><\/div>\n","protected":false},"author":1,"featured_media":87292,"comment_status":"closed","ping_status":"closed","sticky":false,"template":"","format":"gallery","meta":{"footnotes":""},"categories":[8,9,6,57,56,10],"tags":[],"class_list":["post-87291","post","type-post","status-publish","format-gallery","has-post-thumbnail","hentry","category-bahia","category-brasil","category-feira-de-santana","category-mundo","category-policia","category-politica","post_format-post-format-gallery"],"featured_image_urls":{"full":["https:\/\/noticiasbahia360.com.br\/wp-content\/uploads\/2025\/05\/2bL7syhd-Repelente-para-o-mosquito-de-dengue-receita-caseira-com-manjericao-e-cravo-para-se-proteger-2.webp",1536,1024,false],"thumbnail":["https:\/\/noticiasbahia360.com.br\/wp-content\/uploads\/2025\/05\/2bL7syhd-Repelente-para-o-mosquito-de-dengue-receita-caseira-com-manjericao-e-cravo-para-se-proteger-2-150x150.webp",150,150,true],"medium":["https:\/\/noticiasbahia360.com.br\/wp-content\/uploads\/2025\/05\/2bL7syhd-Repelente-para-o-mosquito-de-dengue-receita-caseira-com-manjericao-e-cravo-para-se-proteger-2-300x200.webp",300,200,true],"medium_large":["https:\/\/noticiasbahia360.com.br\/wp-content\/uploads\/2025\/05\/2bL7syhd-Repelente-para-o-mosquito-de-dengue-receita-caseira-com-manjericao-e-cravo-para-se-proteger-2-768x512.webp",640,427,true],"large":["https:\/\/noticiasbahia360.com.br\/wp-content\/uploads\/2025\/05\/2bL7syhd-Repelente-para-o-mosquito-de-dengue-receita-caseira-com-manjericao-e-cravo-para-se-proteger-2-1024x683.webp",640,427,true],"1536x1536":["https:\/\/noticiasbahia360.com.br\/wp-content\/uploads\/2025\/05\/2bL7syhd-Repelente-para-o-mosquito-de-dengue-receita-caseira-com-manjericao-e-cravo-para-se-proteger-2.webp",1536,1024,false],"2048x2048":["https:\/\/noticiasbahia360.com.br\/wp-content\/uploads\/2025\/05\/2bL7syhd-Repelente-para-o-mosquito-de-dengue-receita-caseira-com-manjericao-e-cravo-para-se-proteger-2.webp",1536,1024,false],"chromenews-featured":["https:\/\/noticiasbahia360.com.br\/wp-content\/uploads\/2025\/05\/2bL7syhd-Repelente-para-o-mosquito-de-dengue-receita-caseira-com-manjericao-e-cravo-para-se-proteger-2-1024x683.webp",1024,683,true],"chromenews-large":["https:\/\/noticiasbahia360.com.br\/wp-content\/uploads\/2025\/05\/2bL7syhd-Repelente-para-o-mosquito-de-dengue-receita-caseira-com-manjericao-e-cravo-para-se-proteger-2-825x575.webp",825,575,true],"chromenews-medium":["https:\/\/noticiasbahia360.com.br\/wp-content\/uploads\/2025\/05\/2bL7syhd-Repelente-para-o-mosquito-de-dengue-receita-caseira-com-manjericao-e-cravo-para-se-proteger-2-590x410.webp",590,410,true]},"author_info":{"display_name":"noticiasbahia360.com.br","author_link":"https:\/\/noticiasbahia360.com.br\/?author=1"},"category_info":"<a href=\"https:\/\/noticiasbahia360.com.br\/?cat=8\" rel=\"category\">Bahia<\/a> <a href=\"https:\/\/noticiasbahia360.com.br\/?cat=9\" rel=\"category\">Brasil<\/a> <a href=\"https:\/\/noticiasbahia360.com.br\/?cat=6\" rel=\"category\">Feira de Santana<\/a> <a href=\"https:\/\/noticiasbahia360.com.br\/?cat=57\" rel=\"category\">Mundo<\/a> <a href=\"https:\/\/noticiasbahia360.com.br\/?cat=56\" rel=\"category\">Pol\u00edcia<\/a> <a href=\"https:\/\/noticiasbahia360.com.br\/?cat=10\" rel=\"category\">Pol\u00edtica<\/a>","tag_info":"Pol\u00edtica","comment_count":"0","_links":{"self":[{"href":"https:\/\/noticiasbahia360.com.br\/index.php?rest_route=\/wp\/v2\/posts\/87291","targetHints":{"allow":["GET"]}}],"collection":[{"href":"https:\/\/noticiasbahia360.com.br\/index.php?rest_route=\/wp\/v2\/posts"}],"about":[{"href":"https:\/\/noticiasbahia360.com.br\/index.php?rest_route=\/wp\/v2\/types\/post"}],"author":[{"embeddable":true,"href":"https:\/\/noticiasbahia360.com.br\/index.php?rest_route=\/wp\/v2\/users\/1"}],"replies":[{"embeddable":true,"href":"https:\/\/noticiasbahia360.com.br\/index.php?rest_route=%2Fwp%2Fv2%2Fcomments&post=87291"}],"version-history":[{"count":0,"href":"https:\/\/noticiasbahia360.com.br\/index.php?rest_route=\/wp\/v2\/posts\/87291\/revisions"}],"wp:featuredmedia":[{"embeddable":true,"href":"https:\/\/noticiasbahia360.com.br\/index.php?rest_route=\/wp\/v2\/media\/87292"}],"wp:attachment":[{"href":"https:\/\/noticiasbahia360.com.br\/index.php?rest_route=%2Fwp%2Fv2%2Fmedia&parent=87291"}],"wp:term":[{"taxonomy":"category","embeddable":true,"href":"https:\/\/noticiasbahia360.com.br\/index.php?rest_route=%2Fwp%2Fv2%2Fcategories&post=87291"},{"taxonomy":"post_tag","embeddable":true,"href":"https:\/\/noticiasbahia360.com.br\/index.php?rest_route=%2Fwp%2Fv2%2Ftags&post=87291"}],"curies":[{"name":"wp","href":"https:\/\/api.w.org\/{rel}","templated":true}]}} 