{"id":87293,"date":"2025-05-23T22:41:31","date_gmt":"2025-05-24T01:41:31","guid":{"rendered":"https:\/\/noticiasbahia360.com.br\/?p=87293"},"modified":"2025-05-23T22:41:31","modified_gmt":"2025-05-24T01:41:31","slug":"acao-do-procon-flagra-irregularidades-em-14-estacionamentos","status":"publish","type":"post","link":"https:\/\/noticiasbahia360.com.br\/?p=87293","title":{"rendered":"A\u00e7\u00e3o do Procon flagra irregularidades em 14 estacionamentos"},"content":{"rendered":"<div>\n<p>A Superintend\u00eancia Municipal de Prote\u00e7\u00e3o e Defesa do Consumidor (Procon-FSA) intensificou nesta semana a fiscaliza\u00e7\u00e3o nos estacionamentos da cidade e encontrou irregularidades em grande parte dos locais vistoriados. Segundo o superintendente do \u00f3rg\u00e3o, Maur\u00edcio Carvalho, foram realizadas 18 visitas, das quais 14 resultaram em autos de constata\u00e7\u00e3o, ou seja, foram identificadas falhas no cumprimento das normas previstas em lei.<\/p>\n<p>\u201cO objetivo \u00e9 garantir que o consumidor, ao pagar por um servi\u00e7o, seja respeitado em seus direitos. O estacionamento configura uma rela\u00e7\u00e3o de consumo e, por isso, deve seguir o que determina o C\u00f3digo de Defesa do Consumidor e as legisla\u00e7\u00f5es municipais\u201d, explicou o superintendente.<\/p>\n<p>Entre os pontos verificados pela equipe de fiscaliza\u00e7\u00e3o est\u00e3o a disponibiliza\u00e7\u00e3o do C\u00f3digo de Defesa do Consumidor para consulta, a clareza nas formas de pagamento aceitas como cart\u00e3o de cr\u00e9dito ou d\u00e9bito, PIX, dinheiro em esp\u00e9cie e o cumprimento da Lei Municipal n\u00ba 3254\/2011, que regula o fracionamento da tarifa de cobran\u00e7a a partir da segunda hora de perman\u00eancia.<\/p>\n<p>\u201cA lei \u00e9 clara e determina que o valor cobrado ap\u00f3s a primeira hora n\u00e3o pode ultrapassar 50% do valor inicial. Tamb\u00e9m analisamos se h\u00e1 vantagem excessiva ou valores exorbitantes cobrados logo na primeira hora\u201d, explicou Maur\u00edcio Carvalho.<\/p>\n<p>Outras irregularidades observadas incluem a aus\u00eancia de sinaliza\u00e7\u00e3o adequada sobre pre\u00e7os, falta de estrutura para abrigar o consumidor durante o pagamento, aus\u00eancia de vagas reservadas para pessoas com defici\u00eancia e m\u00e1 presta\u00e7\u00e3o de servi\u00e7o em locais onde o estacionamento \u00e9 compartilhado com outras atividades econ\u00f4micas.<\/p>\n<p>Carvalho tamb\u00e9m refor\u00e7ou que os estacionamentos s\u00e3o respons\u00e1veis por qualquer dano causado aos ve\u00edculos durante o per\u00edodo em que estiverem sob sua guarda. \u201c\u00c9 um direito do consumidor. Se comprovado que o dano ocorreu dentro do estacionamento, cabe ao estabelecimento reparar o preju\u00edzo, inclusive acionando o seguro, se for o caso\u201d, ressaltou.<\/p>\n<p>Das 18 vistorias, apenas quatro estabelecimentos estavam em total conformidade com as normas. O Procon seguir\u00e1 monitorando os estacionamentos da cidade e orienta os consumidores a denunciarem irregularidades por meio dos canais oficiais do \u00f3rg\u00e3o.<\/p>\n<p>A a\u00e7\u00e3o visa assegurar que os servi\u00e7os pagos sejam prestados com qualidade, seguran\u00e7a e respeito ao cidad\u00e3o feirense.<\/p>\n<div class=\"wp-block-group\">\n<div class=\"wp-block-group__inner-container is-layout-constrained wp-block-group-is-layout-constrained\">\n<p><em>Com informa\u00e7\u00f5es da Secretaria Municipal de Comunica\u00e7\u00e3o Social de Feira de Santana <\/em><\/p>\n<p><em>Siga o Acorda Cidade no<\/em><a href=\"https:\/\/news.google.com\/search?q=acorda%20cidade&amp;hl=pt-BR&amp;gl=BR&amp;ceid=BR%3Apt-419\"><strong><em>\u00a0Google Not\u00edcias<\/em><\/strong><\/a><em>\u00a0e receba os principais destaques do dia. Participe tamb\u00e9m dos nossos canais no\u00a0<\/em><a href=\"https:\/\/www.whatsapp.com\/channel\/0029Va6Rb4v3WHTNnsh8WI3N\"><strong><em>WhatsApp<\/em><\/strong><\/a><em>\u00a0e\u00a0<\/em><a href=\"https:\/\/www.youtube.com\/@acordacidadenoticias\/videos\"><strong>Youtube<\/strong><\/a><em>\u00a0e grupo de\u00a0<\/em><a href=\"https:\/\/t.me\/+sSz0khrgARA0ZmRh\"><strong><em>Telegram<\/em><\/strong><\/a><em>.<\/em><\/p>\n<\/div>\n<\/div>\n<\/div>\n","protected":false},"excerpt":{"rendered":"<div>Entre os pontos verificados pela equipe de fiscaliza\u00e7\u00e3o est\u00e3o a disponibiliza\u00e7\u00e3o do C\u00f3digo de Defesa do Consumidor para consulta<\/div>\n","protected":false},"author":1,"featured_media":0,"comment_status":"closed","ping_status":"closed","sticky":false,"template":"","format":"gallery","meta":{"footnotes":""},"categories":[8,9,6,57,56,10],"tags":[],"class_list":["post-87293","post","type-post","status-publish","format-gallery","hentry","category-bahia","category-brasil","category-feira-de-santana","category-mundo","category-policia","category-politica","post_format-post-format-gallery"],"featured_image_urls":{"full":"","thumbnail":"","medium":"","medium_large":"","large":"","1536x1536":"","2048x2048":"","chromenews-featured":"","chromenews-large":"","chromenews-medium":""},"author_info":{"display_name":"noticiasbahia360.com.br","author_link":"https:\/\/noticiasbahia360.com.br\/?author=1"},"category_info":"<a href=\"https:\/\/noticiasbahia360.com.br\/?cat=8\" rel=\"category\">Bahia<\/a> <a href=\"https:\/\/noticiasbahia360.com.br\/?cat=9\" rel=\"category\">Brasil<\/a> <a href=\"https:\/\/noticiasbahia360.com.br\/?cat=6\" rel=\"category\">Feira de Santana<\/a> <a href=\"https:\/\/noticiasbahia360.com.br\/?cat=57\" rel=\"category\">Mundo<\/a> <a href=\"https:\/\/noticiasbahia360.com.br\/?cat=56\" rel=\"category\">Pol\u00edcia<\/a> <a href=\"https:\/\/noticiasbahia360.com.br\/?cat=10\" rel=\"category\">Pol\u00edtica<\/a>","tag_info":"Pol\u00edtica","comment_count":"0","_links":{"self":[{"href":"https:\/\/noticiasbahia360.com.br\/index.php?rest_route=\/wp\/v2\/posts\/87293","targetHints":{"allow":["GET"]}}],"collection":[{"href":"https:\/\/noticiasbahia360.com.br\/index.php?rest_route=\/wp\/v2\/posts"}],"about":[{"href":"https:\/\/noticiasbahia360.com.br\/index.php?rest_route=\/wp\/v2\/types\/post"}],"author":[{"embeddable":true,"href":"https:\/\/noticiasbahia360.com.br\/index.php?rest_route=\/wp\/v2\/users\/1"}],"replies":[{"embeddable":true,"href":"https:\/\/noticiasbahia360.com.br\/index.php?rest_route=%2Fwp%2Fv2%2Fcomments&post=87293"}],"version-history":[{"count":0,"href":"https:\/\/noticiasbahia360.com.br\/index.php?rest_route=\/wp\/v2\/posts\/87293\/revisions"}],"wp:attachment":[{"href":"https:\/\/noticiasbahia360.com.br\/index.php?rest_route=%2Fwp%2Fv2%2Fmedia&parent=87293"}],"wp:term":[{"taxonomy":"category","embeddable":true,"href":"https:\/\/noticiasbahia360.com.br\/index.php?rest_route=%2Fwp%2Fv2%2Fcategories&post=87293"},{"taxonomy":"post_tag","embeddable":true,"href":"https:\/\/noticiasbahia360.com.br\/index.php?rest_route=%2Fwp%2Fv2%2Ftags&post=87293"}],"curies":[{"name":"wp","href":"https:\/\/api.w.org\/{rel}","templated":true}]}}