{"id":87294,"date":"2025-05-23T23:10:51","date_gmt":"2025-05-24T02:10:51","guid":{"rendered":"https:\/\/noticiasbahia360.com.br\/?p=87294"},"modified":"2025-05-23T23:10:51","modified_gmt":"2025-05-24T02:10:51","slug":"policia-militar-realiza-grande-apreensao-de-drogas-em-casa-no-centro-de-feira-de-santana","status":"publish","type":"post","link":"https:\/\/noticiasbahia360.com.br\/?p=87294","title":{"rendered":"Pol\u00edcia Militar realiza grande apreens\u00e3o de drogas em casa no centro de Feira de Santana"},"content":{"rendered":"<div>\n<div>\n<figure><img decoding=\"async\" src=\"http:\/\/noticiasbahia360.com.br\/wp-content\/uploads\/2025\/05\/apreensao-de-drogas-feira-de-santana-foto-divulgacao.jpg\" alt=\"\"><figcaption>Foto: Divulga\u00e7\u00e3o <\/figcaption><\/figure>\n<\/div>\n<div class=\"wp-block-group\">\n<div class=\"wp-block-group__inner-container is-layout-constrained wp-block-group-is-layout-constrained\">\n<p>A Pol\u00edcia Militar realizou uma grande apreens\u00e3o de drogas em Feira de Santana. O fato ocorreu na noite desta sexta-feira (23) em uma resid\u00eancia da Rua Bar\u00e3o de Cotegipe, no centro da cidade. A opera\u00e7\u00e3o foi realizada por policiais da 65\u00aa Companhia Independente de Pol\u00edcia Militar (CIPM).<\/p>\n<p>Segundo apura\u00e7\u00e3o da reportagem do Acorda Cidade, por volta das 19h a guarni\u00e7\u00e3o recebeu uma den\u00fancia an\u00f4nima da exist\u00eancia de uma movimenta\u00e7\u00e3o estranha no endere\u00e7o. Segundo o denunciante, havia constante chegada de motos e tr\u00e2nsito de pessoas nessa casa, inclusive durante a madrugada.<\/p>\n<\/div>\n<\/div>\n<div class=\"wp-block-group\">\n<div class=\"wp-block-group__inner-container is-layout-constrained wp-block-group-is-layout-constrained\">\n<p>Ap\u00f3s os policiais se deslocarem at\u00e9 o local, uma senhora que estava na resid\u00eancia permitiu a entrada dos agentes. <strong>Foi apreendido:<\/strong><\/p>\n<ul class=\"wp-block-list\">\n<li>323 tabletes de subst\u00e2ncia an\u00e1loga \u00e0 maconha<\/li>\n<li>08 tabletes cortados<\/li>\n<li>01 por\u00e7\u00e3o grande de subst\u00e2ncia an\u00e1loga \u00e0 maconha<\/li>\n<li>13 por\u00e7\u00f5es de rachixe<\/li>\n<li>08 artefatos explosivos<\/li>\n<li>04 balan\u00e7as de precis\u00e3o<\/li>\n<li>01 faca de serra<\/li>\n<li>02 rolos de papel filme<\/li>\n<li>Diversas fitas pl\u00e1sticas amarelas<\/li>\n<li>Sacos para acondicionar drogas<\/li>\n<\/ul>\n<p><em>Com informa\u00e7\u00f5es do rep\u00f3rter Ed Santos do Acorda Cidade <\/em><\/p>\n<p><em>Siga o Acorda Cidade no<\/em><a href=\"https:\/\/news.google.com\/search?q=acorda%20cidade&amp;hl=pt-BR&amp;gl=BR&amp;ceid=BR%3Apt-419\"><strong><em>\u00a0Google Not\u00edcias<\/em><\/strong><\/a><em>\u00a0e receba os principais destaques do dia. Participe tamb\u00e9m dos nossos canais no\u00a0<\/em><a href=\"https:\/\/www.whatsapp.com\/channel\/0029Va6Rb4v3WHTNnsh8WI3N\"><strong><em>WhatsApp<\/em><\/strong><\/a><em>\u00a0e\u00a0<\/em><a href=\"https:\/\/www.youtube.com\/@acordacidadenoticias\/videos\"><strong>Youtube<\/strong><\/a><em>\u00a0e grupo de\u00a0<\/em><a href=\"https:\/\/t.me\/+sSz0khrgARA0ZmRh\"><strong><em>Telegram<\/em><\/strong><\/a><em>.<\/em><\/p>\n<\/div>\n<\/div>\n<\/div>\n","protected":false},"excerpt":{"rendered":"<div>\n<div>\n<figure><img decoding=\"async\" src=\"https:\/\/uploads.acordacidade.com.br\/2025\/05\/apreensao-de-drogas-feira-de-santana-foto-divulgacao.jpg\" alt=\"\"><figcaption>Foto: Divulga\u00e7\u00e3o <\/figcaption><\/figure>\n<\/div>\n<p> O fato ocorreu nesta sexta-feira (23). A opera\u00e7\u00e3o foi realizada por policiais da 65\u00aa Companhia Independente de Pol\u00edcia Militar (CIPM).<\/p><\/div>\n","protected":false},"author":1,"featured_media":87295,"comment_status":"closed","ping_status":"closed","sticky":false,"template":"","format":"gallery","meta":{"footnotes":""},"categories":[8,9,6,57,56,10],"tags":[],"class_list":["post-87294","post","type-post","status-publish","format-gallery","has-post-thumbnail","hentry","category-bahia","category-brasil","category-feira-de-santana","category-mundo","category-policia","category-politica","post_format-post-format-gallery"],"featured_image_urls":{"full":["https:\/\/noticiasbahia360.com.br\/wp-content\/uploads\/2025\/05\/apreensao-de-drogas-feira-de-santana-foto-divulgacao.jpg",1200,900,false],"thumbnail":["https:\/\/noticiasbahia360.com.br\/wp-content\/uploads\/2025\/05\/apreensao-de-drogas-feira-de-santana-foto-divulgacao-150x150.jpg",150,150,true],"medium":["https:\/\/noticiasbahia360.com.br\/wp-content\/uploads\/2025\/05\/apreensao-de-drogas-feira-de-santana-foto-divulgacao-300x225.jpg",300,225,true],"medium_large":["https:\/\/noticiasbahia360.com.br\/wp-content\/uploads\/2025\/05\/apreensao-de-drogas-feira-de-santana-foto-divulgacao-768x576.jpg",640,480,true],"large":["https:\/\/noticiasbahia360.com.br\/wp-content\/uploads\/2025\/05\/apreensao-de-drogas-feira-de-santana-foto-divulgacao-1024x768.jpg",640,480,true],"1536x1536":["https:\/\/noticiasbahia360.com.br\/wp-content\/uploads\/2025\/05\/apreensao-de-drogas-feira-de-santana-foto-divulgacao.jpg",1200,900,false],"2048x2048":["https:\/\/noticiasbahia360.com.br\/wp-content\/uploads\/2025\/05\/apreensao-de-drogas-feira-de-santana-foto-divulgacao.jpg",1200,900,false],"chromenews-featured":["https:\/\/noticiasbahia360.com.br\/wp-content\/uploads\/2025\/05\/apreensao-de-drogas-feira-de-santana-foto-divulgacao-1024x768.jpg",1024,768,true],"chromenews-large":["https:\/\/noticiasbahia360.com.br\/wp-content\/uploads\/2025\/05\/apreensao-de-drogas-feira-de-santana-foto-divulgacao-825x575.jpg",825,575,true],"chromenews-medium":["https:\/\/noticiasbahia360.com.br\/wp-content\/uploads\/2025\/05\/apreensao-de-drogas-feira-de-santana-foto-divulgacao-590x410.jpg",590,410,true]},"author_info":{"display_name":"noticiasbahia360.com.br","author_link":"https:\/\/noticiasbahia360.com.br\/?author=1"},"category_info":"<a href=\"https:\/\/noticiasbahia360.com.br\/?cat=8\" rel=\"category\">Bahia<\/a> <a href=\"https:\/\/noticiasbahia360.com.br\/?cat=9\" rel=\"category\">Brasil<\/a> <a href=\"https:\/\/noticiasbahia360.com.br\/?cat=6\" rel=\"category\">Feira de Santana<\/a> <a href=\"https:\/\/noticiasbahia360.com.br\/?cat=57\" rel=\"category\">Mundo<\/a> <a href=\"https:\/\/noticiasbahia360.com.br\/?cat=56\" rel=\"category\">Pol\u00edcia<\/a> <a href=\"https:\/\/noticiasbahia360.com.br\/?cat=10\" rel=\"category\">Pol\u00edtica<\/a>","tag_info":"Pol\u00edtica","comment_count":"0","_links":{"self":[{"href":"https:\/\/noticiasbahia360.com.br\/index.php?rest_route=\/wp\/v2\/posts\/87294","targetHints":{"allow":["GET"]}}],"collection":[{"href":"https:\/\/noticiasbahia360.com.br\/index.php?rest_route=\/wp\/v2\/posts"}],"about":[{"href":"https:\/\/noticiasbahia360.com.br\/index.php?rest_route=\/wp\/v2\/types\/post"}],"author":[{"embeddable":true,"href":"https:\/\/noticiasbahia360.com.br\/index.php?rest_route=\/wp\/v2\/users\/1"}],"replies":[{"embeddable":true,"href":"https:\/\/noticiasbahia360.com.br\/index.php?rest_route=%2Fwp%2Fv2%2Fcomments&post=87294"}],"version-history":[{"count":0,"href":"https:\/\/noticiasbahia360.com.br\/index.php?rest_route=\/wp\/v2\/posts\/87294\/revisions"}],"wp:featuredmedia":[{"embeddable":true,"href":"https:\/\/noticiasbahia360.com.br\/index.php?rest_route=\/wp\/v2\/media\/87295"}],"wp:attachment":[{"href":"https:\/\/noticiasbahia360.com.br\/index.php?rest_route=%2Fwp%2Fv2%2Fmedia&parent=87294"}],"wp:term":[{"taxonomy":"category","embeddable":true,"href":"https:\/\/noticiasbahia360.com.br\/index.php?rest_route=%2Fwp%2Fv2%2Fcategories&post=87294"},{"taxonomy":"post_tag","embeddable":true,"href":"https:\/\/noticiasbahia360.com.br\/index.php?rest_route=%2Fwp%2Fv2%2Ftags&post=87294"}],"curies":[{"name":"wp","href":"https:\/\/api.w.org\/{rel}","templated":true}]}}