{"id":87298,"date":"2025-05-24T06:25:50","date_gmt":"2025-05-24T09:25:50","guid":{"rendered":"https:\/\/noticiasbahia360.com.br\/?p=87298"},"modified":"2025-05-24T06:25:50","modified_gmt":"2025-05-24T09:25:50","slug":"mudar-de-endereco-pode-trazer-debitos-que-nao-sao-seus-veja-como-evitar-surpresas-na-conta-de-agua","status":"publish","type":"post","link":"https:\/\/noticiasbahia360.com.br\/?p=87298","title":{"rendered":"Mudar de endere\u00e7o pode trazer d\u00e9bitos que n\u00e3o s\u00e3o seus; Veja como evitar surpresas na conta de \u00e1gua"},"content":{"rendered":"<div>\n<div>\n<figure><img decoding=\"async\" src=\"http:\/\/noticiasbahia360.com.br\/wp-content\/uploads\/2025\/05\/dIW1w0MY-Embasa-conta-de-agua-foto-ascom.jpg\" alt=\"Conta de \u00e1gua da Embasa\"><figcaption>Foto: Ascom\/Embada<\/figcaption><\/figure>\n<\/div>\n<p>Antes de assinar o contrato de compra ou encerrar um contrato de aluguel de im\u00f3vel, checar previamente se h\u00e1 d\u00e9bitos pendentes \u00e9 um cuidado simples que evita dor de cabe\u00e7a. \u201cEmbora a matr\u00edcula esteja vinculada ao CPF ou CNPJ do titular, d\u00e9bitos existentes podem impedir a continuidade do servi\u00e7o ou dificultar a troca de titularidade, o que gera transtornos tanto para quem compra, quanto para quem recebe seu im\u00f3vel de volta, no caso de loca\u00e7\u00e3o\u201d, alerta Jo\u00e3o Ricardo Souza, gerente de Relacionamento com Usu\u00e1rios da Embasa.<\/p>\n<p>Uma dica importante, antes de fechar o neg\u00f3cio, \u00e9 solicitar a Certid\u00e3o Negativa de D\u00e9bitos (CND) do im\u00f3vel ao propriet\u00e1rio, inquilino ou respons\u00e1vel, que pode retirar o documento de forma gratuita atrav\u00e9s do Atendimento Virtual (<a href=\"http:\/\/atendimentovirtual.embasa.ba.gov.br\/\" target=\"_blank\" rel=\"noreferrer noopener\">atendimentovirtual.embasa.ba.gov.br<\/a>) no site da Embasa. \u201cCaso existam d\u00e9bitos, a Embasa oferece meios para negocia\u00e7\u00e3o, permitindo que o antigo titular quite eventuais pend\u00eancias, uma medida que costuma facilitar o processo de altera\u00e7\u00e3o de titularidade\u201d, indica o gerente.<\/p>\n<p>Depois da etapa de verifica\u00e7\u00e3o pr\u00e9via e com os d\u00e9bitos quitados, basta solicitar a troca de titularidade da conta de \u00e1gua, procedimento que pode ser feito presencialmente, nos pontos de atendimento da Embasa e postos do SAC, ou pelo Atendimento Virtual (<a href=\"http:\/\/atendimentovirtual.embasa.ba.gov.br\/\" target=\"_blank\" rel=\"noreferrer noopener\">atendimentovirtual.embasa.ba.gov.br<\/a>).<\/p>\n<p>Para realizar a troca de titularidade \u00e9 necess\u00e1rio um documento de identifica\u00e7\u00e3o com foto do solicitante como RG, CNH ou identidades expedidas por conselhos; CPF ou CNPJ; e documentos que comprovem v\u00ednculo com o im\u00f3vel como escritura, contrato de compra e venda ou loca\u00e7\u00e3o e carn\u00ea de IPTU. \u00c9 importante que todos os documentos apresentados presencialmente ou anexados no Atendimento Virtual sejam originais e em perfeitas condi\u00e7\u00f5es.<\/p>\n<p><em>Siga o Acorda Cidade no<\/em><a href=\"https:\/\/news.google.com\/search?q=acorda%20cidade&amp;hl=pt-BR&amp;gl=BR&amp;ceid=BR%3Apt-419\"><strong><em>\u00a0Google Not\u00edcias<\/em><\/strong><\/a><em>\u00a0e receba os principais destaques do dia. Participe tamb\u00e9m dos nossos canais no\u00a0<\/em><a href=\"https:\/\/www.whatsapp.com\/channel\/0029Va6Rb4v3WHTNnsh8WI3N\"><strong><em>WhatsApp<\/em><\/strong><\/a><em>\u00a0e\u00a0<\/em><a href=\"https:\/\/www.youtube.com\/@acordacidadenoticias\/videos\"><strong>Youtube<\/strong><\/a><em>\u00a0e grupo de\u00a0<\/em><a href=\"https:\/\/t.me\/+sSz0khrgARA0ZmRh\"><strong><em>Telegram<\/em><\/strong><\/a><em>.<\/em><\/p>\n<\/div>\n","protected":false},"excerpt":{"rendered":"<div>\n<div>\n<figure><img decoding=\"async\" src=\"https:\/\/uploads.acordacidade.com.br\/2024\/08\/dIW1w0MY-Embasa-conta-de-agua-foto-ascom.jpg\" alt=\"Conta de \u00e1gua da Embasa\"><figcaption>Foto: Ascom\/Embada<\/figcaption><\/figure>\n<\/div>\n<p>No ato de compra ou loca\u00e7\u00e3o, d\u00e9bitos anteriores podem gerar transtornos e at\u00e9 corte no abastecimento.<\/p><\/div>\n","protected":false},"author":1,"featured_media":87299,"comment_status":"closed","ping_status":"closed","sticky":false,"template":"","format":"gallery","meta":{"footnotes":""},"categories":[8,9,6,57,56,10],"tags":[],"class_list":["post-87298","post","type-post","status-publish","format-gallery","has-post-thumbnail","hentry","category-bahia","category-brasil","category-feira-de-santana","category-mundo","category-policia","category-politica","post_format-post-format-gallery"],"featured_image_urls":{"full":["https:\/\/noticiasbahia360.com.br\/wp-content\/uploads\/2025\/05\/dIW1w0MY-Embasa-conta-de-agua-foto-ascom.jpg",640,457,false],"thumbnail":["https:\/\/noticiasbahia360.com.br\/wp-content\/uploads\/2025\/05\/dIW1w0MY-Embasa-conta-de-agua-foto-ascom-150x150.jpg",150,150,true],"medium":["https:\/\/noticiasbahia360.com.br\/wp-content\/uploads\/2025\/05\/dIW1w0MY-Embasa-conta-de-agua-foto-ascom-300x214.jpg",300,214,true],"medium_large":["https:\/\/noticiasbahia360.com.br\/wp-content\/uploads\/2025\/05\/dIW1w0MY-Embasa-conta-de-agua-foto-ascom.jpg",640,457,false],"large":["https:\/\/noticiasbahia360.com.br\/wp-content\/uploads\/2025\/05\/dIW1w0MY-Embasa-conta-de-agua-foto-ascom.jpg",640,457,false],"1536x1536":["https:\/\/noticiasbahia360.com.br\/wp-content\/uploads\/2025\/05\/dIW1w0MY-Embasa-conta-de-agua-foto-ascom.jpg",640,457,false],"2048x2048":["https:\/\/noticiasbahia360.com.br\/wp-content\/uploads\/2025\/05\/dIW1w0MY-Embasa-conta-de-agua-foto-ascom.jpg",640,457,false],"chromenews-featured":["https:\/\/noticiasbahia360.com.br\/wp-content\/uploads\/2025\/05\/dIW1w0MY-Embasa-conta-de-agua-foto-ascom.jpg",640,457,false],"chromenews-large":["https:\/\/noticiasbahia360.com.br\/wp-content\/uploads\/2025\/05\/dIW1w0MY-Embasa-conta-de-agua-foto-ascom.jpg",640,457,false],"chromenews-medium":["https:\/\/noticiasbahia360.com.br\/wp-content\/uploads\/2025\/05\/dIW1w0MY-Embasa-conta-de-agua-foto-ascom-590x410.jpg",590,410,true]},"author_info":{"display_name":"noticiasbahia360.com.br","author_link":"https:\/\/noticiasbahia360.com.br\/?author=1"},"category_info":"<a href=\"https:\/\/noticiasbahia360.com.br\/?cat=8\" rel=\"category\">Bahia<\/a> <a href=\"https:\/\/noticiasbahia360.com.br\/?cat=9\" rel=\"category\">Brasil<\/a> <a href=\"https:\/\/noticiasbahia360.com.br\/?cat=6\" rel=\"category\">Feira de Santana<\/a> <a href=\"https:\/\/noticiasbahia360.com.br\/?cat=57\" rel=\"category\">Mundo<\/a> <a href=\"https:\/\/noticiasbahia360.com.br\/?cat=56\" rel=\"category\">Pol\u00edcia<\/a> <a href=\"https:\/\/noticiasbahia360.com.br\/?cat=10\" rel=\"category\">Pol\u00edtica<\/a>","tag_info":"Pol\u00edtica","comment_count":"0","_links":{"self":[{"href":"https:\/\/noticiasbahia360.com.br\/index.php?rest_route=\/wp\/v2\/posts\/87298","targetHints":{"allow":["GET"]}}],"collection":[{"href":"https:\/\/noticiasbahia360.com.br\/index.php?rest_route=\/wp\/v2\/posts"}],"about":[{"href":"https:\/\/noticiasbahia360.com.br\/index.php?rest_route=\/wp\/v2\/types\/post"}],"author":[{"embeddable":true,"href":"https:\/\/noticiasbahia360.com.br\/index.php?rest_route=\/wp\/v2\/users\/1"}],"replies":[{"embeddable":true,"href":"https:\/\/noticiasbahia360.com.br\/index.php?rest_route=%2Fwp%2Fv2%2Fcomments&post=87298"}],"version-history":[{"count":0,"href":"https:\/\/noticiasbahia360.com.br\/index.php?rest_route=\/wp\/v2\/posts\/87298\/revisions"}],"wp:featuredmedia":[{"embeddable":true,"href":"https:\/\/noticiasbahia360.com.br\/index.php?rest_route=\/wp\/v2\/media\/87299"}],"wp:attachment":[{"href":"https:\/\/noticiasbahia360.com.br\/index.php?rest_route=%2Fwp%2Fv2%2Fmedia&parent=87298"}],"wp:term":[{"taxonomy":"category","embeddable":true,"href":"https:\/\/noticiasbahia360.com.br\/index.php?rest_route=%2Fwp%2Fv2%2Fcategories&post=87298"},{"taxonomy":"post_tag","embeddable":true,"href":"https:\/\/noticiasbahia360.com.br\/index.php?rest_route=%2Fwp%2Fv2%2Ftags&post=87298"}],"curies":[{"name":"wp","href":"https:\/\/api.w.org\/{rel}","templated":true}]}}