{"id":87300,"date":"2025-05-24T06:25:51","date_gmt":"2025-05-24T09:25:51","guid":{"rendered":"https:\/\/noticiasbahia360.com.br\/?p=87300"},"modified":"2025-05-24T06:25:51","modified_gmt":"2025-05-24T09:25:51","slug":"confira-itens-do-dia-a-dia-que-voce-deveria-limpar-com-mais-frequencia","status":"publish","type":"post","link":"https:\/\/noticiasbahia360.com.br\/?p=87300","title":{"rendered":"Confira itens do dia a dia que voc\u00ea deveria limpar com mais frequ\u00eancia"},"content":{"rendered":"<div>\n<div>\n<figure><img decoding=\"async\" src=\"http:\/\/noticiasbahia360.com.br\/wp-content\/uploads\/2025\/05\/VDCfhFQN-itens-pessoas-.webp\" alt=\"itens pessoas - limpar - limpeza\"><figcaption>Imagem gerada por IA<\/figcaption><\/figure>\n<\/div>\n<p>No meio do corre do dia a dia, muita gente tem o h\u00e1bito de limpar o que est\u00e1 mais vis\u00edvel: o ch\u00e3o de casa, a pia, o box do banheiro. Mas e os objetos que est\u00e3o com a gente o tempo todo dentro da bolsa, mochila ou n\u00e9cessaire?<\/p>\n<p>Capinhas de celular, garrafas reutiliz\u00e1veis, cases de fone de ouvido, estojos de maquiagem, at\u00e9 o t\u00eanis de couro sint\u00e9tico que vai do escrit\u00f3rio ao rol\u00ea. Tudo isso acumula poeira, gordura, polui\u00e7\u00e3o, maquiagem e suor, e geralmente passa semanas \u2013 ou meses \u2013 sem nenhum tipo de cuidado.<\/p>\n<p>Atualmente, o mercado de limpeza oferece diversos produtos multiuso que proporcionam praticidade e efici\u00eancia, eliminando a necessidade de itens complementares. Um excelente exemplo \u00e9 o Cif Limpeza Milagrosa, um sapon\u00e1ceo moderno que limpa e perfuma mais de 100 superf\u00edcies sem esfor\u00e7o. Pode ser utilizado em superf\u00edcies como pl\u00e1stico, couro sint\u00e9tico, vidro e cer\u00e2mica, garantindo uma limpeza eficaz sem danific\u00e1-las.<\/p>\n<h2 class=\"wp-block-heading\" id=\"h-checklist-o-que-limpar-com-frequencia-e-como-fazer\">Checklist: o que limpar com frequ\u00eancia (e como fazer)<\/h2>\n<ol class=\"wp-block-list\">\n<li><strong>Capinhas de celular (pl\u00e1stico ou silicone)<\/strong><\/li>\n<\/ol>\n<p>Nos tempos atuais, n\u00e3o existe uma pessoa que n\u00e3o ande com o celular para todo lado. E, junto com ele, vai a capinha, que passa por bolsos, bolsas, mesas, transporte p\u00fablico e at\u00e9 banheiro. Como consequ\u00eancia, esse objeto acumula gordura, poeira, maquiagem e marcas de sujeiras que se acumulam sem a gente perceber.<\/p>\n<p>Como limpar? Utilize um pano \u00famido com uma quantidade moderada de do produto para resolver esse problema! Esfregue levemente, tire o excesso com um pano seco e deixe secar.<\/p>\n<p><strong>Qual a frequ\u00eancia ideal? Pelo menos uma vez por semana<\/strong><\/p>\n<ol start=\"2\" class=\"wp-block-list\">\n<li><strong>T\u00eanis de couro sint\u00e9tico<\/strong><\/li>\n<\/ol>\n<p>Seja no look do festival, no outfit do dia a dia ou naquele passeio mais longo, esse tipo de cal\u00e7ado vive em contato com p\u00f3, sujeira de rua, respingos de bebida, lama leve e at\u00e9 glitter. E o detalhe: como o material \u00e9 sint\u00e9tico, o ac\u00famulo de sujeira pode tirar o brilho e at\u00e9 ressecar se n\u00e3o for limpo com cuidado.<\/p>\n<p>Como limpar? Aplique o produto em uma esponja ou pano \u00famido e esfregue suavemente nas laterais e biqueira. Para a sola, pode refor\u00e7ar com a escovinha. Enxague e seque com um pano limpo.<\/p>\n<p>Qual a frequ\u00eancia ideal? Sempre ap\u00f3s o uso em grandes eventos ou uma vez por semana no uso cotidiano.<\/p>\n<ol start=\"3\" class=\"wp-block-list\">\n<li><strong>Fones de ouvido e cases (pl\u00e1stico r\u00edgido e ponteiras de silicone)<\/strong><\/li>\n<\/ol>\n<p>Companheiros insepar\u00e1veis, os fones de ouvido v\u00e3o conosco nos treinos, no transporte p\u00fablico, nas caminhadas e at\u00e9 mesmo nas pausas do trabalho. Passam horas em contato direto com o ouvido, acumulando suor, oleosidade, cera e poeira, e muitas vezes voltam direto pro estojo sem nenhuma limpeza. Fora isso, o case dos fones sem fio tamb\u00e9m ficam expostos: vai na bolsa, no bolso, na mochila e vive pegando sujeira de tudo isso.<\/p>\n<p>Como limpar? Para fones com fio e\/ou ponteiras de silicone, retire as borrachinhas com cuidado e limpe com um pano \u00famido e o produto de limpeza. Esfregue levemente em movimentos de vai e vem para remover as sujidades. Utilize um outro pano limpo e seco para retirar bem todo o res\u00edduo do produto e deixe em local arejado.<\/p>\n<p>O case tamb\u00e9m merece aten\u00e7\u00e3o: pode ser limpo por fora com pano \u00famido, ajudando a remover poeira, marcas de dedo e sujeiras do dia a dia. Evite o uso excessivo de \u00e1gua para n\u00e3o danificar as partes internas.<\/p>\n<p>Qual a frequ\u00eancia ideal? Ponteiras e fios de silicone: Uma por semana ou sempre que notar sujeira. Case: a cada 10 dias.<\/p>\n<ol start=\"4\" class=\"wp-block-list\">\n<li><strong>Carregador port\u00e1til (superf\u00edcie pl\u00e1stica)<\/strong><\/li>\n<\/ol>\n<p>Vai no bolso, na pochete, na shoulder bag, na mochila\u2026 em shows, festivais e eventos longos, o carregador port\u00e1til \u00e9 item de sobreviv\u00eancia. Fica exposto \u00e0 poeira, suor, gordura das m\u00e3os e at\u00e9 respingos de bebida, al\u00e9m de raramente ser limpo. Mas como est\u00e1 sempre em contato com as m\u00e3os e com outros objetos, manter a limpeza faz diferen\u00e7a.<\/p>\n<p>Como limpar? Passe um pano \u00famido com o produto de limpeza na parte externa. Aten\u00e7\u00e3o para n\u00e3o deixar o produto entrar nas entradas USB. Finalize com um pano seco.<\/p>\n<p>Qual a frequ\u00eancia ideal? antes e depois de grandes eventos ou a cada 10 dias conforme uso no cotidiano.<\/p>\n<ol start=\"5\" class=\"wp-block-list\">\n<li><strong>Necessaires e organizadores (pl\u00e1stico ou couro sint\u00e9tico)<\/strong><\/li>\n<\/ol>\n<p>S\u00e3o o \u201cporta-tudo\u201d da rotina e dos rol\u00eas: maquiagem, escova de dente, len\u00e7o, rem\u00e9dio, absorvente, fone, enfim\u2026 viram uma mistura de produtos com uso pessoal, e vivem indo do banheiro pra bolsa e da bolsa pro festival. Resultado? Ac\u00famulo de base, p\u00f3 compacto, batom, pastinha de dente vazando.<\/p>\n<p>Como limpar? Na parte externa, passe um pano \u00famido com o produto de limpeza e esfregue levemente, principalmente nos cantos e \u00e1reas mais sujas. Para sujeiras secas ou antigas, vale usar uma esponjinha macia.<\/p>\n<p>Qual a frequ\u00eancia ideal? Uma vez por semana ou sempre que notar res\u00edduos vis\u00edveis.<\/p>\n<ol start=\"6\" class=\"wp-block-list\">\n<li><strong>Garrafas e copos reutiliz\u00e1veis (pl\u00e1stico e acr\u00edlico)<\/strong><\/li>\n<\/ol>\n<p>Na rotina do dia a dia ou em shows e festivais, esse tipo de item \u00e9 sin\u00f4nimo de praticidade e consci\u00eancia ambiental. Mas tamb\u00e9m s\u00e3o campe\u00f5es de ac\u00famulo: marcas de dedos, gordura das m\u00e3os, poeira. Muitas vezes voltam pro arm\u00e1rio sem nem passar por uma limpeza completa e detalhada.<\/p>\n<p>Como limpar? Use uma esponja com o produto, esfregue lentamente, principalmente na parte inferior, onde costuma acumular res\u00edduos de sujeira. Enxague abundantemente com \u00e1gua limpa e seque antes de guardar<\/p>\n<p><strong>Qual a frequ\u00eancia ideal? Diariamente ou sempre ap\u00f3s o uso.<\/strong><\/p>\n<p>Cuidar dos itens que te acompanham no dia a dia ou no rol\u00ea \u00e9 tamb\u00e9m uma forma de cuidar de voc\u00ea. Com um \u00fanico produto, d\u00e1 pra deixar tudo limpo, conservado e com cara de novo\u2026 Tudo pronto para encarar a rotina (ou o pr\u00f3ximo festival) com leveza e praticidade.<\/p>\n<p><em>Siga o Acorda Cidade no<\/em><a href=\"https:\/\/news.google.com\/search?q=acorda%20cidade&amp;hl=pt-BR&amp;gl=BR&amp;ceid=BR%3Apt-419\"><strong><em>\u00a0Google Not\u00edcias<\/em><\/strong><\/a><em>\u00a0e receba os principais destaques do dia. Participe tamb\u00e9m dos nossos canais no\u00a0<\/em><a href=\"https:\/\/www.whatsapp.com\/channel\/0029Va6Rb4v3WHTNnsh8WI3N\"><strong><em>WhatsApp<\/em><\/strong><\/a><em>\u00a0e\u00a0<\/em><a href=\"https:\/\/www.youtube.com\/@acordacidadenoticias\/videos\"><strong>Youtube<\/strong><\/a><em>\u00a0e grupo de\u00a0<\/em><a href=\"https:\/\/t.me\/+sSz0khrgARA0ZmRh\"><strong><em>Telegram<\/em><\/strong><\/a><em>.<\/em><\/p>\n<\/div>\n","protected":false},"excerpt":{"rendered":"<div>\n<div>\n<figure><img decoding=\"async\" src=\"https:\/\/uploads.acordacidade.com.br\/2025\/05\/VDCfhFQN-itens-pessoas-.webp\" alt=\"itens pessoas - limpar - limpeza\"><figcaption>Imagem gerada por IA<\/figcaption><\/figure>\n<\/div>\n<p>De capinhas de celular a t\u00eanis de couro sint\u00e9tico, veja como dar um trato, em poucos minutos, nos itens que voc\u00ea usa todos os dias com um \u00fanico produto.<\/p><\/div>\n","protected":false},"author":1,"featured_media":87301,"comment_status":"closed","ping_status":"closed","sticky":false,"template":"","format":"gallery","meta":{"footnotes":""},"categories":[8,9,6,57,56,10],"tags":[],"class_list":["post-87300","post","type-post","status-publish","format-gallery","has-post-thumbnail","hentry","category-bahia","category-brasil","category-feira-de-santana","category-mundo","category-policia","category-politica","post_format-post-format-gallery"],"featured_image_urls":{"full":["https:\/\/noticiasbahia360.com.br\/wp-content\/uploads\/2025\/05\/VDCfhFQN-itens-pessoas-.webp",1200,800,false],"thumbnail":["https:\/\/noticiasbahia360.com.br\/wp-content\/uploads\/2025\/05\/VDCfhFQN-itens-pessoas--150x150.webp",150,150,true],"medium":["https:\/\/noticiasbahia360.com.br\/wp-content\/uploads\/2025\/05\/VDCfhFQN-itens-pessoas--300x200.webp",300,200,true],"medium_large":["https:\/\/noticiasbahia360.com.br\/wp-content\/uploads\/2025\/05\/VDCfhFQN-itens-pessoas--768x512.webp",640,427,true],"large":["https:\/\/noticiasbahia360.com.br\/wp-content\/uploads\/2025\/05\/VDCfhFQN-itens-pessoas--1024x683.webp",640,427,true],"1536x1536":["https:\/\/noticiasbahia360.com.br\/wp-content\/uploads\/2025\/05\/VDCfhFQN-itens-pessoas-.webp",1200,800,false],"2048x2048":["https:\/\/noticiasbahia360.com.br\/wp-content\/uploads\/2025\/05\/VDCfhFQN-itens-pessoas-.webp",1200,800,false],"chromenews-featured":["https:\/\/noticiasbahia360.com.br\/wp-content\/uploads\/2025\/05\/VDCfhFQN-itens-pessoas--1024x683.webp",1024,683,true],"chromenews-large":["https:\/\/noticiasbahia360.com.br\/wp-content\/uploads\/2025\/05\/VDCfhFQN-itens-pessoas--825x575.webp",825,575,true],"chromenews-medium":["https:\/\/noticiasbahia360.com.br\/wp-content\/uploads\/2025\/05\/VDCfhFQN-itens-pessoas--590x410.webp",590,410,true]},"author_info":{"display_name":"noticiasbahia360.com.br","author_link":"https:\/\/noticiasbahia360.com.br\/?author=1"},"category_info":"<a href=\"https:\/\/noticiasbahia360.com.br\/?cat=8\" rel=\"category\">Bahia<\/a> <a href=\"https:\/\/noticiasbahia360.com.br\/?cat=9\" rel=\"category\">Brasil<\/a> <a href=\"https:\/\/noticiasbahia360.com.br\/?cat=6\" rel=\"category\">Feira de Santana<\/a> <a href=\"https:\/\/noticiasbahia360.com.br\/?cat=57\" rel=\"category\">Mundo<\/a> <a href=\"https:\/\/noticiasbahia360.com.br\/?cat=56\" rel=\"category\">Pol\u00edcia<\/a> <a href=\"https:\/\/noticiasbahia360.com.br\/?cat=10\" rel=\"category\">Pol\u00edtica<\/a>","tag_info":"Pol\u00edtica","comment_count":"0","_links":{"self":[{"href":"https:\/\/noticiasbahia360.com.br\/index.php?rest_route=\/wp\/v2\/posts\/87300","targetHints":{"allow":["GET"]}}],"collection":[{"href":"https:\/\/noticiasbahia360.com.br\/index.php?rest_route=\/wp\/v2\/posts"}],"about":[{"href":"https:\/\/noticiasbahia360.com.br\/index.php?rest_route=\/wp\/v2\/types\/post"}],"author":[{"embeddable":true,"href":"https:\/\/noticiasbahia360.com.br\/index.php?rest_route=\/wp\/v2\/users\/1"}],"replies":[{"embeddable":true,"href":"https:\/\/noticiasbahia360.com.br\/index.php?rest_route=%2Fwp%2Fv2%2Fcomments&post=87300"}],"version-history":[{"count":0,"href":"https:\/\/noticiasbahia360.com.br\/index.php?rest_route=\/wp\/v2\/posts\/87300\/revisions"}],"wp:featuredmedia":[{"embeddable":true,"href":"https:\/\/noticiasbahia360.com.br\/index.php?rest_route=\/wp\/v2\/media\/87301"}],"wp:attachment":[{"href":"https:\/\/noticiasbahia360.com.br\/index.php?rest_route=%2Fwp%2Fv2%2Fmedia&parent=87300"}],"wp:term":[{"taxonomy":"category","embeddable":true,"href":"https:\/\/noticiasbahia360.com.br\/index.php?rest_route=%2Fwp%2Fv2%2Fcategories&post=87300"},{"taxonomy":"post_tag","embeddable":true,"href":"https:\/\/noticiasbahia360.com.br\/index.php?rest_route=%2Fwp%2Fv2%2Ftags&post=87300"}],"curies":[{"name":"wp","href":"https:\/\/api.w.org\/{rel}","templated":true}]}}