{"id":87302,"date":"2025-05-24T06:36:05","date_gmt":"2025-05-24T09:36:05","guid":{"rendered":"https:\/\/noticiasbahia360.com.br\/?p=87302"},"modified":"2025-05-24T06:36:05","modified_gmt":"2025-05-24T09:36:05","slug":"um-terco-dos-brasileiros-nao-declarou-imposto-de-renda-prazo-termina-proxima-semana","status":"publish","type":"post","link":"https:\/\/noticiasbahia360.com.br\/?p=87302","title":{"rendered":"Um ter\u00e7o dos brasileiros n\u00e3o declarou Imposto de Renda; prazo termina pr\u00f3xima semana"},"content":{"rendered":"<div>\n<div>\n<figure><img decoding=\"async\" src=\"http:\/\/noticiasbahia360.com.br\/wp-content\/uploads\/2025\/05\/impostoderenda_foto_joedsonalves_agenciabrasil.jpg\" alt=\"Imposto de Renda\"><figcaption>Foto: Jo\u00e9dson Alves\/Ag\u00eancia Brasil<\/figcaption><\/figure>\n<\/div>\n<p>Ag\u00eancia Brasil \u2013 <strong>A uma semana do fim do prazo, um ter\u00e7o dos contribuintes ainda n\u00e3o acertou as contas com o Le\u00e3o. At\u00e9 as 18h desta sexta-feira (23), 30.328.822 de contribuintes tinham enviado a <a href=\"https:\/\/www.acordacidade.com.br\/tag\/imposto-de-renda\/\">Declara\u00e7\u00e3o Imposto de Renda Pessoa F\u00edsica<\/a> (IRPF) \u00e0 Receita Federal. O n\u00famero equivale a 65,65% do total esperado para este ano.<\/strong><img decoding=\"async\" src=\"https:\/\/agenciabrasil.ebc.com.br\/ebc.png?id=1643984&amp;o=node\"><img decoding=\"async\" src=\"https:\/\/agenciabrasil.ebc.com.br\/ebc.gif?id=1643984&amp;o=node\"><\/p>\n<p>Segundo a Receita Federal, 62,6% das declara\u00e7\u00f5es entregues at\u00e9 agora ter\u00e3o direito a receber restitui\u00e7\u00e3o, enquanto 20,2% ter\u00e3o que pagar Imposto de Renda e 17,2% n\u00e3o ter\u00e3o imposto a pagar nem a receber. A maioria dos documentos foi preenchida pelo programa de computador (83,6%), mas 10,9% dos contribuintes recorreram ao preenchimento\u00a0<em>online<\/em>, que deixa o rascunho da declara\u00e7\u00e3o salvo nos computadores do Fisco (nuvem da Receita), e 5,5% declaram pelo aplicativo Meu Imposto de Renda para\u00a0<em>smartphones\u00a0<\/em>e\u00a0<em>tablets.<\/em><\/p>\n<p>Um total de 48,4% dos contribuintes que entregaram o documento \u00e0 Receita Federal usou a declara\u00e7\u00e3o pr\u00e9-preenchida, por meio da qual o declarante baixa uma vers\u00e3o preliminar do documento, bastando confirmar as informa\u00e7\u00f5es ou retificar os dados. A op\u00e7\u00e3o de desconto simplificado representa 56,4% dos envios.<\/p>\n<p><strong>Desde 1\u00ba de abril, a declara\u00e7\u00e3o pr\u00e9-preenchida passou a ser baixada com todos os dados dispon\u00edveis. O abastecimento dos dados da declara\u00e7\u00e3o pr\u00e9-preenchida atrasou neste ano por causa da greve dos auditores fiscais da Receita.<\/strong><\/p>\n<p>O prazo para entregar a declara\u00e7\u00e3o come\u00e7ou em 17 de mar\u00e7o e termina \u00e0s 23h59min59s do dia de 30 de maio. O programa gerador da declara\u00e7\u00e3o est\u00e1 dispon\u00edvel desde 13 de mar\u00e7o na p\u00e1gina\u00a0<a href=\"https:\/\/www.gov.br\/receitafederal\/pt-br\" target=\"_blank\" rel=\"noreferrer noopener\">Meu Imposto de Renda<\/a>.<\/p>\n<p>A Receita Federal espera receber 46,2 milh\u00f5es de declara\u00e7\u00f5es do Imposto de Renda Pessoa F\u00edsica este ano, o que representar\u00e1 um acr\u00e9scimo de quase 7%, na compara\u00e7\u00e3o com 2024, quando foram entregues 43,2 milh\u00f5es de declara\u00e7\u00f5es.<\/p>\n<p><strong>As pessoas f\u00edsicas que receberam rendimentos tribut\u00e1veis acima de R$ 33.888, assim como aquelas que obtiveram receita bruta da atividade rural acima de R$ 169.440, s\u00e3o obrigadas a declarar. As pessoas que receberam at\u00e9 dois sal\u00e1rios m\u00ednimos mensais durante 2024 est\u00e3o dispensadas de fazer a declara\u00e7\u00e3o, salvo se se enquadrarem em outro crit\u00e9rio de obrigatoriedade.<\/strong><\/p>\n<p><em>Siga o Acorda Cidade no<\/em><a href=\"https:\/\/news.google.com\/search?q=acorda%20cidade&amp;hl=pt-BR&amp;gl=BR&amp;ceid=BR%3Apt-419\"><strong><em>\u00a0Google Not\u00edcias<\/em><\/strong><\/a><em>\u00a0e receba os principais destaques do dia. Participe tamb\u00e9m dos nossos canais no\u00a0<\/em><a href=\"https:\/\/www.whatsapp.com\/channel\/0029Va6Rb4v3WHTNnsh8WI3N\"><strong><em>WhatsApp<\/em><\/strong><\/a><em>\u00a0e\u00a0<\/em><a href=\"https:\/\/www.youtube.com\/@acordacidadenoticias\/videos\"><strong>Youtube<\/strong><\/a><em>\u00a0e grupo de\u00a0<\/em><a href=\"https:\/\/t.me\/+sSz0khrgARA0ZmRh\"><strong><em>Telegram<\/em><\/strong><\/a><em>.<\/em><\/p>\n<\/div>\n","protected":false},"excerpt":{"rendered":"<div>\n<div>\n<figure><img decoding=\"async\" src=\"https:\/\/uploads.acordacidade.com.br\/2025\/03\/impostoderenda_foto_joedsonalves_agenciabrasil.jpg\" alt=\"Imposto de Renda\"><figcaption>Foto: Jo\u00e9dson Alves\/Ag\u00eancia Brasil<\/figcaption><\/figure>\n<\/div>\n<p>Documento pode ser entregue at\u00e9 as 23h59min59s de 30 de maio.<\/p><\/div>\n","protected":false},"author":1,"featured_media":87303,"comment_status":"closed","ping_status":"closed","sticky":false,"template":"","format":"gallery","meta":{"footnotes":""},"categories":[8,9,6,57,56,10],"tags":[],"class_list":["post-87302","post","type-post","status-publish","format-gallery","has-post-thumbnail","hentry","category-bahia","category-brasil","category-feira-de-santana","category-mundo","category-policia","category-politica","post_format-post-format-gallery"],"featured_image_urls":{"full":["https:\/\/noticiasbahia360.com.br\/wp-content\/uploads\/2025\/05\/impostoderenda_foto_joedsonalves_agenciabrasil.jpg",1170,700,false],"thumbnail":["https:\/\/noticiasbahia360.com.br\/wp-content\/uploads\/2025\/05\/impostoderenda_foto_joedsonalves_agenciabrasil-150x150.jpg",150,150,true],"medium":["https:\/\/noticiasbahia360.com.br\/wp-content\/uploads\/2025\/05\/impostoderenda_foto_joedsonalves_agenciabrasil-300x179.jpg",300,179,true],"medium_large":["https:\/\/noticiasbahia360.com.br\/wp-content\/uploads\/2025\/05\/impostoderenda_foto_joedsonalves_agenciabrasil-768x459.jpg",640,383,true],"large":["https:\/\/noticiasbahia360.com.br\/wp-content\/uploads\/2025\/05\/impostoderenda_foto_joedsonalves_agenciabrasil-1024x613.jpg",640,383,true],"1536x1536":["https:\/\/noticiasbahia360.com.br\/wp-content\/uploads\/2025\/05\/impostoderenda_foto_joedsonalves_agenciabrasil.jpg",1170,700,false],"2048x2048":["https:\/\/noticiasbahia360.com.br\/wp-content\/uploads\/2025\/05\/impostoderenda_foto_joedsonalves_agenciabrasil.jpg",1170,700,false],"chromenews-featured":["https:\/\/noticiasbahia360.com.br\/wp-content\/uploads\/2025\/05\/impostoderenda_foto_joedsonalves_agenciabrasil-1024x613.jpg",1024,613,true],"chromenews-large":["https:\/\/noticiasbahia360.com.br\/wp-content\/uploads\/2025\/05\/impostoderenda_foto_joedsonalves_agenciabrasil-825x575.jpg",825,575,true],"chromenews-medium":["https:\/\/noticiasbahia360.com.br\/wp-content\/uploads\/2025\/05\/impostoderenda_foto_joedsonalves_agenciabrasil-590x410.jpg",590,410,true]},"author_info":{"display_name":"noticiasbahia360.com.br","author_link":"https:\/\/noticiasbahia360.com.br\/?author=1"},"category_info":"<a href=\"https:\/\/noticiasbahia360.com.br\/?cat=8\" rel=\"category\">Bahia<\/a> <a href=\"https:\/\/noticiasbahia360.com.br\/?cat=9\" rel=\"category\">Brasil<\/a> <a href=\"https:\/\/noticiasbahia360.com.br\/?cat=6\" rel=\"category\">Feira de Santana<\/a> <a href=\"https:\/\/noticiasbahia360.com.br\/?cat=57\" rel=\"category\">Mundo<\/a> <a href=\"https:\/\/noticiasbahia360.com.br\/?cat=56\" rel=\"category\">Pol\u00edcia<\/a> <a href=\"https:\/\/noticiasbahia360.com.br\/?cat=10\" rel=\"category\">Pol\u00edtica<\/a>","tag_info":"Pol\u00edtica","comment_count":"0","_links":{"self":[{"href":"https:\/\/noticiasbahia360.com.br\/index.php?rest_route=\/wp\/v2\/posts\/87302","targetHints":{"allow":["GET"]}}],"collection":[{"href":"https:\/\/noticiasbahia360.com.br\/index.php?rest_route=\/wp\/v2\/posts"}],"about":[{"href":"https:\/\/noticiasbahia360.com.br\/index.php?rest_route=\/wp\/v2\/types\/post"}],"author":[{"embeddable":true,"href":"https:\/\/noticiasbahia360.com.br\/index.php?rest_route=\/wp\/v2\/users\/1"}],"replies":[{"embeddable":true,"href":"https:\/\/noticiasbahia360.com.br\/index.php?rest_route=%2Fwp%2Fv2%2Fcomments&post=87302"}],"version-history":[{"count":0,"href":"https:\/\/noticiasbahia360.com.br\/index.php?rest_route=\/wp\/v2\/posts\/87302\/revisions"}],"wp:featuredmedia":[{"embeddable":true,"href":"https:\/\/noticiasbahia360.com.br\/index.php?rest_route=\/wp\/v2\/media\/87303"}],"wp:attachment":[{"href":"https:\/\/noticiasbahia360.com.br\/index.php?rest_route=%2Fwp%2Fv2%2Fmedia&parent=87302"}],"wp:term":[{"taxonomy":"category","embeddable":true,"href":"https:\/\/noticiasbahia360.com.br\/index.php?rest_route=%2Fwp%2Fv2%2Fcategories&post=87302"},{"taxonomy":"post_tag","embeddable":true,"href":"https:\/\/noticiasbahia360.com.br\/index.php?rest_route=%2Fwp%2Fv2%2Ftags&post=87302"}],"curies":[{"name":"wp","href":"https:\/\/api.w.org\/{rel}","templated":true}]}}