{"id":87304,"date":"2025-05-24T06:40:23","date_gmt":"2025-05-24T09:40:23","guid":{"rendered":"https:\/\/noticiasbahia360.com.br\/?p=87304"},"modified":"2025-05-24T06:40:23","modified_gmt":"2025-05-24T09:40:23","slug":"veja-datas-e-regras-do-enem-2025-inscricoes-comecam-na-segunda-26","status":"publish","type":"post","link":"https:\/\/noticiasbahia360.com.br\/?p=87304","title":{"rendered":"Veja datas e regras do Enem 2025;  inscri\u00e7\u00f5es come\u00e7am na segunda (26)"},"content":{"rendered":"<div>\n<div>\n<figure><img decoding=\"async\" src=\"http:\/\/noticiasbahia360.com.br\/wp-content\/uploads\/2025\/05\/gyBwMBrK-Enem-estudantes-.webp\" alt=\"Enem - estudantes\"><figcaption>Foto: Jos\u00e9 Cruz\/Ag\u00eancia Brasil<\/figcaption><\/figure>\n<\/div>\n<p>Ag\u00eancia Brasil \u2013 O Instituto Nacional de Estudos e Pesquisas Educacionais An\u00edsio Teixeira (Inep) publicou em edi\u00e7\u00e3o extra do Di\u00e1rio Oficial da Uni\u00e3o (DOU) de sexta-feira (23), o\u00a0<a href=\"https:\/\/www.in.gov.br\/en\/web\/dou\/-\/edital-n-52-de-23-de-maio-de-2025-631610576\" target=\"_blank\" rel=\"noreferrer noopener\">edital do Exame Nacional do Ensino M\u00e9dio, o Enem 2025<\/a>.<img decoding=\"async\" src=\"https:\/\/agenciabrasil.ebc.com.br\/ebc.png?id=1644013&amp;o=node\"><img decoding=\"async\" src=\"https:\/\/agenciabrasil.ebc.com.br\/ebc.gif?id=1644013&amp;o=node\"> O per\u00edodo de\u00a0inscri\u00e7\u00f5es ser\u00e1 de 26 de maio a 6 de junho. Os interessados dever\u00e3o se inscrever na\u00a0<a href=\"https:\/\/enem.inep.gov.br\/participante\/#!\/\" target=\"_blank\" rel=\"noreferrer noopener\">P\u00e1gina do Participante<\/a>\u00a0do exame, no site do Inep.<\/p>\n<p>Conforme adiantado pelo ministro da Educa\u00e7\u00e3o, Camilo Santana, participantes do Enem com mais de 18 anos, que ainda n\u00e3o conclu\u00edram a educa\u00e7\u00e3o b\u00e1sica, voltar\u00e3o a\u00a0obter a certifica\u00e7\u00e3o no ensino m\u00e9dio\u00a0para quem conquistar\u00a0pelo menos 450 pontos em cada uma das \u00e1reas de conhecimento das provas e nota acima de 500 pontos na reda\u00e7\u00e3o.<\/p>\n<h2 class=\"wp-block-heading\" id=\"h-provas\">Provas<\/h2>\n<p>O<strong>\u00a0Enem 2025 ser\u00e1 aplicado nos dias 9 e 16 de novembro<\/strong>, em todo o Brasil.<\/p>\n<p><strong>S\u00e3o quatro provas objetivas e uma reda\u00e7\u00e3o em l\u00edngua portuguesa<\/strong>. Cada prova objetiva ter\u00e1 45 quest\u00f5es de m\u00faltipla escolha.<\/p>\n<p>No<strong>\u00a0primeiro dia do exame<\/strong>, ser\u00e3o\u00a0<strong>aplicadas as provas de reda\u00e7\u00e3o e as objetivas de l\u00edngua portuguesa, l\u00edngua estrangeira (ingl\u00eas ou espanhol), hist\u00f3ria, geografia, filosofia e sociologia<\/strong>. A aplica\u00e7\u00e3o ter\u00e1 5 horas e 30 minutos de dura\u00e7\u00e3o.<\/p>\n<p>No\u00a0<strong>segundo dia do Exame<\/strong>, ser\u00e3o<strong>\u00a0aplicadas as provas de matem\u00e1tica, Qu\u00edmica, F\u00edsica e Biologia<\/strong>. Nesta data, a aplica\u00e7\u00e3o ter\u00e1 5 horas de dura\u00e7\u00e3o.<\/p>\n<p>Os\u00a0<strong>port\u00f5es de acesso aos locais de provas<\/strong>\u00a0ser\u00e3o\u00a0<strong>abertos \u00e0s 12h e fechados \u00e0s 13h (hor\u00e1rio de Bras\u00edlia)<\/strong>. O\u00a0<strong>in\u00edcio ser\u00e1 \u00e0s 13h30<\/strong>.<\/p>\n<p>No\u00a0<strong>primeiro dia<\/strong>, as\u00a0<strong>provas ir\u00e3o terminar \u00e0s 19h<\/strong>. No\u00a0<strong>segundo dia<\/strong>, o\u00a0<strong>t\u00e9rmino \u00e9 \u00e0s 18h30<\/strong>.\u00a0<\/p>\n<h2 class=\"wp-block-heading\" id=\"h-cidades-do-para\">Cidades do Par\u00e1<\/h2>\n<p><strong>Nas cidades de Bel\u00e9m, Ananindeua e Marituba, no Par\u00e1, as provas ser\u00e3o aplicadas em dias diferentes, por causa da realiza\u00e7\u00e3o da 30\u00aa Confer\u00eancia das Na\u00e7\u00f5es Unidas sobre Mudan\u00e7as Clim\u00e1ticas (COP 30)<\/strong>, entre 10 e 21 de novembro.\u00a0<\/p>\n<p>Desta forma, o\u00a0<strong>exame ser\u00e1 realizado nos dias 30 de novembro e 7 de dezembro nessas cidades<\/strong>.\u00a0<\/p>\n<blockquote class=\"wp-block-quote is-layout-flow wp-block-quote-is-layout-flow\">\n<p>\u201cExcepcionalmente, considerando a realiza\u00e7\u00e3o da 30\u00aa Confer\u00eancia das Na\u00e7\u00f5es Unidas sobre Mudan\u00e7as Clim\u00e1ticas \u2013 COP 30, que ser\u00e1 realizada em Bel\u00e9m-PA, a aplica\u00e7\u00e3o do Enem 2025 para o participante que indicar os munic\u00edpios de Bel\u00e9m-PA, Ananindeua-PA ou Marituba-PA como munic\u00edpio de aplica\u00e7\u00e3o no ato da inscri\u00e7\u00e3o ser\u00e1 realizada em 30 de novembro de 2025 e 7 de dezembro de 2025\u201d, diz o edital.<\/p>\n<\/blockquote>\n<h2 class=\"wp-block-heading\" id=\"h-nome-social\">Nome social<\/h2>\n<p>No\u00a0<strong>ato de inscri\u00e7\u00e3o<\/strong>, os candidatos podem\u00a0<strong>requerer o tratamento pelo nome social<\/strong>, que \u00e9 destinado \u00e0 pessoa que se identifica e quer ser reconhecida socialmente, conforme sua identidade de g\u00eanero.\u00a0<\/p>\n<p><strong>Ser\u00e3o usados dados da Receita Federal<\/strong>, por isso o\u00a0<strong>participante dever\u00e1 cadastrar o nome social\u00a0na Receita Federal<\/strong>.\u00a0<strong>Travestis, transexuais ou transg\u00eaneros receber\u00e3o esse tratamento automaticamente<\/strong>, de acordo com os dados cadastrados na Receita.<\/p>\n<p>O candidato n\u00e3o precisa enviar documentos comprobat\u00f3rios.<\/p>\n<h2 class=\"wp-block-heading\" id=\"h-acessibilidade\">Acessibilidade<\/h2>\n<p>O\u00a0participante que\u00a0<strong>necessitar de atendimento especializado<\/strong>\u00a0dever\u00e1, no\u00a0<strong>ato da inscri\u00e7\u00e3o, solicit\u00e1-lo<\/strong>.<\/p>\n<p>O<strong>\u00a0candidato deve informar as condi\u00e7\u00f5es que motivaram a solicita\u00e7\u00e3o<\/strong>, como baixa vis\u00e3o, cegueira, vis\u00e3o monocular, defici\u00eancia f\u00edsica, auditiva, intelectual e surdez,\u00a0surdocegueira, dislexia, discalculia, d\u00e9ficit de aten\u00e7\u00e3o, Transtorno do Espectro Autista (TEA), gestantes, lactantes, diab\u00e9ticos, idosos e estudantes em classe hospitalar ou com outra condi\u00e7\u00e3o espec\u00edfica.\u00a0<\/p>\n<p>Os recursos de acessibilidade disponibilizados aos candidatos est\u00e3o descritos no edital.<\/p>\n<h2 class=\"wp-block-heading\" id=\"h-taxa-de-inscricao\">Taxa de inscri\u00e7\u00e3o<\/h2>\n<p>A\u00a0<strong>taxa de inscri\u00e7\u00e3o do Enem \u00e9 no valor de R$ 85<\/strong>\u00a0e pode ser paga por boleto (gerado na P\u00e1gina do Participante), pix, cart\u00e3o de cr\u00e9dito, d\u00e9bito em conta corrente ou poupan\u00e7a (a depender do banco). O\u00a0<strong>prazo para fazer o pagamento vai\u00a0at\u00e9 11 de\u00a0junho<\/strong>.\u00a0N\u00e3o haver\u00e1 prorroga\u00e7\u00e3o do prazo para pagamento da taxa.<\/p>\n<p>Para pagar por Pix, basta acessar o\u00a0QR code\u00a0que constar\u00e1 no boleto.<\/p>\n<p>De acordo com o edital,\u00a0<strong>n\u00e3o ser\u00e3o gerados boletos<\/strong>\u00a0para\u00a0<strong>participante que informar na inscri\u00e7\u00e3o que usar\u00e1\u00a0os resultados do Enem 2025 para pleitear o certificado de conclus\u00e3o do ensino m\u00e9dio ou declara\u00e7\u00e3o parcial de profici\u00eancia e que esteja inscrito no Cadastro \u00danico para Programas Sociais do Governo Federal (Cad\u00danico)\u00a0<\/strong>e\u00a0<strong>concluinte do ensino m\u00e9dio (no ano de 2025), mesmo que ainda n\u00e3o tenha solicitado isen\u00e7\u00e3o da taxa<\/strong>.\u00a0<\/p>\n<h2 class=\"wp-block-heading\" id=\"h-reaplicacao\">Reaplica\u00e7\u00e3o<\/h2>\n<p>De acordo com o edital, as\u00a0<strong>provas ser\u00e3o reaplicadas\u00a0nos dias 16\u00a0e 17\u00a0de dezembro<\/strong>\u00a0para os\u00a0<strong>participantes que faltaram por problemas log\u00edsticos ou doen\u00e7as infectocontagiosas.<\/strong><\/p>\n<p><em>Siga o Acorda Cidade no<\/em><a href=\"https:\/\/news.google.com\/search?q=acorda%20cidade&amp;hl=pt-BR&amp;gl=BR&amp;ceid=BR%3Apt-419\"><strong><em>\u00a0Google Not\u00edcias<\/em><\/strong><\/a><em>\u00a0e receba os principais destaques do dia. Participe tamb\u00e9m dos nossos canais no\u00a0<\/em><a href=\"https:\/\/www.whatsapp.com\/channel\/0029Va6Rb4v3WHTNnsh8WI3N\"><strong><em>WhatsApp<\/em><\/strong><\/a><em>\u00a0e\u00a0<\/em><a href=\"https:\/\/www.youtube.com\/@acordacidadenoticias\/videos\"><strong>Youtube<\/strong><\/a><em>\u00a0e grupo de\u00a0<\/em><a href=\"https:\/\/t.me\/+sSz0khrgARA0ZmRh\"><strong><em>Telegram<\/em><\/strong><\/a><em>.<\/em><\/p>\n<\/div>\n","protected":false},"excerpt":{"rendered":"<div>\n<div>\n<figure><img decoding=\"async\" src=\"https:\/\/uploads.acordacidade.com.br\/2025\/05\/gyBwMBrK-Enem-estudantes-.webp\" alt=\"Enem - estudantes\"><figcaption>Foto: Jos\u00e9 Cruz\/Ag\u00eancia Brasil<\/figcaption><\/figure>\n<\/div>\n<p>Provas ser\u00e3o aplicadas nos dias 9 e 16 de novembro.<\/p><\/div>\n","protected":false},"author":1,"featured_media":87305,"comment_status":"closed","ping_status":"closed","sticky":false,"template":"","format":"gallery","meta":{"footnotes":""},"categories":[8,9,6,57,56,10],"tags":[],"class_list":["post-87304","post","type-post","status-publish","format-gallery","has-post-thumbnail","hentry","category-bahia","category-brasil","category-feira-de-santana","category-mundo","category-policia","category-politica","post_format-post-format-gallery"],"featured_image_urls":{"full":["https:\/\/noticiasbahia360.com.br\/wp-content\/uploads\/2025\/05\/gyBwMBrK-Enem-estudantes-.webp",1200,718,false],"thumbnail":["https:\/\/noticiasbahia360.com.br\/wp-content\/uploads\/2025\/05\/gyBwMBrK-Enem-estudantes--150x150.webp",150,150,true],"medium":["https:\/\/noticiasbahia360.com.br\/wp-content\/uploads\/2025\/05\/gyBwMBrK-Enem-estudantes--300x180.webp",300,180,true],"medium_large":["https:\/\/noticiasbahia360.com.br\/wp-content\/uploads\/2025\/05\/gyBwMBrK-Enem-estudantes--768x460.webp",640,383,true],"large":["https:\/\/noticiasbahia360.com.br\/wp-content\/uploads\/2025\/05\/gyBwMBrK-Enem-estudantes--1024x613.webp",640,383,true],"1536x1536":["https:\/\/noticiasbahia360.com.br\/wp-content\/uploads\/2025\/05\/gyBwMBrK-Enem-estudantes-.webp",1200,718,false],"2048x2048":["https:\/\/noticiasbahia360.com.br\/wp-content\/uploads\/2025\/05\/gyBwMBrK-Enem-estudantes-.webp",1200,718,false],"chromenews-featured":["https:\/\/noticiasbahia360.com.br\/wp-content\/uploads\/2025\/05\/gyBwMBrK-Enem-estudantes--1024x613.webp",1024,613,true],"chromenews-large":["https:\/\/noticiasbahia360.com.br\/wp-content\/uploads\/2025\/05\/gyBwMBrK-Enem-estudantes--825x575.webp",825,575,true],"chromenews-medium":["https:\/\/noticiasbahia360.com.br\/wp-content\/uploads\/2025\/05\/gyBwMBrK-Enem-estudantes--590x410.webp",590,410,true]},"author_info":{"display_name":"noticiasbahia360.com.br","author_link":"https:\/\/noticiasbahia360.com.br\/?author=1"},"category_info":"<a href=\"https:\/\/noticiasbahia360.com.br\/?cat=8\" rel=\"category\">Bahia<\/a> <a href=\"https:\/\/noticiasbahia360.com.br\/?cat=9\" rel=\"category\">Brasil<\/a> <a href=\"https:\/\/noticiasbahia360.com.br\/?cat=6\" rel=\"category\">Feira de Santana<\/a> <a href=\"https:\/\/noticiasbahia360.com.br\/?cat=57\" rel=\"category\">Mundo<\/a> <a href=\"https:\/\/noticiasbahia360.com.br\/?cat=56\" rel=\"category\">Pol\u00edcia<\/a> <a href=\"https:\/\/noticiasbahia360.com.br\/?cat=10\" rel=\"category\">Pol\u00edtica<\/a>","tag_info":"Pol\u00edtica","comment_count":"0","_links":{"self":[{"href":"https:\/\/noticiasbahia360.com.br\/index.php?rest_route=\/wp\/v2\/posts\/87304","targetHints":{"allow":["GET"]}}],"collection":[{"href":"https:\/\/noticiasbahia360.com.br\/index.php?rest_route=\/wp\/v2\/posts"}],"about":[{"href":"https:\/\/noticiasbahia360.com.br\/index.php?rest_route=\/wp\/v2\/types\/post"}],"author":[{"embeddable":true,"href":"https:\/\/noticiasbahia360.com.br\/index.php?rest_route=\/wp\/v2\/users\/1"}],"replies":[{"embeddable":true,"href":"https:\/\/noticiasbahia360.com.br\/index.php?rest_route=%2Fwp%2Fv2%2Fcomments&post=87304"}],"version-history":[{"count":0,"href":"https:\/\/noticiasbahia360.com.br\/index.php?rest_route=\/wp\/v2\/posts\/87304\/revisions"}],"wp:featuredmedia":[{"embeddable":true,"href":"https:\/\/noticiasbahia360.com.br\/index.php?rest_route=\/wp\/v2\/media\/87305"}],"wp:attachment":[{"href":"https:\/\/noticiasbahia360.com.br\/index.php?rest_route=%2Fwp%2Fv2%2Fmedia&parent=87304"}],"wp:term":[{"taxonomy":"category","embeddable":true,"href":"https:\/\/noticiasbahia360.com.br\/index.php?rest_route=%2Fwp%2Fv2%2Fcategories&post=87304"},{"taxonomy":"post_tag","embeddable":true,"href":"https:\/\/noticiasbahia360.com.br\/index.php?rest_route=%2Fwp%2Fv2%2Ftags&post=87304"}],"curies":[{"name":"wp","href":"https:\/\/api.w.org\/{rel}","templated":true}]}}