{"id":87306,"date":"2025-05-24T06:46:26","date_gmt":"2025-05-24T09:46:26","guid":{"rendered":"https:\/\/noticiasbahia360.com.br\/?p=87306"},"modified":"2025-05-24T06:46:26","modified_gmt":"2025-05-24T09:46:26","slug":"esquenta-sao-joao-agita-mercado-de-arte-popular-neste-sabado-24","status":"publish","type":"post","link":"https:\/\/noticiasbahia360.com.br\/?p=87306","title":{"rendered":"Esquenta S\u00e3o Jo\u00e3o agita Mercado de Arte Popular neste s\u00e1bado (24)"},"content":{"rendered":"<div>\n<div>\n<figure><img decoding=\"async\" src=\"http:\/\/noticiasbahia360.com.br\/wp-content\/uploads\/2025\/05\/comercio-de-feira-ft-Ney-Silva-Acorda-cidade5-mercado-de-arte-popular.jpg\" alt=\"mercado de Arte\"><figcaption>Foto: Ney Silva\/Acorda Cidade<\/figcaption><\/figure>\n<\/div>\n<p>O Mercado de Arte Popular (MAP) de Feira de Santana entra no clima junino neste s\u00e1bado (24). Para abrir as comemora\u00e7\u00f5es do m\u00eas de junho, a gest\u00e3o do entreposto promove a festa <a href=\"https:\/\/www.acordacidade.com.br\/tag\/esquenta-sao-joao\/\">Esquenta S\u00e3o Jo\u00e3o<\/a>, a partir das 13 horas.<\/p>\n<p>O centro de compras localizado estrategicamente no centro de Feira de Santana, na Avenida Get\u00falio Vargas, recebe para uma tarde de muito forr\u00f3, as cantoras Carla Sanchez, Vit\u00f3ria Alencar e Fabiana Nascimento, o cantor Leo Max e a banda Oz Panteras.<\/p>\n<p>O Esquenta S\u00e3o Jo\u00e3o \u00e9 uma realiza\u00e7\u00e3o do Mercado de Arte Popular, com o apoio da Prefeitura de Feira de Santana, atrav\u00e9s da Secretaria Municipal de Trabalho, Turismo e Desenvolvimento Econ\u00f4mico (Settdec).<\/p>\n<p><em>Com informa\u00e7\u00f5es da Secretaria Municipal de Comunica\u00e7\u00e3o Social (Secom)<\/em><\/p>\n<p><em>Siga o Acorda Cidade no<\/em><a href=\"https:\/\/news.google.com\/search?q=acorda%20cidade&amp;hl=pt-BR&amp;gl=BR&amp;ceid=BR%3Apt-419\"><strong><em>\u00a0Google Not\u00edcias<\/em><\/strong><\/a><em>\u00a0e receba os principais destaques do dia. Participe tamb\u00e9m dos nossos canais no\u00a0<\/em><a href=\"https:\/\/www.whatsapp.com\/channel\/0029Va6Rb4v3WHTNnsh8WI3N\"><strong><em>WhatsApp<\/em><\/strong><\/a><em>\u00a0e\u00a0<\/em><a href=\"https:\/\/www.youtube.com\/@acordacidadenoticias\/videos\"><strong>Youtube<\/strong><\/a><em>\u00a0e grupo de\u00a0<\/em><a href=\"https:\/\/t.me\/+sSz0khrgARA0ZmRh\"><strong><em>Telegram<\/em><\/strong><\/a><em>.<\/em><\/p>\n<\/div>\n","protected":false},"excerpt":{"rendered":"<div>\n<div>\n<figure><img decoding=\"async\" src=\"https:\/\/uploads.acordacidade.com.br\/wp-content\/uploads\/2023\/09\/07161720\/comercio-de-feira-ft-Ney-Silva-Acorda-cidade5-mercado-de-arte-popular.jpg\" alt=\"mercado de Arte\"><figcaption>Foto: Ney Silva\/Acorda Cidade<\/figcaption><\/figure>\n<\/div>\n<p>O Esquenta S\u00e3o Jo\u00e3o \u00e9 uma realiza\u00e7\u00e3o do Mercado de Arte Popular, com o apoio da Prefeitura de Feira de Santana.<\/p><\/div>\n","protected":false},"author":1,"featured_media":87307,"comment_status":"closed","ping_status":"closed","sticky":false,"template":"","format":"gallery","meta":{"footnotes":""},"categories":[8,9,6,57,56,10],"tags":[],"class_list":["post-87306","post","type-post","status-publish","format-gallery","has-post-thumbnail","hentry","category-bahia","category-brasil","category-feira-de-santana","category-mundo","category-policia","category-politica","post_format-post-format-gallery"],"featured_image_urls":{"full":["https:\/\/noticiasbahia360.com.br\/wp-content\/uploads\/2025\/05\/comercio-de-feira-ft-Ney-Silva-Acorda-cidade5-mercado-de-arte-popular.jpg",640,360,false],"thumbnail":["https:\/\/noticiasbahia360.com.br\/wp-content\/uploads\/2025\/05\/comercio-de-feira-ft-Ney-Silva-Acorda-cidade5-mercado-de-arte-popular-150x150.jpg",150,150,true],"medium":["https:\/\/noticiasbahia360.com.br\/wp-content\/uploads\/2025\/05\/comercio-de-feira-ft-Ney-Silva-Acorda-cidade5-mercado-de-arte-popular-300x169.jpg",300,169,true],"medium_large":["https:\/\/noticiasbahia360.com.br\/wp-content\/uploads\/2025\/05\/comercio-de-feira-ft-Ney-Silva-Acorda-cidade5-mercado-de-arte-popular.jpg",640,360,false],"large":["https:\/\/noticiasbahia360.com.br\/wp-content\/uploads\/2025\/05\/comercio-de-feira-ft-Ney-Silva-Acorda-cidade5-mercado-de-arte-popular.jpg",640,360,false],"1536x1536":["https:\/\/noticiasbahia360.com.br\/wp-content\/uploads\/2025\/05\/comercio-de-feira-ft-Ney-Silva-Acorda-cidade5-mercado-de-arte-popular.jpg",640,360,false],"2048x2048":["https:\/\/noticiasbahia360.com.br\/wp-content\/uploads\/2025\/05\/comercio-de-feira-ft-Ney-Silva-Acorda-cidade5-mercado-de-arte-popular.jpg",640,360,false],"chromenews-featured":["https:\/\/noticiasbahia360.com.br\/wp-content\/uploads\/2025\/05\/comercio-de-feira-ft-Ney-Silva-Acorda-cidade5-mercado-de-arte-popular.jpg",640,360,false],"chromenews-large":["https:\/\/noticiasbahia360.com.br\/wp-content\/uploads\/2025\/05\/comercio-de-feira-ft-Ney-Silva-Acorda-cidade5-mercado-de-arte-popular.jpg",640,360,false],"chromenews-medium":["https:\/\/noticiasbahia360.com.br\/wp-content\/uploads\/2025\/05\/comercio-de-feira-ft-Ney-Silva-Acorda-cidade5-mercado-de-arte-popular-590x360.jpg",590,360,true]},"author_info":{"display_name":"noticiasbahia360.com.br","author_link":"https:\/\/noticiasbahia360.com.br\/?author=1"},"category_info":"<a href=\"https:\/\/noticiasbahia360.com.br\/?cat=8\" rel=\"category\">Bahia<\/a> <a href=\"https:\/\/noticiasbahia360.com.br\/?cat=9\" rel=\"category\">Brasil<\/a> <a href=\"https:\/\/noticiasbahia360.com.br\/?cat=6\" rel=\"category\">Feira de Santana<\/a> <a href=\"https:\/\/noticiasbahia360.com.br\/?cat=57\" rel=\"category\">Mundo<\/a> <a href=\"https:\/\/noticiasbahia360.com.br\/?cat=56\" rel=\"category\">Pol\u00edcia<\/a> <a href=\"https:\/\/noticiasbahia360.com.br\/?cat=10\" rel=\"category\">Pol\u00edtica<\/a>","tag_info":"Pol\u00edtica","comment_count":"0","_links":{"self":[{"href":"https:\/\/noticiasbahia360.com.br\/index.php?rest_route=\/wp\/v2\/posts\/87306","targetHints":{"allow":["GET"]}}],"collection":[{"href":"https:\/\/noticiasbahia360.com.br\/index.php?rest_route=\/wp\/v2\/posts"}],"about":[{"href":"https:\/\/noticiasbahia360.com.br\/index.php?rest_route=\/wp\/v2\/types\/post"}],"author":[{"embeddable":true,"href":"https:\/\/noticiasbahia360.com.br\/index.php?rest_route=\/wp\/v2\/users\/1"}],"replies":[{"embeddable":true,"href":"https:\/\/noticiasbahia360.com.br\/index.php?rest_route=%2Fwp%2Fv2%2Fcomments&post=87306"}],"version-history":[{"count":0,"href":"https:\/\/noticiasbahia360.com.br\/index.php?rest_route=\/wp\/v2\/posts\/87306\/revisions"}],"wp:featuredmedia":[{"embeddable":true,"href":"https:\/\/noticiasbahia360.com.br\/index.php?rest_route=\/wp\/v2\/media\/87307"}],"wp:attachment":[{"href":"https:\/\/noticiasbahia360.com.br\/index.php?rest_route=%2Fwp%2Fv2%2Fmedia&parent=87306"}],"wp:term":[{"taxonomy":"category","embeddable":true,"href":"https:\/\/noticiasbahia360.com.br\/index.php?rest_route=%2Fwp%2Fv2%2Fcategories&post=87306"},{"taxonomy":"post_tag","embeddable":true,"href":"https:\/\/noticiasbahia360.com.br\/index.php?rest_route=%2Fwp%2Fv2%2Ftags&post=87306"}],"curies":[{"name":"wp","href":"https:\/\/api.w.org\/{rel}","templated":true}]}}