{"id":87308,"date":"2025-05-24T06:56:32","date_gmt":"2025-05-24T09:56:32","guid":{"rendered":"https:\/\/noticiasbahia360.com.br\/?p=87308"},"modified":"2025-05-24T06:56:32","modified_gmt":"2025-05-24T09:56:32","slug":"casa-do-trabalhador-normaliza-atendimento-para-seguro-desemprego","status":"publish","type":"post","link":"https:\/\/noticiasbahia360.com.br\/?p=87308","title":{"rendered":"Casa do Trabalhador normaliza atendimento para seguro-desemprego"},"content":{"rendered":"<div>\n<div>\n<figure><img decoding=\"async\" src=\"http:\/\/noticiasbahia360.com.br\/wp-content\/uploads\/2025\/05\/7IGcZUF1-Casa-do-Trabalhador-ft-ney-silva-acorda-cidade-1.jpg\" alt=\"Casa do Trabalhador tem vagas de emprego para atendente de bar, recepcionista e PCD\"><figcaption>Foto: Ney Silva\/Acorda Cidade<\/figcaption><\/figure>\n<\/div>\n<p>A <a href=\"https:\/\/www.acordacidade.com.br\/tag\/casa-do-trabalhador\/\">Casa do Trabalhador<\/a> da Prefeitura de Feira de Santana retomou o atendimento para encaminhamento do seguro-desemprego. O servi\u00e7o havia sido temporariamente suspenso devido \u00e0 falta de senhas de acesso ao sistema do Minist\u00e9rio do Trabalho e Emprego (MTE), necess\u00e1rias para a realiza\u00e7\u00e3o dos procedimentos.<\/p>\n<p>A suspens\u00e3o do servi\u00e7o de seguro-desemprego, que ocorreu semana passada, afetou trabalhadores que dependiam do atendimento local para dar entrada no benef\u00edcio. Durante o per\u00edodo, os cidad\u00e3os foram orientados a buscar a Ger\u00eancia Regional do Trabalho, localizada na rua Monsenhor Aderbal Miranda, no bairro Bras\u00edlia.<\/p>\n<p>Segundo o diretor da Casa do Trabalhador, Magno Felzemburgh, a libera\u00e7\u00e3o das senhas por parte do MTE finalmente foi conclu\u00edda, permitindo o retorno \u00e0 normalidade dos servi\u00e7os. \u201cEstamos aliviados em poder retomar esse atendimento t\u00e3o importante para os trabalhadores da nossa cidade. Foi um per\u00edodo dif\u00edcil, mas agora esperamos seguir com os servi\u00e7os sem novas interrup\u00e7\u00f5es\u201d, destacou.<\/p>\n<p>Com a regulariza\u00e7\u00e3o, o atendimento para solicita\u00e7\u00e3o do seguro-desemprego volta a acontecer normalmente na sede da Casa do Trabalhador.\u00a0<\/p>\n<p>C<em>om informa\u00e7\u00f5es da Secretaria Municipal de Comunica\u00e7\u00e3o Social (Secom)<\/em><\/p>\n<p><em>Siga o Acorda Cidade no<\/em><a href=\"https:\/\/news.google.com\/search?q=acorda%20cidade&amp;hl=pt-BR&amp;gl=BR&amp;ceid=BR%3Apt-419\"><strong><em>\u00a0Google Not\u00edcias<\/em><\/strong><\/a><em>\u00a0e receba os principais destaques do dia. Participe tamb\u00e9m dos nossos canais no\u00a0<\/em><a href=\"https:\/\/www.whatsapp.com\/channel\/0029Va6Rb4v3WHTNnsh8WI3N\"><strong><em>WhatsApp<\/em><\/strong><\/a><em>\u00a0e\u00a0<\/em><a href=\"https:\/\/www.youtube.com\/@acordacidadenoticias\/videos\"><strong>Youtube<\/strong><\/a><em>\u00a0e grupo de\u00a0<\/em><a href=\"https:\/\/t.me\/+sSz0khrgARA0ZmRh\"><strong><em>Telegram<\/em><\/strong><\/a><em>.<\/em><\/p>\n<\/div>\n","protected":false},"excerpt":{"rendered":"<div>\n<div>\n<figure><img decoding=\"async\" src=\"https:\/\/uploads.acordacidade.com.br\/2024\/10\/7IGcZUF1-Casa-do-Trabalhador-ft-ney-silva-acorda-cidade.jpg\" alt=\"Casa do Trabalhador tem vagas de emprego para atendente de bar, recepcionista e PCD\"><figcaption>Foto: Ney Silva\/Acorda Cidade<\/figcaption><\/figure>\n<\/div>\n<p>O servi\u00e7o havia sido temporariamente suspenso devido \u00e0 falta de senhas de acesso ao sistema do Minist\u00e9rio do Trabalho.<\/p><\/div>\n","protected":false},"author":1,"featured_media":87309,"comment_status":"closed","ping_status":"closed","sticky":false,"template":"","format":"gallery","meta":{"footnotes":""},"categories":[8,9,6,57,56,10],"tags":[],"class_list":["post-87308","post","type-post","status-publish","format-gallery","has-post-thumbnail","hentry","category-bahia","category-brasil","category-feira-de-santana","category-mundo","category-policia","category-politica","post_format-post-format-gallery"],"featured_image_urls":{"full":["https:\/\/noticiasbahia360.com.br\/wp-content\/uploads\/2025\/05\/7IGcZUF1-Casa-do-Trabalhador-ft-ney-silva-acorda-cidade-1.jpg",640,369,false],"thumbnail":["https:\/\/noticiasbahia360.com.br\/wp-content\/uploads\/2025\/05\/7IGcZUF1-Casa-do-Trabalhador-ft-ney-silva-acorda-cidade-1-150x150.jpg",150,150,true],"medium":["https:\/\/noticiasbahia360.com.br\/wp-content\/uploads\/2025\/05\/7IGcZUF1-Casa-do-Trabalhador-ft-ney-silva-acorda-cidade-1-300x173.jpg",300,173,true],"medium_large":["https:\/\/noticiasbahia360.com.br\/wp-content\/uploads\/2025\/05\/7IGcZUF1-Casa-do-Trabalhador-ft-ney-silva-acorda-cidade-1.jpg",640,369,false],"large":["https:\/\/noticiasbahia360.com.br\/wp-content\/uploads\/2025\/05\/7IGcZUF1-Casa-do-Trabalhador-ft-ney-silva-acorda-cidade-1.jpg",640,369,false],"1536x1536":["https:\/\/noticiasbahia360.com.br\/wp-content\/uploads\/2025\/05\/7IGcZUF1-Casa-do-Trabalhador-ft-ney-silva-acorda-cidade-1.jpg",640,369,false],"2048x2048":["https:\/\/noticiasbahia360.com.br\/wp-content\/uploads\/2025\/05\/7IGcZUF1-Casa-do-Trabalhador-ft-ney-silva-acorda-cidade-1.jpg",640,369,false],"chromenews-featured":["https:\/\/noticiasbahia360.com.br\/wp-content\/uploads\/2025\/05\/7IGcZUF1-Casa-do-Trabalhador-ft-ney-silva-acorda-cidade-1.jpg",640,369,false],"chromenews-large":["https:\/\/noticiasbahia360.com.br\/wp-content\/uploads\/2025\/05\/7IGcZUF1-Casa-do-Trabalhador-ft-ney-silva-acorda-cidade-1.jpg",640,369,false],"chromenews-medium":["https:\/\/noticiasbahia360.com.br\/wp-content\/uploads\/2025\/05\/7IGcZUF1-Casa-do-Trabalhador-ft-ney-silva-acorda-cidade-1-590x369.jpg",590,369,true]},"author_info":{"display_name":"noticiasbahia360.com.br","author_link":"https:\/\/noticiasbahia360.com.br\/?author=1"},"category_info":"<a href=\"https:\/\/noticiasbahia360.com.br\/?cat=8\" rel=\"category\">Bahia<\/a> <a href=\"https:\/\/noticiasbahia360.com.br\/?cat=9\" rel=\"category\">Brasil<\/a> <a href=\"https:\/\/noticiasbahia360.com.br\/?cat=6\" rel=\"category\">Feira de Santana<\/a> <a href=\"https:\/\/noticiasbahia360.com.br\/?cat=57\" rel=\"category\">Mundo<\/a> <a href=\"https:\/\/noticiasbahia360.com.br\/?cat=56\" rel=\"category\">Pol\u00edcia<\/a> <a href=\"https:\/\/noticiasbahia360.com.br\/?cat=10\" rel=\"category\">Pol\u00edtica<\/a>","tag_info":"Pol\u00edtica","comment_count":"0","_links":{"self":[{"href":"https:\/\/noticiasbahia360.com.br\/index.php?rest_route=\/wp\/v2\/posts\/87308","targetHints":{"allow":["GET"]}}],"collection":[{"href":"https:\/\/noticiasbahia360.com.br\/index.php?rest_route=\/wp\/v2\/posts"}],"about":[{"href":"https:\/\/noticiasbahia360.com.br\/index.php?rest_route=\/wp\/v2\/types\/post"}],"author":[{"embeddable":true,"href":"https:\/\/noticiasbahia360.com.br\/index.php?rest_route=\/wp\/v2\/users\/1"}],"replies":[{"embeddable":true,"href":"https:\/\/noticiasbahia360.com.br\/index.php?rest_route=%2Fwp%2Fv2%2Fcomments&post=87308"}],"version-history":[{"count":0,"href":"https:\/\/noticiasbahia360.com.br\/index.php?rest_route=\/wp\/v2\/posts\/87308\/revisions"}],"wp:featuredmedia":[{"embeddable":true,"href":"https:\/\/noticiasbahia360.com.br\/index.php?rest_route=\/wp\/v2\/media\/87309"}],"wp:attachment":[{"href":"https:\/\/noticiasbahia360.com.br\/index.php?rest_route=%2Fwp%2Fv2%2Fmedia&parent=87308"}],"wp:term":[{"taxonomy":"category","embeddable":true,"href":"https:\/\/noticiasbahia360.com.br\/index.php?rest_route=%2Fwp%2Fv2%2Fcategories&post=87308"},{"taxonomy":"post_tag","embeddable":true,"href":"https:\/\/noticiasbahia360.com.br\/index.php?rest_route=%2Fwp%2Fv2%2Ftags&post=87308"}],"curies":[{"name":"wp","href":"https:\/\/api.w.org\/{rel}","templated":true}]}}