{"id":87310,"date":"2025-05-24T06:56:34","date_gmt":"2025-05-24T09:56:34","guid":{"rendered":"https:\/\/noticiasbahia360.com.br\/?p=87310"},"modified":"2025-05-24T06:56:34","modified_gmt":"2025-05-24T09:56:34","slug":"gripe-aviaria-acende-alerta-no-brasil-mas-preco-do-frango-na-bahia-nao-deve-cair-diz-produtor","status":"publish","type":"post","link":"https:\/\/noticiasbahia360.com.br\/?p=87310","title":{"rendered":"Gripe avi\u00e1ria acende alerta no Brasil, mas pre\u00e7o do frango na Bahia n\u00e3o deve cair, diz produtor"},"content":{"rendered":"<div>\n<div>\n<figure><img decoding=\"async\" src=\"http:\/\/noticiasbahia360.com.br\/wp-content\/uploads\/2025\/05\/galinhas-aves-animais-foto-freepik.jpg\" alt=\"\"><figcaption>Foto: Freepik <\/figcaption><\/figure>\n<\/div>\n<p>O Brasil voltou a acender o sinal de alerta com a confirma\u00e7\u00e3o do <a href=\"https:\/\/www.acordacidade.com.br\/saude\/gripe-aviaria-e-detectada-pela-1a-vez-em-granja-comercial-no-brasil-china-suspendeu-compra-de-frango-do-pais\/\" target=\"_blank\" rel=\"noreferrer noopener\">primeiro foco de gripe avi\u00e1ria H5N1<\/a> em uma granja comercial no pa\u00eds. O caso foi registrado em Montenegro, na Regi\u00e3o Metropolitana de Porto Alegre (RS), e levou a China \u2014 maior compradora de carne de frango brasileira \u2014 a suspender temporariamente as importa\u00e7\u00f5es por 60 dias.<\/p>\n<p>Diante da repercuss\u00e3o, surgiram especula\u00e7\u00f5es sobre uma poss\u00edvel redu\u00e7\u00e3o no pre\u00e7o do frango em algumas regi\u00f5es, inclusive na Bahia. Mas, segundo o presidente da Associa\u00e7\u00e3o de Integrados de Avicultura do Estado da Bahia, Euclides Arthur, que tamb\u00e9m \u00e9 produtor, o consumidor baiano n\u00e3o deve esperar por isso.<\/p>\n<p>Em entrevista ao Acorda Cidade, Euclides explicou que, apesar do impacto nas exporta\u00e7\u00f5es, os efeitos devem ficar concentrados no Sul do pa\u00eds \u2014 principal polo exportador de carne de frango do Brasil.<\/p>\n<p>\u201cA gripe avi\u00e1ria j\u00e1 existe no mundo desde 2003. 20 anos depois, ela teve o primeiro foco aqui no Brasil, que veio atrav\u00e9s de aves migrat\u00f3rias. Mas foi um fato isolado, n\u00e3o atingiu nenhum avi\u00e1rio comercial\u201d, explicou.<\/p>\n<p>Agora, em 2025, o cen\u00e1rio se repete, mas de forma mais preocupante, j\u00e1 que o v\u00edrus foi identificado em um plantel comercial no Rio Grande do Sul. Segundo Euclides, a doen\u00e7a \u00e9 extremamente agressiva e pode \u201cdizimar um plantel inteiro rapidamente\u201d.<\/p>\n<h2 class=\"wp-block-heading\" id=\"h-por-que-nao-deve-impactar-a-bahia\">Por que n\u00e3o deve impactar a Bahia?<\/h2>\n<p>O presidente da associa\u00e7\u00e3o explica que a gripe avi\u00e1ria gerou um bloqueio tempor\u00e1rio nas exporta\u00e7\u00f5es, o que deixa parte da produ\u00e7\u00e3o do Sul represada. Apesar disso, o impacto n\u00e3o chega \u00e0 Bahia.<\/p>\n<figure class=\"wp-block-image size-large\"><img fetchpriority=\"high\" data-dominant-color=\"708393\" data-has-transparency=\"false\" style=\"--dominant-color: #708393;\" fetchpriority=\"high\" decoding=\"async\" width=\"1024\" height=\"578\" sizes=\"(max-width: 1024px) 100vw, 1024px\" src=\"http:\/\/noticiasbahia360.com.br\/wp-content\/uploads\/2025\/05\/JrJ26b8Y-Presidente-da-Associacao-de-Integrados-de-Avicultura-do-Estado-da-Bahia-Euclides-Arthur-ft-paulo-jose-acorda-cidade-1024x578-1.webp\" alt=\"Presidente da Associa\u00e7\u00e3o de Integrados de Avicultura do Estado da Bahia Euclides Arthur - frango\" class=\"wp-image-557189 not-transparent\" srcset=\"https:\/\/uploads.acordacidade.com.br\/2025\/05\/JrJ26b8Y-Presidente-da-Associacao-de-Integrados-de-Avicultura-do-Estado-da-Bahia-Euclides-Arthur-ft-paulo-jose-acorda-cidade-300x169.webp 300w, http:\/\/noticiasbahia360.com.br\/wp-content\/uploads\/2025\/05\/JrJ26b8Y-Presidente-da-Associacao-de-Integrados-de-Avicultura-do-Estado-da-Bahia-Euclides-Arthur-ft-paulo-jose-acorda-cidade-1024x578-1.webp 1024w, https:\/\/uploads.acordacidade.com.br\/2025\/05\/JrJ26b8Y-Presidente-da-Associacao-de-Integrados-de-Avicultura-do-Estado-da-Bahia-Euclides-Arthur-ft-paulo-jose-acorda-cidade-768x433.webp 768w, https:\/\/uploads.acordacidade.com.br\/2025\/05\/JrJ26b8Y-Presidente-da-Associacao-de-Integrados-de-Avicultura-do-Estado-da-Bahia-Euclides-Arthur-ft-paulo-jose-acorda-cidade-150x85.webp 150w, https:\/\/uploads.acordacidade.com.br\/2025\/05\/JrJ26b8Y-Presidente-da-Associacao-de-Integrados-de-Avicultura-do-Estado-da-Bahia-Euclides-Arthur-ft-paulo-jose-acorda-cidade.webp 1200w\"><figcaption class=\"wp-element-caption\">Foto: Paulo Jos\u00e9\/Acorda Cidade<\/figcaption><\/figure>\n<p>\u201cEsses frangos devem ficar represados no Sul. Eu n\u00e3o sei qual ser\u00e1 o procedimento que essas empresas v\u00e3o utilizar no Sul, se eles v\u00e3o colocar esses frangos para vender. E a\u00ed a gente vem de um racioc\u00ednio l\u00f3gico. Quando voc\u00ea tem muito frango e a demanda \u00e9 menor, evidentemente que o pre\u00e7o deve baixar. Quando a oferta \u00e9 grande, a tend\u00eancia do pre\u00e7o \u00e9 cair. Mas aqui na Bahia, eu acredito que n\u00e3o, por conta disso. E voc\u00ea trazer o frango l\u00e1 do Sul para c\u00e1 \u00e9 uma log\u00edstica muito grande e cara. Acho pouco prov\u00e1vel que esses frangos cheguem at\u00e9 aqui a Bahia, mas enfim, acredito que a gente mantenha do jeito que est\u00e1\u201d, explicou ao Acorda Cidade.<\/p>\n<p>A produ\u00e7\u00e3o baiana, segundo ele, \u00e9 voltada para o consumo interno e segue sem qualquer registro da doen\u00e7a. \u201cA Bahia n\u00e3o tem nenhum problema com isso. O Estado aqui, gra\u00e7as a Deus, n\u00e3o tem nenhuma incid\u00eancia de gripe avi\u00e1ria\u201d.<\/p>\n<h2 class=\"wp-block-heading\" id=\"h-controle-rigido-para-evitar-o-virus\">Controle r\u00edgido para evitar o v\u00edrus<\/h2>\n<p>Mesmo sem casos registrados na regi\u00e3o, os produtores seguem adotando protocolos r\u00edgidos de biosseguran\u00e7a, tanto por exig\u00eancia das autoridades quanto das pr\u00f3prias empresas do setor.<\/p>\n<p>\u201cNenhum autom\u00f3vel, nada entra dentro do n\u00facleo sem passar pelo arco de desinfec\u00e7\u00e3o. As pessoas que porventura entrem \u2014 e que s\u00f3 s\u00e3o pessoas autorizadas \u2014 t\u00eam que ser identificadas. Nossos funcion\u00e1rios, todos, ao chegarem nas granjas, t\u00eam que tomar banho, trocar de roupa. S\u00f3 entram nos galp\u00f5es com as botas espec\u00edficas, s\u00e3o botas brancas que ficam no galp\u00e3o, apropriadas. Outra coisa tamb\u00e9m, lavar as m\u00e3os sempre, controle de roedores, enfim, tudo. A \u00e1gua tem que ser pot\u00e1vel, os tanques fechados\u201d, detalhou.<\/p>\n<figure class=\"wp-block-image size-full is-resized\"><img decoding=\"async\" width=\"640\" height=\"489\" sizes=\"(max-width: 640px) 100vw, 640px\" src=\"http:\/\/noticiasbahia360.com.br\/wp-content\/uploads\/2025\/05\/Gripe-Aviaria-Foto-ilustrativa-Marcos-Prinz-640x350-1.jpg\" alt=\"\" class=\"wp-image-305155\" style=\"width:840px;height:auto\" srcset=\"https:\/\/uploads.acordacidade.com.br\/wp-content\/uploads\/2023\/07\/22113307\/Gripe-Aviaria-Foto-ilustrativa-Marcos-Prinz-300x229.jpg 300w, http:\/\/noticiasbahia360.com.br\/wp-content\/uploads\/2025\/05\/Gripe-Aviaria-Foto-ilustrativa-Marcos-Prinz-640x350-1.jpg 640w\"><figcaption class=\"wp-element-caption\">Foto: Ilustrativa \u2013 Marcos Prinz<\/figcaption><\/figure>\n<h2 class=\"wp-block-heading\" id=\"h-e-para-quem-consome-ha-risco\">E para quem consome, h\u00e1 risco?<\/h2>\n<p>N\u00e3o. De acordo com o Minist\u00e9rio da Agricultura e Pecu\u00e1ria (Mapa) e refor\u00e7ado por Euclides, a gripe avi\u00e1ria n\u00e3o \u00e9 transmitida pelo consumo de carne de frango nem de ovos. O Mapa refor\u00e7a que casos de infec\u00e7\u00e3o humana pelo v\u00edrus H5N1 s\u00e3o extremamente raros e, quando ocorrem, est\u00e3o relacionados a contato direto e constante com aves infectadas \u2014 geralmente, trabalhadores do setor av\u00edcola ou quem lida diretamente com animais doentes.<\/p>\n<figure class=\"wp-block-image size-full is-resized\"><img decoding=\"async\" width=\"640\" height=\"410\" sizes=\"(max-width: 640px) 100vw, 640px\" src=\"http:\/\/noticiasbahia360.com.br\/wp-content\/uploads\/2025\/05\/Frango-Assado_-Foto-Arquivo-Pessoal-640x350-1.jpg\" alt=\"Clientes formam fila em busca de frango assado pelo Natal. (Foto: Reprodu\u00e7\u00e3o\/ Redes Sociais)\" class=\"wp-image-253082\" style=\"width:840px;height:auto\" srcset=\"https:\/\/uploads.acordacidade.com.br\/wp-content\/uploads\/2022\/12\/26171614\/Frango-Assado_-Foto-Arquivo-Pessoal-300x192.jpg 300w, http:\/\/noticiasbahia360.com.br\/wp-content\/uploads\/2025\/05\/Frango-Assado_-Foto-Arquivo-Pessoal-640x350-1.jpg 640w\"><figcaption class=\"wp-element-caption\">Foto: Arquivo Pessoal<\/figcaption><\/figure>\n<p>\u201cO consumidor n\u00e3o contamina. Por qu\u00ea? Porque a contamina\u00e7\u00e3o dessas aves, atrav\u00e9s da gripe avi\u00e1ria, s\u00f3 se d\u00e1 atrav\u00e9s da secre\u00e7\u00e3o nasal ou atrav\u00e9s das fezes. Quando voc\u00ea consome, voc\u00ea vai ingerir esse frango ou cozido, ou assado, ou frito. E o ovo tamb\u00e9m, cozido ou frito. Ent\u00e3o, n\u00e3o h\u00e1 a menor possibilidade\u201d, garantiu.<\/p>\n<p>Apesar disso, os embargos impostos por pa\u00edses como a China n\u00e3o s\u00e3o motivados por risco de transmiss\u00e3o no consumo, mas sim por precau\u00e7\u00e3o sanit\u00e1ria.<\/p>\n<p>\u201cExiste o embargo porque \u00e9 quest\u00e3o de cautela, \u00e9 quest\u00e3o de biosseguridade. Os pa\u00edses n\u00e3o querem levar esse frango para l\u00e1, porque t\u00eam medo que a carca\u00e7a possa ir contaminada e contaminar tamb\u00e9m a produ\u00e7\u00e3o desses outros pa\u00edses.\u201d<\/p>\n<p><em>Com informa\u00e7\u00f5es do rep\u00f3rter Paulo Jos\u00e9 do Acorda Cidade<\/em><\/p>\n<p><strong>Leia tamb\u00e9m: <a href=\"https:\/\/www.acordacidade.com.br\/saude\/gripe-aviaria-e-detectada-pela-1a-vez-em-granja-comercial-no-brasil-china-suspendeu-compra-de-frango-do-pais\/\" target=\"_blank\" rel=\"noreferrer noopener\">Gripe avi\u00e1ria \u00e9 detectada pela 1\u00aa vez em granja comercial no Brasil; China suspendeu compra de frango do pa\u00eds<\/a><\/strong><\/p>\n<p><em>Siga o Acorda Cidade no<\/em><a href=\"https:\/\/news.google.com\/search?q=acorda%20cidade&amp;hl=pt-BR&amp;gl=BR&amp;ceid=BR%3Apt-419\"><strong><em>\u00a0Google Not\u00edcias<\/em><\/strong><\/a><em>\u00a0e receba os principais destaques do dia. Participe tamb\u00e9m dos nossos canais no\u00a0<\/em><a href=\"https:\/\/www.whatsapp.com\/channel\/0029Va6Rb4v3WHTNnsh8WI3N\"><strong><em>WhatsApp<\/em><\/strong><\/a><em>\u00a0e\u00a0<\/em><a href=\"https:\/\/www.youtube.com\/@acordacidadenoticias\/videos\"><strong>Youtube<\/strong><\/a><em>\u00a0e grupo de\u00a0<\/em><a href=\"https:\/\/t.me\/+sSz0khrgARA0ZmRh\"><strong><em>Telegram<\/em><\/strong><\/a><em>.<\/em><strong><br \/><\/strong><\/p>\n<\/div>\n","protected":false},"excerpt":{"rendered":"<div>\n<div>\n<figure><img decoding=\"async\" src=\"https:\/\/uploads.acordacidade.com.br\/2025\/01\/galinhas-aves-animais-foto-freepik.jpg\" alt=\"\"><figcaption>Foto: Freepik <\/figcaption><\/figure>\n<\/div>\n<p>A gripe avi\u00e1ria gerou um bloqueio tempor\u00e1rio nas exporta\u00e7\u00f5es, deixando parte da produ\u00e7\u00e3o do Sul represada.<\/p><\/div>\n","protected":false},"author":1,"featured_media":87311,"comment_status":"closed","ping_status":"closed","sticky":false,"template":"","format":"gallery","meta":{"footnotes":""},"categories":[8,9,6,57,56,10],"tags":[],"class_list":["post-87310","post","type-post","status-publish","format-gallery","has-post-thumbnail","hentry","category-bahia","category-brasil","category-feira-de-santana","category-mundo","category-policia","category-politica","post_format-post-format-gallery"],"featured_image_urls":{"full":["https:\/\/noticiasbahia360.com.br\/wp-content\/uploads\/2025\/05\/galinhas-aves-animais-foto-freepik.jpg",640,415,false],"thumbnail":["https:\/\/noticiasbahia360.com.br\/wp-content\/uploads\/2025\/05\/galinhas-aves-animais-foto-freepik-150x150.jpg",150,150,true],"medium":["https:\/\/noticiasbahia360.com.br\/wp-content\/uploads\/2025\/05\/galinhas-aves-animais-foto-freepik-300x195.jpg",300,195,true],"medium_large":["https:\/\/noticiasbahia360.com.br\/wp-content\/uploads\/2025\/05\/galinhas-aves-animais-foto-freepik.jpg",640,415,false],"large":["https:\/\/noticiasbahia360.com.br\/wp-content\/uploads\/2025\/05\/galinhas-aves-animais-foto-freepik.jpg",640,415,false],"1536x1536":["https:\/\/noticiasbahia360.com.br\/wp-content\/uploads\/2025\/05\/galinhas-aves-animais-foto-freepik.jpg",640,415,false],"2048x2048":["https:\/\/noticiasbahia360.com.br\/wp-content\/uploads\/2025\/05\/galinhas-aves-animais-foto-freepik.jpg",640,415,false],"chromenews-featured":["https:\/\/noticiasbahia360.com.br\/wp-content\/uploads\/2025\/05\/galinhas-aves-animais-foto-freepik.jpg",640,415,false],"chromenews-large":["https:\/\/noticiasbahia360.com.br\/wp-content\/uploads\/2025\/05\/galinhas-aves-animais-foto-freepik.jpg",640,415,false],"chromenews-medium":["https:\/\/noticiasbahia360.com.br\/wp-content\/uploads\/2025\/05\/galinhas-aves-animais-foto-freepik-590x410.jpg",590,410,true]},"author_info":{"display_name":"noticiasbahia360.com.br","author_link":"https:\/\/noticiasbahia360.com.br\/?author=1"},"category_info":"<a href=\"https:\/\/noticiasbahia360.com.br\/?cat=8\" rel=\"category\">Bahia<\/a> <a href=\"https:\/\/noticiasbahia360.com.br\/?cat=9\" rel=\"category\">Brasil<\/a> <a href=\"https:\/\/noticiasbahia360.com.br\/?cat=6\" rel=\"category\">Feira de Santana<\/a> <a href=\"https:\/\/noticiasbahia360.com.br\/?cat=57\" rel=\"category\">Mundo<\/a> <a href=\"https:\/\/noticiasbahia360.com.br\/?cat=56\" rel=\"category\">Pol\u00edcia<\/a> <a href=\"https:\/\/noticiasbahia360.com.br\/?cat=10\" rel=\"category\">Pol\u00edtica<\/a>","tag_info":"Pol\u00edtica","comment_count":"0","_links":{"self":[{"href":"https:\/\/noticiasbahia360.com.br\/index.php?rest_route=\/wp\/v2\/posts\/87310","targetHints":{"allow":["GET"]}}],"collection":[{"href":"https:\/\/noticiasbahia360.com.br\/index.php?rest_route=\/wp\/v2\/posts"}],"about":[{"href":"https:\/\/noticiasbahia360.com.br\/index.php?rest_route=\/wp\/v2\/types\/post"}],"author":[{"embeddable":true,"href":"https:\/\/noticiasbahia360.com.br\/index.php?rest_route=\/wp\/v2\/users\/1"}],"replies":[{"embeddable":true,"href":"https:\/\/noticiasbahia360.com.br\/index.php?rest_route=%2Fwp%2Fv2%2Fcomments&post=87310"}],"version-history":[{"count":0,"href":"https:\/\/noticiasbahia360.com.br\/index.php?rest_route=\/wp\/v2\/posts\/87310\/revisions"}],"wp:featuredmedia":[{"embeddable":true,"href":"https:\/\/noticiasbahia360.com.br\/index.php?rest_route=\/wp\/v2\/media\/87311"}],"wp:attachment":[{"href":"https:\/\/noticiasbahia360.com.br\/index.php?rest_route=%2Fwp%2Fv2%2Fmedia&parent=87310"}],"wp:term":[{"taxonomy":"category","embeddable":true,"href":"https:\/\/noticiasbahia360.com.br\/index.php?rest_route=%2Fwp%2Fv2%2Fcategories&post=87310"},{"taxonomy":"post_tag","embeddable":true,"href":"https:\/\/noticiasbahia360.com.br\/index.php?rest_route=%2Fwp%2Fv2%2Ftags&post=87310"}],"curies":[{"name":"wp","href":"https:\/\/api.w.org\/{rel}","templated":true}]}}