{"id":87317,"date":"2025-05-24T07:15:36","date_gmt":"2025-05-24T10:15:36","guid":{"rendered":"https:\/\/noticiasbahia360.com.br\/?p=87317"},"modified":"2025-05-24T07:15:36","modified_gmt":"2025-05-24T10:15:36","slug":"mais-paises-suspendem-importacao-de-frango-do-brasil-albania-namibia-e-india","status":"publish","type":"post","link":"https:\/\/noticiasbahia360.com.br\/?p=87317","title":{"rendered":"Mais pa\u00edses suspendem importa\u00e7\u00e3o de frango do Brasil: Alb\u00e2nia, Nam\u00edbia e \u00cdndia"},"content":{"rendered":"<div>\n<div>\n<figure><img decoding=\"async\" src=\"http:\/\/noticiasbahia360.com.br\/wp-content\/uploads\/2025\/05\/S6tXxxpF-frangos1ana.webp\" alt=\"importa\u00e7\u00e3o - granja - frango\"><figcaption>Foto: Arquivo\/Ag\u00eancia Brasil<\/figcaption><\/figure>\n<\/div>\n<p>Ag\u00eancia Brasil \u2013 <strong>O Minist\u00e9rio da Agricultura e Pecu\u00e1ria informou na sexta-feira (23) que mais tr\u00eas pa\u00edses suspenderam a importa\u00e7\u00e3o de carne de frango do Brasil ap\u00f3s a identifica\u00e7\u00e3o de um foco de <a href=\"https:\/\/www.acordacidade.com.br\/tag\/gripe-aviaria\/\">influenza avi\u00e1ria<\/a> em uma granja comercial em Montenegro, no Rio Grande do Sul. Angola optou por restringir apenas as compras do estado do Rio Grande do Sul (RS).<\/strong><img decoding=\"async\" src=\"https:\/\/agenciabrasil.ebc.com.br\/ebc.png?id=1643974&amp;o=node\"><img decoding=\"async\" src=\"https:\/\/agenciabrasil.ebc.com.br\/ebc.gif?id=1643974&amp;o=node\"><\/p>\n<p><strong>Alb\u00e2nia, Nam\u00edbia e \u00cdndia v\u00e3o suspender importa\u00e7\u00f5es de todo o territ\u00f3rio brasileiro.\u00a0<\/strong><\/p>\n<p><strong>Com a inclus\u00e3o desses pa\u00edses, a situa\u00e7\u00e3o atual das exporta\u00e7\u00f5es \u00e9 a seguinte:\u00a0<\/strong><\/p>\n<p><strong>Suspens\u00e3o total das exporta\u00e7\u00f5es de carne de aves do Brasil<\/strong><\/p>\n<p>China, Uni\u00e3o Europeia, M\u00e9xico, Iraque, Coreia do Sul, Chile, Filipinas, \u00c1frica do Sul, Jord\u00e2nia, Peru, Canad\u00e1, Rep\u00fablica Dominicana, Uruguai, Mal\u00e1sia, Argentina, Timor-Leste, Marrocos, Bol\u00edvia, Sri Lanka, Paquist\u00e3o, Alb\u00e2nia, Nam\u00edbia e \u00cdndia.\u00a0<\/p>\n<p><strong>Suspens\u00e3o restrita ao estado do Rio Grande do Sul<\/strong><\/p>\n<p>Ar\u00e1bia Saudita, Turquia, Reino Unido, Bahrein, Cuba, Maced\u00f4nia, Montenegro, Cazaquist\u00e3o, B\u00f3snia e Herzegovina, Tajiquist\u00e3o, Ucr\u00e2nia, R\u00fassia, Bielorr\u00fassia, Arm\u00eania, Quirguist\u00e3o e Angola.\u00a0<\/p>\n<p><strong>Suspens\u00e3o limitada ao munic\u00edpio de Montenegro (RS)<\/strong><\/p>\n<p>Emirados \u00c1rabes Unidos e Jap\u00e3o.\u00a0<\/p>\n<p><strong>O Minist\u00e9rio da Agricultura e Pecu\u00e1ria informa que continua em articula\u00e7\u00e3o com as autoridades sanit\u00e1rias dos pa\u00edses importadores, prestando todas as informa\u00e7\u00f5es t\u00e9cnicas necess\u00e1rias sobre o caso.\u00a0<\/strong><\/p>\n<blockquote class=\"wp-block-quote is-layout-flow wp-block-quote-is-layout-flow\">\n<p>\u201cAs a\u00e7\u00f5es adotadas visam garantir a seguran\u00e7a sanit\u00e1ria e a retomada segura das exporta\u00e7\u00f5es o mais breve poss\u00edvel\u201d, informou a pasta.\u00a0<\/p>\n<\/blockquote>\n<p><strong>Segundo o Minist\u00e9rio, o consumo de carne de aves e de ovos n\u00e3o apresenta risco para a sa\u00fade.<\/strong><\/p>\n<p><em>Siga o Acorda Cidade no<\/em><a href=\"https:\/\/news.google.com\/search?q=acorda%20cidade&amp;hl=pt-BR&amp;gl=BR&amp;ceid=BR%3Apt-419\"><strong><em>\u00a0Google Not\u00edcias<\/em><\/strong><\/a><em>\u00a0e receba os principais destaques do dia. Participe tamb\u00e9m dos nossos canais no\u00a0<\/em><a href=\"https:\/\/www.whatsapp.com\/channel\/0029Va6Rb4v3WHTNnsh8WI3N\"><strong><em>WhatsApp<\/em><\/strong><\/a><em>\u00a0e\u00a0<\/em><a href=\"https:\/\/www.youtube.com\/@acordacidadenoticias\/videos\"><strong>Youtube<\/strong><\/a><em>\u00a0e grupo de\u00a0<\/em><a href=\"https:\/\/t.me\/+sSz0khrgARA0ZmRh\"><strong><em>Telegram<\/em><\/strong><\/a><em>.<\/em><\/p>\n<\/div>\n","protected":false},"excerpt":{"rendered":"<div>\n<div>\n<figure><img decoding=\"async\" src=\"https:\/\/uploads.acordacidade.com.br\/2025\/05\/S6tXxxpF-frangos1ana.webp\" alt=\"importa\u00e7\u00e3o - granja - frango\"><figcaption>Foto: Arquivo\/Ag\u00eancia Brasil<\/figcaption><\/figure>\n<\/div>\n<p>Angola restringiu compras apenas do estado do Rio Grande do Sul.<\/p><\/div>\n","protected":false},"author":1,"featured_media":87318,"comment_status":"closed","ping_status":"closed","sticky":false,"template":"","format":"gallery","meta":{"footnotes":""},"categories":[8,9,6,57,56,10],"tags":[],"class_list":["post-87317","post","type-post","status-publish","format-gallery","has-post-thumbnail","hentry","category-bahia","category-brasil","category-feira-de-santana","category-mundo","category-policia","category-politica","post_format-post-format-gallery"],"featured_image_urls":{"full":["https:\/\/noticiasbahia360.com.br\/wp-content\/uploads\/2025\/05\/S6tXxxpF-frangos1ana.webp",1200,718,false],"thumbnail":["https:\/\/noticiasbahia360.com.br\/wp-content\/uploads\/2025\/05\/S6tXxxpF-frangos1ana-150x150.webp",150,150,true],"medium":["https:\/\/noticiasbahia360.com.br\/wp-content\/uploads\/2025\/05\/S6tXxxpF-frangos1ana-300x180.webp",300,180,true],"medium_large":["https:\/\/noticiasbahia360.com.br\/wp-content\/uploads\/2025\/05\/S6tXxxpF-frangos1ana-768x460.webp",640,383,true],"large":["https:\/\/noticiasbahia360.com.br\/wp-content\/uploads\/2025\/05\/S6tXxxpF-frangos1ana-1024x613.webp",640,383,true],"1536x1536":["https:\/\/noticiasbahia360.com.br\/wp-content\/uploads\/2025\/05\/S6tXxxpF-frangos1ana.webp",1200,718,false],"2048x2048":["https:\/\/noticiasbahia360.com.br\/wp-content\/uploads\/2025\/05\/S6tXxxpF-frangos1ana.webp",1200,718,false],"chromenews-featured":["https:\/\/noticiasbahia360.com.br\/wp-content\/uploads\/2025\/05\/S6tXxxpF-frangos1ana-1024x613.webp",1024,613,true],"chromenews-large":["https:\/\/noticiasbahia360.com.br\/wp-content\/uploads\/2025\/05\/S6tXxxpF-frangos1ana-825x575.webp",825,575,true],"chromenews-medium":["https:\/\/noticiasbahia360.com.br\/wp-content\/uploads\/2025\/05\/S6tXxxpF-frangos1ana-590x410.webp",590,410,true]},"author_info":{"display_name":"noticiasbahia360.com.br","author_link":"https:\/\/noticiasbahia360.com.br\/?author=1"},"category_info":"<a href=\"https:\/\/noticiasbahia360.com.br\/?cat=8\" rel=\"category\">Bahia<\/a> <a href=\"https:\/\/noticiasbahia360.com.br\/?cat=9\" rel=\"category\">Brasil<\/a> <a href=\"https:\/\/noticiasbahia360.com.br\/?cat=6\" rel=\"category\">Feira de Santana<\/a> <a href=\"https:\/\/noticiasbahia360.com.br\/?cat=57\" rel=\"category\">Mundo<\/a> <a href=\"https:\/\/noticiasbahia360.com.br\/?cat=56\" rel=\"category\">Pol\u00edcia<\/a> <a href=\"https:\/\/noticiasbahia360.com.br\/?cat=10\" rel=\"category\">Pol\u00edtica<\/a>","tag_info":"Pol\u00edtica","comment_count":"0","_links":{"self":[{"href":"https:\/\/noticiasbahia360.com.br\/index.php?rest_route=\/wp\/v2\/posts\/87317","targetHints":{"allow":["GET"]}}],"collection":[{"href":"https:\/\/noticiasbahia360.com.br\/index.php?rest_route=\/wp\/v2\/posts"}],"about":[{"href":"https:\/\/noticiasbahia360.com.br\/index.php?rest_route=\/wp\/v2\/types\/post"}],"author":[{"embeddable":true,"href":"https:\/\/noticiasbahia360.com.br\/index.php?rest_route=\/wp\/v2\/users\/1"}],"replies":[{"embeddable":true,"href":"https:\/\/noticiasbahia360.com.br\/index.php?rest_route=%2Fwp%2Fv2%2Fcomments&post=87317"}],"version-history":[{"count":0,"href":"https:\/\/noticiasbahia360.com.br\/index.php?rest_route=\/wp\/v2\/posts\/87317\/revisions"}],"wp:featuredmedia":[{"embeddable":true,"href":"https:\/\/noticiasbahia360.com.br\/index.php?rest_route=\/wp\/v2\/media\/87318"}],"wp:attachment":[{"href":"https:\/\/noticiasbahia360.com.br\/index.php?rest_route=%2Fwp%2Fv2%2Fmedia&parent=87317"}],"wp:term":[{"taxonomy":"category","embeddable":true,"href":"https:\/\/noticiasbahia360.com.br\/index.php?rest_route=%2Fwp%2Fv2%2Fcategories&post=87317"},{"taxonomy":"post_tag","embeddable":true,"href":"https:\/\/noticiasbahia360.com.br\/index.php?rest_route=%2Fwp%2Fv2%2Ftags&post=87317"}],"curies":[{"name":"wp","href":"https:\/\/api.w.org\/{rel}","templated":true}]}}