{"id":87319,"date":"2025-05-24T07:30:22","date_gmt":"2025-05-24T10:30:22","guid":{"rendered":"https:\/\/noticiasbahia360.com.br\/?p=87319"},"modified":"2025-05-24T07:30:22","modified_gmt":"2025-05-24T10:30:22","slug":"mais-de-11-toneladas-de-alimentos-e-recuperada-pela-policia-civil","status":"publish","type":"post","link":"https:\/\/noticiasbahia360.com.br\/?p=87319","title":{"rendered":"Mais de 11 toneladas de alimentos \u00e9 recuperada pela Pol\u00edcia Civil"},"content":{"rendered":"<div>\n<div>\n<figure><img decoding=\"async\" src=\"http:\/\/noticiasbahia360.com.br\/wp-content\/uploads\/2025\/05\/OdngXxy0-Carga-de-alimentos-e-recuperada3.webp\" alt=\"Carga de alimentos \u00e9 recuperada\"><figcaption>Foto: Divulga\u00e7\u00e3o\/PC<\/figcaption><\/figure>\n<\/div>\n<p>Uma carga de alimentos com mais de 11 toneladas, avaliada em aproximadamente R$ 80 mil, foi recuperada pela <a href=\"https:\/\/www.acordacidade.com.br\/tag\/policia-civil\/\">Pol\u00edcia Civil da Bahia<\/a>, na quinta-feira (22), em um galp\u00e3o localizado nas proximidades da BA-093, no munic\u00edpio de Sim\u00f5es Filho. O material havia sido roubado no mesmo dia, pela manh\u00e3, na regi\u00e3o do Imbu\u00ed, em Salvador.<\/p>\n<figure class=\"wp-block-image size-large\"><img fetchpriority=\"high\" data-dominant-color=\"73706b\" data-has-transparency=\"false\" style=\"--dominant-color: #73706b;\" fetchpriority=\"high\" decoding=\"async\" width=\"1024\" height=\"582\" sizes=\"(max-width: 1024px) 100vw, 1024px\" src=\"http:\/\/noticiasbahia360.com.br\/wp-content\/uploads\/2025\/05\/1MhLV7P3-Carga-de-alimentos-e-recuperada2-1024x582-1.webp\" alt=\"Carga de alimentos \u00e9 recuperada\" class=\"wp-image-557361 not-transparent\" srcset=\"https:\/\/uploads.acordacidade.com.br\/2025\/05\/1MhLV7P3-Carga-de-alimentos-e-recuperada2-300x171.webp 300w, http:\/\/noticiasbahia360.com.br\/wp-content\/uploads\/2025\/05\/1MhLV7P3-Carga-de-alimentos-e-recuperada2-1024x582-1.webp 1024w, https:\/\/uploads.acordacidade.com.br\/2025\/05\/1MhLV7P3-Carga-de-alimentos-e-recuperada2-768x436.webp 768w, https:\/\/uploads.acordacidade.com.br\/2025\/05\/1MhLV7P3-Carga-de-alimentos-e-recuperada2-150x85.webp 150w, https:\/\/uploads.acordacidade.com.br\/2025\/05\/1MhLV7P3-Carga-de-alimentos-e-recuperada2.webp 1200w\"><figcaption class=\"wp-element-caption\">Foto: Divulga\u00e7\u00e3o\/PC<\/figcaption><\/figure>\n<p>A v\u00edtima, motorista do caminh\u00e3o, relatou que havia sa\u00eddo do estado de Goi\u00e1s com destino \u00e0 capital baiana, onde entregaria os produtos, entre eles extrato de tomate, milho, ervilha e condimentos, em um supermercado. Ao se aproximar do local de entrega, ele foi abordado por um homem armado, com apoio de outros criminosos em um segundo ve\u00edculo. O caminh\u00e3o com os alimentos foi levado com o motorista at\u00e9 a regi\u00e3o metropolitana, onde a v\u00edtima foi posteriormente liberada.<\/p>\n<figure class=\"wp-block-image size-large\"><img data-dominant-color=\"7a6c5b\" data-has-transparency=\"false\" style=\"--dominant-color: #7a6c5b;\" decoding=\"async\" width=\"1024\" height=\"467\" sizes=\"(max-width: 1024px) 100vw, 1024px\" src=\"http:\/\/noticiasbahia360.com.br\/wp-content\/uploads\/2025\/05\/7TgPSXka-Carga-de-alimentos-e-recuperada1-1024x467-1.webp\" alt=\"Carga de alimentos \u00e9 recuperada\" class=\"wp-image-557362 not-transparent\" srcset=\"https:\/\/uploads.acordacidade.com.br\/2025\/05\/7TgPSXka-Carga-de-alimentos-e-recuperada1-300x137.webp 300w, http:\/\/noticiasbahia360.com.br\/wp-content\/uploads\/2025\/05\/7TgPSXka-Carga-de-alimentos-e-recuperada1-1024x467-1.webp 1024w, https:\/\/uploads.acordacidade.com.br\/2025\/05\/7TgPSXka-Carga-de-alimentos-e-recuperada1-768x350.webp 768w, https:\/\/uploads.acordacidade.com.br\/2025\/05\/7TgPSXka-Carga-de-alimentos-e-recuperada1-150x68.webp 150w, https:\/\/uploads.acordacidade.com.br\/2025\/05\/7TgPSXka-Carga-de-alimentos-e-recuperada1.webp 1200w\"><figcaption class=\"wp-element-caption\">Foto: Divulga\u00e7\u00e3o\/PC<\/figcaption><\/figure>\n<p>Ap\u00f3s o registro da ocorr\u00eancia, equipes da Delegacia de Repress\u00e3o a Furtos e Roubos (DRFR), unidade subordinada ao Departamento Especializado de Investiga\u00e7\u00f5es Criminais (Deic), iniciaram dilig\u00eancias e localizaram a carga em um dep\u00f3sito clandestino em Sim\u00f5es Filho. O caminh\u00e3o foi localizado pela Delegacia Territorial da cidade.<\/p>\n<figure class=\"wp-block-image size-large\"><img data-dominant-color=\"76695e\" data-has-transparency=\"false\" style=\"--dominant-color: #76695e;\" decoding=\"async\" width=\"1024\" height=\"620\" sizes=\"(max-width: 1024px) 100vw, 1024px\" src=\"http:\/\/noticiasbahia360.com.br\/wp-content\/uploads\/2025\/05\/u8iPCLCf-Carga-de-alimentos-e-recuperada-1024x620-1.webp\" alt=\"Carga de alimentos \u00e9 recuperada\" class=\"wp-image-557363 not-transparent\" srcset=\"https:\/\/uploads.acordacidade.com.br\/2025\/05\/u8iPCLCf-Carga-de-alimentos-e-recuperada--300x182.webp 300w, http:\/\/noticiasbahia360.com.br\/wp-content\/uploads\/2025\/05\/u8iPCLCf-Carga-de-alimentos-e-recuperada-1024x620-1.webp 1024w, https:\/\/uploads.acordacidade.com.br\/2025\/05\/u8iPCLCf-Carga-de-alimentos-e-recuperada--768x465.webp 768w, https:\/\/uploads.acordacidade.com.br\/2025\/05\/u8iPCLCf-Carga-de-alimentos-e-recuperada--150x91.webp 150w, https:\/\/uploads.acordacidade.com.br\/2025\/05\/u8iPCLCf-Carga-de-alimentos-e-recuperada-.webp 1200w\"><figcaption class=\"wp-element-caption\">Foto: Divulga\u00e7\u00e3o\/PC<\/figcaption><\/figure>\n<p>O delegado Jean Fiuza, titular da DRFR, informou que o ve\u00edculo e os produtos foram periciados e j\u00e1 devolvidos ao propriet\u00e1rio. \u201cEm menos de 12 horas conseguimos recuperar a carga e o caminh\u00e3o. Seguimos com as dilig\u00eancias para identificar e prender os autores, al\u00e9m de verificar a poss\u00edvel participa\u00e7\u00e3o de outros envolvidos na a\u00e7\u00e3o criminosa\u201d, declarou.<\/p>\n<p><em>Siga o Acorda Cidade no<\/em><a href=\"https:\/\/news.google.com\/search?q=acorda%20cidade&amp;hl=pt-BR&amp;gl=BR&amp;ceid=BR%3Apt-419\"><strong><em>\u00a0Google Not\u00edcias<\/em><\/strong><\/a><em>\u00a0e receba os principais destaques do dia. Participe tamb\u00e9m dos nossos canais no\u00a0<\/em><a href=\"https:\/\/www.whatsapp.com\/channel\/0029Va6Rb4v3WHTNnsh8WI3N\"><strong><em>WhatsApp<\/em><\/strong><\/a><em>\u00a0e\u00a0<\/em><a href=\"https:\/\/www.youtube.com\/@acordacidadenoticias\/videos\"><strong>Youtube<\/strong><\/a><em>\u00a0e grupo de\u00a0<\/em><a href=\"https:\/\/t.me\/+sSz0khrgARA0ZmRh\"><strong><em>Telegram<\/em><\/strong><\/a><em>.<\/em><\/p>\n<\/div>\n","protected":false},"excerpt":{"rendered":"<div>\n<div>\n<figure><img decoding=\"async\" src=\"https:\/\/uploads.acordacidade.com.br\/2025\/05\/OdngXxy0-Carga-de-alimentos-e-recuperada3.webp\" alt=\"Carga de alimentos \u00e9 recuperada\"><figcaption>Foto: Divulga\u00e7\u00e3o\/PC<\/figcaption><\/figure>\n<\/div>\n<p>O material foi localizado em galp\u00e3o \u00e0s margens da BA-093, em Sim\u00f5es Filho, no mesmo dia do roubo.<\/p><\/div>\n","protected":false},"author":1,"featured_media":87320,"comment_status":"closed","ping_status":"closed","sticky":false,"template":"","format":"gallery","meta":{"footnotes":""},"categories":[8,9,6,57,56,10],"tags":[],"class_list":["post-87319","post","type-post","status-publish","format-gallery","has-post-thumbnail","hentry","category-bahia","category-brasil","category-feira-de-santana","category-mundo","category-policia","category-politica","post_format-post-format-gallery"],"featured_image_urls":{"full":["https:\/\/noticiasbahia360.com.br\/wp-content\/uploads\/2025\/05\/OdngXxy0-Carga-de-alimentos-e-recuperada3.webp",1200,782,false],"thumbnail":["https:\/\/noticiasbahia360.com.br\/wp-content\/uploads\/2025\/05\/OdngXxy0-Carga-de-alimentos-e-recuperada3-150x150.webp",150,150,true],"medium":["https:\/\/noticiasbahia360.com.br\/wp-content\/uploads\/2025\/05\/OdngXxy0-Carga-de-alimentos-e-recuperada3-300x196.webp",300,196,true],"medium_large":["https:\/\/noticiasbahia360.com.br\/wp-content\/uploads\/2025\/05\/OdngXxy0-Carga-de-alimentos-e-recuperada3-768x500.webp",640,417,true],"large":["https:\/\/noticiasbahia360.com.br\/wp-content\/uploads\/2025\/05\/OdngXxy0-Carga-de-alimentos-e-recuperada3-1024x667.webp",640,417,true],"1536x1536":["https:\/\/noticiasbahia360.com.br\/wp-content\/uploads\/2025\/05\/OdngXxy0-Carga-de-alimentos-e-recuperada3.webp",1200,782,false],"2048x2048":["https:\/\/noticiasbahia360.com.br\/wp-content\/uploads\/2025\/05\/OdngXxy0-Carga-de-alimentos-e-recuperada3.webp",1200,782,false],"chromenews-featured":["https:\/\/noticiasbahia360.com.br\/wp-content\/uploads\/2025\/05\/OdngXxy0-Carga-de-alimentos-e-recuperada3-1024x667.webp",1024,667,true],"chromenews-large":["https:\/\/noticiasbahia360.com.br\/wp-content\/uploads\/2025\/05\/OdngXxy0-Carga-de-alimentos-e-recuperada3-825x575.webp",825,575,true],"chromenews-medium":["https:\/\/noticiasbahia360.com.br\/wp-content\/uploads\/2025\/05\/OdngXxy0-Carga-de-alimentos-e-recuperada3-590x410.webp",590,410,true]},"author_info":{"display_name":"noticiasbahia360.com.br","author_link":"https:\/\/noticiasbahia360.com.br\/?author=1"},"category_info":"<a href=\"https:\/\/noticiasbahia360.com.br\/?cat=8\" rel=\"category\">Bahia<\/a> <a href=\"https:\/\/noticiasbahia360.com.br\/?cat=9\" rel=\"category\">Brasil<\/a> <a href=\"https:\/\/noticiasbahia360.com.br\/?cat=6\" rel=\"category\">Feira de Santana<\/a> <a href=\"https:\/\/noticiasbahia360.com.br\/?cat=57\" rel=\"category\">Mundo<\/a> <a href=\"https:\/\/noticiasbahia360.com.br\/?cat=56\" rel=\"category\">Pol\u00edcia<\/a> <a href=\"https:\/\/noticiasbahia360.com.br\/?cat=10\" rel=\"category\">Pol\u00edtica<\/a>","tag_info":"Pol\u00edtica","comment_count":"0","_links":{"self":[{"href":"https:\/\/noticiasbahia360.com.br\/index.php?rest_route=\/wp\/v2\/posts\/87319","targetHints":{"allow":["GET"]}}],"collection":[{"href":"https:\/\/noticiasbahia360.com.br\/index.php?rest_route=\/wp\/v2\/posts"}],"about":[{"href":"https:\/\/noticiasbahia360.com.br\/index.php?rest_route=\/wp\/v2\/types\/post"}],"author":[{"embeddable":true,"href":"https:\/\/noticiasbahia360.com.br\/index.php?rest_route=\/wp\/v2\/users\/1"}],"replies":[{"embeddable":true,"href":"https:\/\/noticiasbahia360.com.br\/index.php?rest_route=%2Fwp%2Fv2%2Fcomments&post=87319"}],"version-history":[{"count":0,"href":"https:\/\/noticiasbahia360.com.br\/index.php?rest_route=\/wp\/v2\/posts\/87319\/revisions"}],"wp:featuredmedia":[{"embeddable":true,"href":"https:\/\/noticiasbahia360.com.br\/index.php?rest_route=\/wp\/v2\/media\/87320"}],"wp:attachment":[{"href":"https:\/\/noticiasbahia360.com.br\/index.php?rest_route=%2Fwp%2Fv2%2Fmedia&parent=87319"}],"wp:term":[{"taxonomy":"category","embeddable":true,"href":"https:\/\/noticiasbahia360.com.br\/index.php?rest_route=%2Fwp%2Fv2%2Fcategories&post=87319"},{"taxonomy":"post_tag","embeddable":true,"href":"https:\/\/noticiasbahia360.com.br\/index.php?rest_route=%2Fwp%2Fv2%2Ftags&post=87319"}],"curies":[{"name":"wp","href":"https:\/\/api.w.org\/{rel}","templated":true}]}}