{"id":87324,"date":"2025-05-24T07:37:22","date_gmt":"2025-05-24T10:37:22","guid":{"rendered":"https:\/\/noticiasbahia360.com.br\/?p=87324"},"modified":"2025-05-24T07:37:22","modified_gmt":"2025-05-24T10:37:22","slug":"lider-de-faccao-e-preso-na-capital-do-espirito-santo-em-acao-da-ficco-bahia-e-da-policia-militar","status":"publish","type":"post","link":"https:\/\/noticiasbahia360.com.br\/?p=87324","title":{"rendered":"L\u00edder de fac\u00e7\u00e3o \u00e9 preso na capital do Esp\u00edrito Santo em a\u00e7\u00e3o da Ficco Bahia e da Pol\u00edcia Militar"},"content":{"rendered":"<div>\n<div>\n<figure><img decoding=\"async\" src=\"http:\/\/noticiasbahia360.com.br\/wp-content\/uploads\/2025\/05\/z5nAfKvf-Lider-de-faccao-preso.webp\" alt=\"L\u00edder de fac\u00e7\u00e3o preso pela ficco e Pol\u00edcia militar\"><figcaption>Foto: Divulga\u00e7\u00e3o\/SSP<\/figcaption><\/figure>\n<\/div>\n<p>O l\u00edder de uma fac\u00e7\u00e3o com atua\u00e7\u00e3o na cidade baiana de Barra do Cho\u00e7a foi capturado na tarde de sexta-feira (23), na capital do estado do Esp\u00edrito Santo. Conhecido pelo apelido de \u201cLampi\u00e3o\u201d, o traficante possu\u00eda mandado de pris\u00e3o e tinha a fama de torturar e assassinar rivais em uma a\u00e7\u00e3o denominada de Tribunal do Crime.<\/p>\n<p>Ap\u00f3s dois meses de intensifica\u00e7\u00e3o nas a\u00e7\u00f5es de intelig\u00eancia, equipes das For\u00e7as Integradas de Combate ao Crime Organizado (Ficco) Bahia e Esp\u00edrito Santo, al\u00e9m das Pol\u00edcias Militar (92\u00aa CIPM) e Civil capturaram o foragido da Justi\u00e7a na cidade de Vit\u00f3ria.<\/p>\n<p>Envolvido tamb\u00e9m com oculta\u00e7\u00e3o de cad\u00e1ver, tr\u00e1fico de armas, lavagem de dinheiro, roubo e corrup\u00e7\u00e3o de menores, o criminoso utilizava documentos falsos para escapar de abordagens policiais.<\/p>\n<p>A\u00e7\u00f5es da Ficco Bahia com a PM e PC seguem ampliadas com o objetivo de desarticular todo o grupo criminoso.<\/p>\n<p>Informa\u00e7\u00f5es sobre comparsas de Lampi\u00e3o podem ser repassadas, com total sigilo, atrav\u00e9s do telefone 181 (Disque Den\u00fancia da SSP). A liga\u00e7\u00e3o \u00e9 gratuita e o servi\u00e7o funciona 24h.<\/p>\n<p><em>Siga o Acorda Cidade no<\/em><a href=\"https:\/\/news.google.com\/search?q=acorda%20cidade&amp;hl=pt-BR&amp;gl=BR&amp;ceid=BR%3Apt-419\"><strong><em>\u00a0Google Not\u00edcias<\/em><\/strong><\/a><em>\u00a0e receba os principais destaques do dia. Participe tamb\u00e9m dos nossos canais no\u00a0<\/em><a href=\"https:\/\/www.whatsapp.com\/channel\/0029Va6Rb4v3WHTNnsh8WI3N\"><strong><em>WhatsApp<\/em><\/strong><\/a><em>\u00a0e\u00a0<\/em><a href=\"https:\/\/www.youtube.com\/@acordacidadenoticias\/videos\"><strong>Youtube<\/strong><\/a><em>\u00a0e grupo de\u00a0<\/em><a href=\"https:\/\/t.me\/+sSz0khrgARA0ZmRh\"><strong><em>Telegram<\/em><\/strong><\/a><em>.<\/em><\/p>\n<\/div>\n","protected":false},"excerpt":{"rendered":"<div>\n<div>\n<figure><img decoding=\"async\" src=\"https:\/\/uploads.acordacidade.com.br\/2025\/05\/z5nAfKvf-Lider-de-faccao-preso.webp\" alt=\"L\u00edder de fac\u00e7\u00e3o preso pela ficco e Pol\u00edcia militar\"><figcaption>Foto: Divulga\u00e7\u00e3o\/SSP<\/figcaption><\/figure>\n<\/div>\n<p>Criminoso escondido na cidade de Vit\u00f3ria, possu\u00eda mandado de pris\u00e3o e tinha a fama de torturar e assassinar rivais.<\/p><\/div>\n","protected":false},"author":1,"featured_media":87325,"comment_status":"closed","ping_status":"closed","sticky":false,"template":"","format":"gallery","meta":{"footnotes":""},"categories":[8,9,6,57,56,10],"tags":[],"class_list":["post-87324","post","type-post","status-publish","format-gallery","has-post-thumbnail","hentry","category-bahia","category-brasil","category-feira-de-santana","category-mundo","category-policia","category-politica","post_format-post-format-gallery"],"featured_image_urls":{"full":["https:\/\/noticiasbahia360.com.br\/wp-content\/uploads\/2025\/05\/z5nAfKvf-Lider-de-faccao-preso.webp",1200,761,false],"thumbnail":["https:\/\/noticiasbahia360.com.br\/wp-content\/uploads\/2025\/05\/z5nAfKvf-Lider-de-faccao-preso-150x150.webp",150,150,true],"medium":["https:\/\/noticiasbahia360.com.br\/wp-content\/uploads\/2025\/05\/z5nAfKvf-Lider-de-faccao-preso-300x190.webp",300,190,true],"medium_large":["https:\/\/noticiasbahia360.com.br\/wp-content\/uploads\/2025\/05\/z5nAfKvf-Lider-de-faccao-preso-768x487.webp",640,406,true],"large":["https:\/\/noticiasbahia360.com.br\/wp-content\/uploads\/2025\/05\/z5nAfKvf-Lider-de-faccao-preso-1024x649.webp",640,406,true],"1536x1536":["https:\/\/noticiasbahia360.com.br\/wp-content\/uploads\/2025\/05\/z5nAfKvf-Lider-de-faccao-preso.webp",1200,761,false],"2048x2048":["https:\/\/noticiasbahia360.com.br\/wp-content\/uploads\/2025\/05\/z5nAfKvf-Lider-de-faccao-preso.webp",1200,761,false],"chromenews-featured":["https:\/\/noticiasbahia360.com.br\/wp-content\/uploads\/2025\/05\/z5nAfKvf-Lider-de-faccao-preso-1024x649.webp",1024,649,true],"chromenews-large":["https:\/\/noticiasbahia360.com.br\/wp-content\/uploads\/2025\/05\/z5nAfKvf-Lider-de-faccao-preso-825x575.webp",825,575,true],"chromenews-medium":["https:\/\/noticiasbahia360.com.br\/wp-content\/uploads\/2025\/05\/z5nAfKvf-Lider-de-faccao-preso-590x410.webp",590,410,true]},"author_info":{"display_name":"noticiasbahia360.com.br","author_link":"https:\/\/noticiasbahia360.com.br\/?author=1"},"category_info":"<a href=\"https:\/\/noticiasbahia360.com.br\/?cat=8\" rel=\"category\">Bahia<\/a> <a href=\"https:\/\/noticiasbahia360.com.br\/?cat=9\" rel=\"category\">Brasil<\/a> <a href=\"https:\/\/noticiasbahia360.com.br\/?cat=6\" rel=\"category\">Feira de Santana<\/a> <a href=\"https:\/\/noticiasbahia360.com.br\/?cat=57\" rel=\"category\">Mundo<\/a> <a href=\"https:\/\/noticiasbahia360.com.br\/?cat=56\" rel=\"category\">Pol\u00edcia<\/a> <a href=\"https:\/\/noticiasbahia360.com.br\/?cat=10\" rel=\"category\">Pol\u00edtica<\/a>","tag_info":"Pol\u00edtica","comment_count":"0","_links":{"self":[{"href":"https:\/\/noticiasbahia360.com.br\/index.php?rest_route=\/wp\/v2\/posts\/87324","targetHints":{"allow":["GET"]}}],"collection":[{"href":"https:\/\/noticiasbahia360.com.br\/index.php?rest_route=\/wp\/v2\/posts"}],"about":[{"href":"https:\/\/noticiasbahia360.com.br\/index.php?rest_route=\/wp\/v2\/types\/post"}],"author":[{"embeddable":true,"href":"https:\/\/noticiasbahia360.com.br\/index.php?rest_route=\/wp\/v2\/users\/1"}],"replies":[{"embeddable":true,"href":"https:\/\/noticiasbahia360.com.br\/index.php?rest_route=%2Fwp%2Fv2%2Fcomments&post=87324"}],"version-history":[{"count":0,"href":"https:\/\/noticiasbahia360.com.br\/index.php?rest_route=\/wp\/v2\/posts\/87324\/revisions"}],"wp:featuredmedia":[{"embeddable":true,"href":"https:\/\/noticiasbahia360.com.br\/index.php?rest_route=\/wp\/v2\/media\/87325"}],"wp:attachment":[{"href":"https:\/\/noticiasbahia360.com.br\/index.php?rest_route=%2Fwp%2Fv2%2Fmedia&parent=87324"}],"wp:term":[{"taxonomy":"category","embeddable":true,"href":"https:\/\/noticiasbahia360.com.br\/index.php?rest_route=%2Fwp%2Fv2%2Fcategories&post=87324"},{"taxonomy":"post_tag","embeddable":true,"href":"https:\/\/noticiasbahia360.com.br\/index.php?rest_route=%2Fwp%2Fv2%2Ftags&post=87324"}],"curies":[{"name":"wp","href":"https:\/\/api.w.org\/{rel}","templated":true}]}}