{"id":87326,"date":"2025-05-24T07:43:19","date_gmt":"2025-05-24T10:43:19","guid":{"rendered":"https:\/\/noticiasbahia360.com.br\/?p=87326"},"modified":"2025-05-24T07:43:19","modified_gmt":"2025-05-24T10:43:19","slug":"agentes-do-metro-de-salvador-recebem-formacao-sobre-crimes-de-racismo-intolerancia-religiosa-e-lgbtfobia","status":"publish","type":"post","link":"https:\/\/noticiasbahia360.com.br\/?p=87326","title":{"rendered":"Agentes do Metr\u00f4 de Salvador recebem forma\u00e7\u00e3o sobre crimes de racismo, intoler\u00e2ncia religiosa e LGBTfobia"},"content":{"rendered":"<div>\n<div>\n<figure><img decoding=\"async\" src=\"http:\/\/noticiasbahia360.com.br\/wp-content\/uploads\/2025\/05\/sGCiuij3-agentes-do-metro-recebem-capacitacao.webp\" alt=\"agentes do metr\u00f4 recebem capacita\u00e7\u00e3o da Pol\u00edcia Civil\"><figcaption>Foto: Ascom\/PC<\/figcaption><\/figure>\n<\/div>\n<p>A Delegacia Especializada de Combate ao Racismo e \u00e0 Intoler\u00e2ncia Religiosa (Decrin), realizou, na sexta-feira (23), uma forma\u00e7\u00e3o com agentes de atendimento e seguran\u00e7a da CCR Metr\u00f4 Bahia, em Salvador. No encontro, foi realizada uma forma\u00e7\u00e3o sobre os crimes de racismo, intoler\u00e2ncia religiosa e LGBTfobia, com \u00eanfase em ocorr\u00eancias registradas em transportes p\u00fablicos. Al\u00e9m da apresenta\u00e7\u00e3o te\u00f3rica, foram discutidos casos pr\u00e1ticos, com o objetivo de capacitar os participantes para reconhecer, prevenir e atuar diante dessas situa\u00e7\u00f5es.<\/p>\n<figure class=\"wp-block-image size-large\"><img fetchpriority=\"high\" data-dominant-color=\"787573\" data-has-transparency=\"false\" style=\"--dominant-color: #787573;\" fetchpriority=\"high\" decoding=\"async\" width=\"1024\" height=\"576\" sizes=\"(max-width: 1024px) 100vw, 1024px\" src=\"http:\/\/noticiasbahia360.com.br\/wp-content\/uploads\/2025\/05\/ZEujlCPY-agentes-do-metro-recebem-capacitacao1-1024x576-1.webp\" alt=\"agentes do metr\u00f4 recebem capacita\u00e7\u00e3o da Pol\u00edcia Civil\" class=\"wp-image-557377 not-transparent\" srcset=\"https:\/\/uploads.acordacidade.com.br\/2025\/05\/ZEujlCPY-agentes-do-metro-recebem-capacitacao1-300x169.webp 300w, http:\/\/noticiasbahia360.com.br\/wp-content\/uploads\/2025\/05\/ZEujlCPY-agentes-do-metro-recebem-capacitacao1-1024x576-1.webp 1024w, https:\/\/uploads.acordacidade.com.br\/2025\/05\/ZEujlCPY-agentes-do-metro-recebem-capacitacao1-768x432.webp 768w, https:\/\/uploads.acordacidade.com.br\/2025\/05\/ZEujlCPY-agentes-do-metro-recebem-capacitacao1-150x84.webp 150w, https:\/\/uploads.acordacidade.com.br\/2025\/05\/ZEujlCPY-agentes-do-metro-recebem-capacitacao1.webp 1200w\"><figcaption class=\"wp-element-caption\">Foto: Ascom\/PC<\/figcaption><\/figure>\n<p>A <a href=\"https:\/\/www.acordacidade.com.br\/tag\/policia-civil\/\">Pol\u00edcia Civil<\/a> da Bahia reafirma seu compromisso com o enfrentamento \u00e0 discrimina\u00e7\u00e3o, atuando de forma firme tanto na repress\u00e3o quanto na preven\u00e7\u00e3o dos crimes de racismo, intoler\u00e2ncia religiosa e LGBTfobia em todo o estado. De acordo com o delegado titular da Decrin, Ricardo Amorim, a troca de conhecimento com os agentes aperfei\u00e7oa o atendimento e auxilia a institui\u00e7\u00e3o a verificar e saber como proceder em casos de crimes contra grupos vulner\u00e1veis.<\/p>\n<figure class=\"wp-block-image size-large\"><img data-dominant-color=\"817f7c\" data-has-transparency=\"false\" style=\"--dominant-color: #817f7c;\" decoding=\"async\" width=\"1024\" height=\"768\" sizes=\"(max-width: 1024px) 100vw, 1024px\" src=\"http:\/\/noticiasbahia360.com.br\/wp-content\/uploads\/2025\/05\/24uEnGZ3-agentes-do-metro-recebem-capacitacao3-1024x768-1.webp\" alt=\"agentes do metr\u00f4 recebem capacita\u00e7\u00e3o da Pol\u00edcia Civil\" class=\"wp-image-557376 not-transparent\" srcset=\"https:\/\/uploads.acordacidade.com.br\/2025\/05\/24uEnGZ3-agentes-do-metro-recebem-capacitacao3-300x225.webp 300w, http:\/\/noticiasbahia360.com.br\/wp-content\/uploads\/2025\/05\/24uEnGZ3-agentes-do-metro-recebem-capacitacao3-1024x768-1.webp 1024w, https:\/\/uploads.acordacidade.com.br\/2025\/05\/24uEnGZ3-agentes-do-metro-recebem-capacitacao3-768x576.webp 768w, https:\/\/uploads.acordacidade.com.br\/2025\/05\/24uEnGZ3-agentes-do-metro-recebem-capacitacao3-150x113.webp 150w, https:\/\/uploads.acordacidade.com.br\/2025\/05\/24uEnGZ3-agentes-do-metro-recebem-capacitacao3.webp 1200w\"><figcaption class=\"wp-element-caption\">Foto: Ascom\/PC<\/figcaption><\/figure>\n<p>\u201cCrimes como LGBTfobia, intoler\u00e2ncia religiosa e racismo, precisam ser coibidos e punidos em todas as esferas. Momentos de capacita\u00e7\u00e3o e rodas de conversa com pessoas que trabalham com o p\u00fablico, s\u00e3o fundamentais para criarmos um elo cada vez mais forte com a sociedade, para que ela possa se mobilizar e denunciar crimes dessa natureza\u201d, avaliou o delegado.<\/p>\n<p><em>Siga o Acorda Cidade no<\/em><a href=\"https:\/\/news.google.com\/search?q=acorda%20cidade&amp;hl=pt-BR&amp;gl=BR&amp;ceid=BR%3Apt-419\"><strong><em>\u00a0Google Not\u00edcias<\/em><\/strong><\/a><em>\u00a0e receba os principais destaques do dia. Participe tamb\u00e9m dos nossos canais no\u00a0<\/em><a href=\"https:\/\/www.whatsapp.com\/channel\/0029Va6Rb4v3WHTNnsh8WI3N\"><strong><em>WhatsApp<\/em><\/strong><\/a><em>\u00a0e\u00a0<\/em><a href=\"https:\/\/www.youtube.com\/@acordacidadenoticias\/videos\"><strong>Youtube<\/strong><\/a><em>\u00a0e grupo de\u00a0<\/em><a href=\"https:\/\/t.me\/+sSz0khrgARA0ZmRh\"><strong><em>Telegram<\/em><\/strong><\/a><em>.<\/em><\/p>\n<\/div>\n","protected":false},"excerpt":{"rendered":"<div>\n<div>\n<figure><img decoding=\"async\" src=\"https:\/\/uploads.acordacidade.com.br\/2025\/05\/sGCiuij3-agentes-do-metro-recebem-capacitacao.webp\" alt=\"agentes do metr\u00f4 recebem capacita\u00e7\u00e3o da Pol\u00edcia Civil\"><figcaption>Foto: Ascom\/PC<\/figcaption><\/figure>\n<\/div>\n<p>Al\u00e9m da apresenta\u00e7\u00e3o te\u00f3rica, foram discutidos casos pr\u00e1ticos, com o objetivo de capacitar os participantes para reconhecer, prevenir e atuar diante dessas situa\u00e7\u00f5es.<\/p><\/div>\n","protected":false},"author":1,"featured_media":87327,"comment_status":"closed","ping_status":"closed","sticky":false,"template":"","format":"gallery","meta":{"footnotes":""},"categories":[8,9,6,57,56,10],"tags":[],"class_list":["post-87326","post","type-post","status-publish","format-gallery","has-post-thumbnail","hentry","category-bahia","category-brasil","category-feira-de-santana","category-mundo","category-policia","category-politica","post_format-post-format-gallery"],"featured_image_urls":{"full":["https:\/\/noticiasbahia360.com.br\/wp-content\/uploads\/2025\/05\/sGCiuij3-agentes-do-metro-recebem-capacitacao.webp",1200,675,false],"thumbnail":["https:\/\/noticiasbahia360.com.br\/wp-content\/uploads\/2025\/05\/sGCiuij3-agentes-do-metro-recebem-capacitacao-150x150.webp",150,150,true],"medium":["https:\/\/noticiasbahia360.com.br\/wp-content\/uploads\/2025\/05\/sGCiuij3-agentes-do-metro-recebem-capacitacao-300x169.webp",300,169,true],"medium_large":["https:\/\/noticiasbahia360.com.br\/wp-content\/uploads\/2025\/05\/sGCiuij3-agentes-do-metro-recebem-capacitacao-768x432.webp",640,360,true],"large":["https:\/\/noticiasbahia360.com.br\/wp-content\/uploads\/2025\/05\/sGCiuij3-agentes-do-metro-recebem-capacitacao-1024x576.webp",640,360,true],"1536x1536":["https:\/\/noticiasbahia360.com.br\/wp-content\/uploads\/2025\/05\/sGCiuij3-agentes-do-metro-recebem-capacitacao.webp",1200,675,false],"2048x2048":["https:\/\/noticiasbahia360.com.br\/wp-content\/uploads\/2025\/05\/sGCiuij3-agentes-do-metro-recebem-capacitacao.webp",1200,675,false],"chromenews-featured":["https:\/\/noticiasbahia360.com.br\/wp-content\/uploads\/2025\/05\/sGCiuij3-agentes-do-metro-recebem-capacitacao-1024x576.webp",1024,576,true],"chromenews-large":["https:\/\/noticiasbahia360.com.br\/wp-content\/uploads\/2025\/05\/sGCiuij3-agentes-do-metro-recebem-capacitacao-825x575.webp",825,575,true],"chromenews-medium":["https:\/\/noticiasbahia360.com.br\/wp-content\/uploads\/2025\/05\/sGCiuij3-agentes-do-metro-recebem-capacitacao-590x410.webp",590,410,true]},"author_info":{"display_name":"noticiasbahia360.com.br","author_link":"https:\/\/noticiasbahia360.com.br\/?author=1"},"category_info":"<a href=\"https:\/\/noticiasbahia360.com.br\/?cat=8\" rel=\"category\">Bahia<\/a> <a href=\"https:\/\/noticiasbahia360.com.br\/?cat=9\" rel=\"category\">Brasil<\/a> <a href=\"https:\/\/noticiasbahia360.com.br\/?cat=6\" rel=\"category\">Feira de Santana<\/a> <a href=\"https:\/\/noticiasbahia360.com.br\/?cat=57\" rel=\"category\">Mundo<\/a> <a href=\"https:\/\/noticiasbahia360.com.br\/?cat=56\" rel=\"category\">Pol\u00edcia<\/a> <a href=\"https:\/\/noticiasbahia360.com.br\/?cat=10\" rel=\"category\">Pol\u00edtica<\/a>","tag_info":"Pol\u00edtica","comment_count":"0","_links":{"self":[{"href":"https:\/\/noticiasbahia360.com.br\/index.php?rest_route=\/wp\/v2\/posts\/87326","targetHints":{"allow":["GET"]}}],"collection":[{"href":"https:\/\/noticiasbahia360.com.br\/index.php?rest_route=\/wp\/v2\/posts"}],"about":[{"href":"https:\/\/noticiasbahia360.com.br\/index.php?rest_route=\/wp\/v2\/types\/post"}],"author":[{"embeddable":true,"href":"https:\/\/noticiasbahia360.com.br\/index.php?rest_route=\/wp\/v2\/users\/1"}],"replies":[{"embeddable":true,"href":"https:\/\/noticiasbahia360.com.br\/index.php?rest_route=%2Fwp%2Fv2%2Fcomments&post=87326"}],"version-history":[{"count":0,"href":"https:\/\/noticiasbahia360.com.br\/index.php?rest_route=\/wp\/v2\/posts\/87326\/revisions"}],"wp:featuredmedia":[{"embeddable":true,"href":"https:\/\/noticiasbahia360.com.br\/index.php?rest_route=\/wp\/v2\/media\/87327"}],"wp:attachment":[{"href":"https:\/\/noticiasbahia360.com.br\/index.php?rest_route=%2Fwp%2Fv2%2Fmedia&parent=87326"}],"wp:term":[{"taxonomy":"category","embeddable":true,"href":"https:\/\/noticiasbahia360.com.br\/index.php?rest_route=%2Fwp%2Fv2%2Fcategories&post=87326"},{"taxonomy":"post_tag","embeddable":true,"href":"https:\/\/noticiasbahia360.com.br\/index.php?rest_route=%2Fwp%2Fv2%2Ftags&post=87326"}],"curies":[{"name":"wp","href":"https:\/\/api.w.org\/{rel}","templated":true}]}}