{"id":87332,"date":"2025-05-24T08:55:51","date_gmt":"2025-05-24T11:55:51","guid":{"rendered":"https:\/\/noticiasbahia360.com.br\/?p=87332"},"modified":"2025-05-24T08:55:51","modified_gmt":"2025-05-24T11:55:51","slug":"irregularidades-trabalhistas-claudia-leitte-e-citada-em-processo-com-valor-de-causa-avaliado-em-quase-r-300-mil","status":"publish","type":"post","link":"https:\/\/noticiasbahia360.com.br\/?p=87332","title":{"rendered":"Irregularidades trabalhistas: Claudia Leitte \u00e9 citada em processo com valor de causa avaliado em quase R$ 300 mil"},"content":{"rendered":"<div>\n<div>\n<figure><img decoding=\"async\" src=\"http:\/\/noticiasbahia360.com.br\/wp-content\/uploads\/2025\/05\/Cantora-Claudia-Leitte_-Foto-Sergio-Di-Salles.jpg\" alt=\"Cantora Claudia Leitte_ Foto S\u00e9rgio Di Salles\"><figcaption>Foto: S\u00e9rgio Di Salles<\/figcaption><\/figure>\n<\/div>\n<p>A cantora <a href=\"https:\/\/www.acordacidade.com.br\/tag\/claudia-leitte\/\">Claudia Leitte<\/a> est\u00e1 sendo citada em uma a\u00e7\u00e3o trabalhista que corre na 75\u00aa Vara do Trabalho de S\u00e3o Paulo, com valor de causa avaliado em R$ 295.800,00.<\/p>\n<p>No processo autuado no dia 31 de mar\u00e7o de 2025, o funcion\u00e1rio, que realizava o transporte de equipamentos da banda que se apresenta com a cantora, alega diversas irregularidades trabalhistas, entre elas: v\u00ednculo empregat\u00edcio sem registro, horas extras excessivas, supress\u00e3o de intervalos de descanso, falta de pagamento de adicional noturno e periculosidade, e danos morais.<\/p>\n<p>O Bahia Not\u00edcias, parceiro do Acorda Cidade, obteve os documentos da a\u00e7\u00e3o, movida contra a cantora e a empresa Transportes MWD Moreira Santos LTDA.<\/p>\n<p>Claudia Leitte \u00e9 citada no processo pelo servi\u00e7o ter sido prestado para ela, apesar do funcion\u00e1rio ser terceirizado e contratado pela empresa de transportes. \u201cSua principal atividade era o transporte de instrumentos musicais para os shows da cantora Claudia Leite, realizando entre 5 e 7 apresenta\u00e7\u00f5es por m\u00eas\u201d, diz a peti\u00e7\u00e3o.<\/p>\n<p>Segundo o reclamante, ao longo do tempo de servi\u00e7o prestado para a artista, em interm\u00e9dio da Transportes MWD Moreira Santos, de outubro de 2022 a outubro de 2024, trabalhou em jornada exaustiva, estendendo-se pela madrugada, noite, feriados e finais de semana, sem acomoda\u00e7\u00e3o em hotel e precisando pernoitar dentro do caminh\u00e3o na estrada, a menos que a banda se hospedasse na cidade do evento.\u00a0<\/p>\n<p>\u201cO Reclamante, al\u00e9m de submetido ao sobreaviso, era constantemente obrigado a pernoitar em locais perigosos, com risco real de assaltos e viol\u00eancia, sem qualquer seguran\u00e7a oferecida pela Reclamada. Ademais, o Reclamante frequentemente carregava equipamentos de alto valor pertencentes \u00e0 empresa, aumentando ainda mais sua exposi\u00e7\u00e3o a riscos.\u201d<\/p>\n<p>O profissional alega tamb\u00e9m que as horas extras n\u00e3o eram devidamente remuneradas e que nunca gozou de intervalos para refei\u00e7\u00e3o e descanso devido \u00e0s metas e prazos imposto.<\/p>\n<p>Na a\u00e7\u00e3o, o motorista afirmou que, ao ser dispensado, a empresa n\u00e3o forneceu a documenta\u00e7\u00e3o rescis\u00f3ria necess\u00e1ria para o saque do FGTS e o requerimento do seguro-desemprego.\u00a0<\/p>\n<p>No dia 19 de maio, a equipe jur\u00eddica da cantora Claudia Leitte apresentou uma procura\u00e7\u00e3o que autoriza uma pessoa (advogado ou procurador) a agir em nome de outra, tanto em processos judiciais quanto em atividades fora do \u00e2mbito judicial, al\u00e9m de ter concordado com a realiza\u00e7\u00e3o da audi\u00eancia online.\u00a0<\/p>\n<p><em>Fonte: <a href=\"https:\/\/www.bahianoticias.com.br\/holofote\/noticia\/79227-claudia-leitte-e-citada-em-processo-por-irregularidades-trabalhistas-com-valor-de-causa-avaliado-em-quase-r-300-mil\" target=\"_blank\" rel=\"noreferrer noopener\">Bahia Not\u00edcias<\/a><\/em><\/p>\n<p><em>Siga o Acorda Cidade no<\/em><a href=\"https:\/\/news.google.com\/search?q=acorda%20cidade&amp;hl=pt-BR&amp;gl=BR&amp;ceid=BR%3Apt-419\"><strong><em>\u00a0Google Not\u00edcias<\/em><\/strong><\/a><em>\u00a0e receba os principais destaques do dia. Participe tamb\u00e9m dos nossos canais no\u00a0<\/em><a href=\"https:\/\/www.whatsapp.com\/channel\/0029Va6Rb4v3WHTNnsh8WI3N\"><strong><em>WhatsApp<\/em><\/strong><\/a><em>\u00a0e\u00a0<\/em><a href=\"https:\/\/www.youtube.com\/@acordacidadenoticias\/videos\"><strong>Youtube<\/strong><\/a><em>\u00a0e grupo de\u00a0<\/em><a href=\"https:\/\/t.me\/+sSz0khrgARA0ZmRh\"><strong><em>Telegram<\/em><\/strong><\/a><em>.<\/em><\/p>\n<\/div>\n","protected":false},"excerpt":{"rendered":"<div>\n<div>\n<figure><img decoding=\"async\" src=\"https:\/\/uploads.acordacidade.com.br\/wp-content\/uploads\/2023\/02\/19124611\/Cantora-Claudia-Leitte_-Foto-Sergio-Di-Salles.jpg\" alt=\"Cantora Claudia Leitte_ Foto S\u00e9rgio Di Salles\"><figcaption>Foto: S\u00e9rgio Di Salles<\/figcaption><\/figure>\n<\/div>\n<p>Claudia Leitte \u00e9 citada no processo pelo servi\u00e7o ter sido prestado para ela, apesar do funcion\u00e1rio ser terceirizado.<\/p><\/div>\n","protected":false},"author":1,"featured_media":87333,"comment_status":"closed","ping_status":"closed","sticky":false,"template":"","format":"gallery","meta":{"footnotes":""},"categories":[8,9,6,57,56,10],"tags":[],"class_list":["post-87332","post","type-post","status-publish","format-gallery","has-post-thumbnail","hentry","category-bahia","category-brasil","category-feira-de-santana","category-mundo","category-policia","category-politica","post_format-post-format-gallery"],"featured_image_urls":{"full":["https:\/\/noticiasbahia360.com.br\/wp-content\/uploads\/2025\/05\/Cantora-Claudia-Leitte_-Foto-Sergio-Di-Salles.jpg",640,363,false],"thumbnail":["https:\/\/noticiasbahia360.com.br\/wp-content\/uploads\/2025\/05\/Cantora-Claudia-Leitte_-Foto-Sergio-Di-Salles-150x150.jpg",150,150,true],"medium":["https:\/\/noticiasbahia360.com.br\/wp-content\/uploads\/2025\/05\/Cantora-Claudia-Leitte_-Foto-Sergio-Di-Salles-300x170.jpg",300,170,true],"medium_large":["https:\/\/noticiasbahia360.com.br\/wp-content\/uploads\/2025\/05\/Cantora-Claudia-Leitte_-Foto-Sergio-Di-Salles.jpg",640,363,false],"large":["https:\/\/noticiasbahia360.com.br\/wp-content\/uploads\/2025\/05\/Cantora-Claudia-Leitte_-Foto-Sergio-Di-Salles.jpg",640,363,false],"1536x1536":["https:\/\/noticiasbahia360.com.br\/wp-content\/uploads\/2025\/05\/Cantora-Claudia-Leitte_-Foto-Sergio-Di-Salles.jpg",640,363,false],"2048x2048":["https:\/\/noticiasbahia360.com.br\/wp-content\/uploads\/2025\/05\/Cantora-Claudia-Leitte_-Foto-Sergio-Di-Salles.jpg",640,363,false],"chromenews-featured":["https:\/\/noticiasbahia360.com.br\/wp-content\/uploads\/2025\/05\/Cantora-Claudia-Leitte_-Foto-Sergio-Di-Salles.jpg",640,363,false],"chromenews-large":["https:\/\/noticiasbahia360.com.br\/wp-content\/uploads\/2025\/05\/Cantora-Claudia-Leitte_-Foto-Sergio-Di-Salles.jpg",640,363,false],"chromenews-medium":["https:\/\/noticiasbahia360.com.br\/wp-content\/uploads\/2025\/05\/Cantora-Claudia-Leitte_-Foto-Sergio-Di-Salles-590x363.jpg",590,363,true]},"author_info":{"display_name":"noticiasbahia360.com.br","author_link":"https:\/\/noticiasbahia360.com.br\/?author=1"},"category_info":"<a href=\"https:\/\/noticiasbahia360.com.br\/?cat=8\" rel=\"category\">Bahia<\/a> <a href=\"https:\/\/noticiasbahia360.com.br\/?cat=9\" rel=\"category\">Brasil<\/a> <a href=\"https:\/\/noticiasbahia360.com.br\/?cat=6\" rel=\"category\">Feira de Santana<\/a> <a href=\"https:\/\/noticiasbahia360.com.br\/?cat=57\" rel=\"category\">Mundo<\/a> <a href=\"https:\/\/noticiasbahia360.com.br\/?cat=56\" rel=\"category\">Pol\u00edcia<\/a> <a href=\"https:\/\/noticiasbahia360.com.br\/?cat=10\" rel=\"category\">Pol\u00edtica<\/a>","tag_info":"Pol\u00edtica","comment_count":"0","_links":{"self":[{"href":"https:\/\/noticiasbahia360.com.br\/index.php?rest_route=\/wp\/v2\/posts\/87332","targetHints":{"allow":["GET"]}}],"collection":[{"href":"https:\/\/noticiasbahia360.com.br\/index.php?rest_route=\/wp\/v2\/posts"}],"about":[{"href":"https:\/\/noticiasbahia360.com.br\/index.php?rest_route=\/wp\/v2\/types\/post"}],"author":[{"embeddable":true,"href":"https:\/\/noticiasbahia360.com.br\/index.php?rest_route=\/wp\/v2\/users\/1"}],"replies":[{"embeddable":true,"href":"https:\/\/noticiasbahia360.com.br\/index.php?rest_route=%2Fwp%2Fv2%2Fcomments&post=87332"}],"version-history":[{"count":0,"href":"https:\/\/noticiasbahia360.com.br\/index.php?rest_route=\/wp\/v2\/posts\/87332\/revisions"}],"wp:featuredmedia":[{"embeddable":true,"href":"https:\/\/noticiasbahia360.com.br\/index.php?rest_route=\/wp\/v2\/media\/87333"}],"wp:attachment":[{"href":"https:\/\/noticiasbahia360.com.br\/index.php?rest_route=%2Fwp%2Fv2%2Fmedia&parent=87332"}],"wp:term":[{"taxonomy":"category","embeddable":true,"href":"https:\/\/noticiasbahia360.com.br\/index.php?rest_route=%2Fwp%2Fv2%2Fcategories&post=87332"},{"taxonomy":"post_tag","embeddable":true,"href":"https:\/\/noticiasbahia360.com.br\/index.php?rest_route=%2Fwp%2Fv2%2Ftags&post=87332"}],"curies":[{"name":"wp","href":"https:\/\/api.w.org\/{rel}","templated":true}]}}