{"id":87334,"date":"2025-05-24T09:02:30","date_gmt":"2025-05-24T12:02:30","guid":{"rendered":"https:\/\/noticiasbahia360.com.br\/?p=87334"},"modified":"2025-05-24T09:02:30","modified_gmt":"2025-05-24T12:02:30","slug":"luiz-de-deus-ex-prefeito-de-paulo-afonso-morre-aos-86-anos","status":"publish","type":"post","link":"https:\/\/noticiasbahia360.com.br\/?p=87334","title":{"rendered":"Luiz de Deus, ex-prefeito de Paulo Afonso, morre aos 86 anos"},"content":{"rendered":"<div>\n<div>\n<figure><img decoding=\"async\" src=\"http:\/\/noticiasbahia360.com.br\/wp-content\/uploads\/2025\/05\/jZcdCnf2-Luiz-de-Deus-ex-prefeito-de-Paulo-Afonso.webp\" alt=\"Luiz de Deus - ex-prefeito de Paulo Afonso\"><figcaption>Foto: Reprodu\u00e7\u00e3o<\/figcaption><\/figure>\n<\/div>\n<p>\u00a0O ex-prefeito de Paulo Afonso, Luiz Barbosa de Deus, faleceu na noite de sexta-feira (23), aos 86 anos, ap\u00f3s cerca de 10 dias internado na UTI do Hospital N\u00facleo Vida, no bairro BTN. Natural de Brejo Grande (SE), Luiz de Deus era m\u00e9dico, pecuarista e pol\u00edtico, tendo ocupado cargos de destaque na Bahia ao longo de mais de quatro d\u00e9cadas de vida p\u00fablica.<\/p>\n<p>Luiz Barbosa de Deus foi deputado estadual por quatro mandatos consecutivos (1995 a 2011), deputado federal entre 2013 e 2014, e prefeito de Paulo Afonso em tr\u00eas ocasi\u00f5es, 1989-1992, 2017-2020 e 2021-2024.\u00a0<\/p>\n<p>Em agosto de 2024, renunciou ao cargo de prefeito por motivos de sa\u00fade. Luiz de Deus enfrentava um quadro cl\u00ednico delicado, com hist\u00f3rico de hipertens\u00e3o, diabetes, tremores, decl\u00ednio cognitivo e disautonomia.<\/p>\n<p>Luiz de Deus deixa cinco filhos, al\u00e9m de netos e bisnetos.\u00a0<\/p>\n<p><em>Fonte: <a href=\"https:\/\/www.bahianoticias.com.br\/municipios\/noticia\/45363-morre-luiz-de-deus-ex-prefeito-de-paulo-afonso-aos-86-anos\" target=\"_blank\" rel=\"noreferrer noopener\">Bahia Not\u00edcias<\/a><\/em><\/p>\n<p><em>Siga o Acorda Cidade no<\/em><a href=\"https:\/\/news.google.com\/search?q=acorda%20cidade&amp;hl=pt-BR&amp;gl=BR&amp;ceid=BR%3Apt-419\"><strong><em>\u00a0Google Not\u00edcias<\/em><\/strong><\/a><em>\u00a0e receba os principais destaques do dia. Participe tamb\u00e9m dos nossos canais no\u00a0<\/em><a href=\"https:\/\/www.whatsapp.com\/channel\/0029Va6Rb4v3WHTNnsh8WI3N\"><strong><em>WhatsApp<\/em><\/strong><\/a><em>\u00a0e\u00a0<\/em><a href=\"https:\/\/www.youtube.com\/@acordacidadenoticias\/videos\"><strong>Youtube<\/strong><\/a><em>\u00a0e grupo de\u00a0<\/em><a href=\"https:\/\/t.me\/+sSz0khrgARA0ZmRh\"><strong><em>Telegram<\/em><\/strong><\/a><em>.<\/em><\/p>\n<\/div>\n","protected":false},"excerpt":{"rendered":"<div>\n<div>\n<figure><img decoding=\"async\" src=\"https:\/\/uploads.acordacidade.com.br\/2025\/05\/jZcdCnf2-Luiz-de-Deus-ex-prefeito-de-Paulo-Afonso.webp\" alt=\"Luiz de Deus - ex-prefeito de Paulo Afonso\"><figcaption>Foto: Reprodu\u00e7\u00e3o<\/figcaption><\/figure>\n<\/div>\n<p>Luiz de Deus foi deputado estadual por quatro mandatos consecutivos, deputado federal e prefeito de Paulo Afonso em tr\u00eas ocasi\u00f5es.<\/p><\/div>\n","protected":false},"author":1,"featured_media":87335,"comment_status":"closed","ping_status":"closed","sticky":false,"template":"","format":"gallery","meta":{"footnotes":""},"categories":[8,9,6,57,56,10],"tags":[],"class_list":["post-87334","post","type-post","status-publish","format-gallery","has-post-thumbnail","hentry","category-bahia","category-brasil","category-feira-de-santana","category-mundo","category-policia","category-politica","post_format-post-format-gallery"],"featured_image_urls":{"full":["https:\/\/noticiasbahia360.com.br\/wp-content\/uploads\/2025\/05\/jZcdCnf2-Luiz-de-Deus-ex-prefeito-de-Paulo-Afonso.webp",1200,630,false],"thumbnail":["https:\/\/noticiasbahia360.com.br\/wp-content\/uploads\/2025\/05\/jZcdCnf2-Luiz-de-Deus-ex-prefeito-de-Paulo-Afonso-150x150.webp",150,150,true],"medium":["https:\/\/noticiasbahia360.com.br\/wp-content\/uploads\/2025\/05\/jZcdCnf2-Luiz-de-Deus-ex-prefeito-de-Paulo-Afonso-300x158.webp",300,158,true],"medium_large":["https:\/\/noticiasbahia360.com.br\/wp-content\/uploads\/2025\/05\/jZcdCnf2-Luiz-de-Deus-ex-prefeito-de-Paulo-Afonso-768x403.webp",640,336,true],"large":["https:\/\/noticiasbahia360.com.br\/wp-content\/uploads\/2025\/05\/jZcdCnf2-Luiz-de-Deus-ex-prefeito-de-Paulo-Afonso-1024x538.webp",640,336,true],"1536x1536":["https:\/\/noticiasbahia360.com.br\/wp-content\/uploads\/2025\/05\/jZcdCnf2-Luiz-de-Deus-ex-prefeito-de-Paulo-Afonso.webp",1200,630,false],"2048x2048":["https:\/\/noticiasbahia360.com.br\/wp-content\/uploads\/2025\/05\/jZcdCnf2-Luiz-de-Deus-ex-prefeito-de-Paulo-Afonso.webp",1200,630,false],"chromenews-featured":["https:\/\/noticiasbahia360.com.br\/wp-content\/uploads\/2025\/05\/jZcdCnf2-Luiz-de-Deus-ex-prefeito-de-Paulo-Afonso-1024x538.webp",1024,538,true],"chromenews-large":["https:\/\/noticiasbahia360.com.br\/wp-content\/uploads\/2025\/05\/jZcdCnf2-Luiz-de-Deus-ex-prefeito-de-Paulo-Afonso-825x575.webp",825,575,true],"chromenews-medium":["https:\/\/noticiasbahia360.com.br\/wp-content\/uploads\/2025\/05\/jZcdCnf2-Luiz-de-Deus-ex-prefeito-de-Paulo-Afonso-590x410.webp",590,410,true]},"author_info":{"display_name":"noticiasbahia360.com.br","author_link":"https:\/\/noticiasbahia360.com.br\/?author=1"},"category_info":"<a href=\"https:\/\/noticiasbahia360.com.br\/?cat=8\" rel=\"category\">Bahia<\/a> <a href=\"https:\/\/noticiasbahia360.com.br\/?cat=9\" rel=\"category\">Brasil<\/a> <a href=\"https:\/\/noticiasbahia360.com.br\/?cat=6\" rel=\"category\">Feira de Santana<\/a> <a href=\"https:\/\/noticiasbahia360.com.br\/?cat=57\" rel=\"category\">Mundo<\/a> <a href=\"https:\/\/noticiasbahia360.com.br\/?cat=56\" rel=\"category\">Pol\u00edcia<\/a> <a href=\"https:\/\/noticiasbahia360.com.br\/?cat=10\" rel=\"category\">Pol\u00edtica<\/a>","tag_info":"Pol\u00edtica","comment_count":"0","_links":{"self":[{"href":"https:\/\/noticiasbahia360.com.br\/index.php?rest_route=\/wp\/v2\/posts\/87334","targetHints":{"allow":["GET"]}}],"collection":[{"href":"https:\/\/noticiasbahia360.com.br\/index.php?rest_route=\/wp\/v2\/posts"}],"about":[{"href":"https:\/\/noticiasbahia360.com.br\/index.php?rest_route=\/wp\/v2\/types\/post"}],"author":[{"embeddable":true,"href":"https:\/\/noticiasbahia360.com.br\/index.php?rest_route=\/wp\/v2\/users\/1"}],"replies":[{"embeddable":true,"href":"https:\/\/noticiasbahia360.com.br\/index.php?rest_route=%2Fwp%2Fv2%2Fcomments&post=87334"}],"version-history":[{"count":0,"href":"https:\/\/noticiasbahia360.com.br\/index.php?rest_route=\/wp\/v2\/posts\/87334\/revisions"}],"wp:featuredmedia":[{"embeddable":true,"href":"https:\/\/noticiasbahia360.com.br\/index.php?rest_route=\/wp\/v2\/media\/87335"}],"wp:attachment":[{"href":"https:\/\/noticiasbahia360.com.br\/index.php?rest_route=%2Fwp%2Fv2%2Fmedia&parent=87334"}],"wp:term":[{"taxonomy":"category","embeddable":true,"href":"https:\/\/noticiasbahia360.com.br\/index.php?rest_route=%2Fwp%2Fv2%2Fcategories&post=87334"},{"taxonomy":"post_tag","embeddable":true,"href":"https:\/\/noticiasbahia360.com.br\/index.php?rest_route=%2Fwp%2Fv2%2Ftags&post=87334"}],"curies":[{"name":"wp","href":"https:\/\/api.w.org\/{rel}","templated":true}]}}