{"id":87336,"date":"2025-05-24T09:33:03","date_gmt":"2025-05-24T12:33:03","guid":{"rendered":"https:\/\/noticiasbahia360.com.br\/?p=87336"},"modified":"2025-05-24T09:33:03","modified_gmt":"2025-05-24T12:33:03","slug":"homem-que-estava-desaparecido-em-capela-do-alto-alegre-e-encontrado-morto-em-represa","status":"publish","type":"post","link":"https:\/\/noticiasbahia360.com.br\/?p=87336","title":{"rendered":"Homem que estava desaparecido em Capela do Alto Alegre \u00e9 encontrado morto em represa"},"content":{"rendered":"<div>\n<div>\n<figure><img decoding=\"async\" src=\"http:\/\/noticiasbahia360.com.br\/wp-content\/uploads\/2025\/05\/XCDxhl51-Homem-encontrado-morto-em-represa-1-1.webp\" alt=\"Homem encontrado morto em represa em Capela do Alto Alegre\"><figcaption>Eliceis da Silva Queiroz, de 33 anos | Foto: Divulga\u00e7\u00e3o\/Brigada Anjos Jacuipenses<\/figcaption><\/figure>\n<\/div>\n<p>Eliceis da Silva Queiroz, de 33 anos, foi encontrado morto na tarde de sexta-feira (23) no munic\u00edpio de <a href=\"https:\/\/www.acordacidade.com.br\/tag\/capela-do-alto-alegre\/\">Capela do Alto Alegre<\/a>. Ele estava desaparecido desde a \u00faltima quarta-feira (21), por volta das 14h.<\/p>\n<figure class=\"wp-block-image size-large\"><img fetchpriority=\"high\" data-dominant-color=\"6c6260\" data-has-transparency=\"false\" style=\"--dominant-color: #6c6260;\" fetchpriority=\"high\" decoding=\"async\" width=\"1024\" height=\"704\" sizes=\"(max-width: 1024px) 100vw, 1024px\" src=\"http:\/\/noticiasbahia360.com.br\/wp-content\/uploads\/2025\/05\/D6i2UEGJ-Homem-encontrado-morto-em-represa-1024x704-1.webp\" alt=\"Homem encontrado morto em represa em Capela do Alto Alegre\" class=\"wp-image-557413 not-transparent\" srcset=\"https:\/\/uploads.acordacidade.com.br\/2025\/05\/D6i2UEGJ-Homem-encontrado-morto-em-represa--300x206.webp 300w, http:\/\/noticiasbahia360.com.br\/wp-content\/uploads\/2025\/05\/D6i2UEGJ-Homem-encontrado-morto-em-represa-1024x704-1.webp 1024w, https:\/\/uploads.acordacidade.com.br\/2025\/05\/D6i2UEGJ-Homem-encontrado-morto-em-represa--768x528.webp 768w, https:\/\/uploads.acordacidade.com.br\/2025\/05\/D6i2UEGJ-Homem-encontrado-morto-em-represa--150x103.webp 150w, https:\/\/uploads.acordacidade.com.br\/2025\/05\/D6i2UEGJ-Homem-encontrado-morto-em-represa-.webp 1200w\"><figcaption class=\"wp-element-caption\">Foto: Divulga\u00e7\u00e3o\/Brigada Anjos Jacuipenses<\/figcaption><\/figure>\n<p>As buscas mobilizaram a Brigada Volunt\u00e1ria Anjos Jacuipenses, a Pol\u00edcia Militar, familiares, amigos e bombeiros civis da cidade. Por volta das 15h30 de sexta-feira, a motocicleta de Eliceis, conhecido como \u201cGuinho\u201d, foi localizada em uma \u00e1rea de dif\u00edcil acesso, desligada e com a igni\u00e7\u00e3o trancada.<\/p>\n<figure class=\"wp-block-image size-large\"><img data-dominant-color=\"686767\" data-has-transparency=\"false\" style=\"--dominant-color: #686767;\" decoding=\"async\" width=\"1024\" height=\"649\" sizes=\"(max-width: 1024px) 100vw, 1024px\" src=\"http:\/\/noticiasbahia360.com.br\/wp-content\/uploads\/2025\/05\/sWl16Szk-Homem-encontrado-morto-em-represa-2-1024x649-1.webp\" alt=\"Homem encontrado morto em represa em Capela do Alto Alegre\" class=\"wp-image-557411 not-transparent\" srcset=\"https:\/\/uploads.acordacidade.com.br\/2025\/05\/sWl16Szk-Homem-encontrado-morto-em-represa-2-300x190.webp 300w, http:\/\/noticiasbahia360.com.br\/wp-content\/uploads\/2025\/05\/sWl16Szk-Homem-encontrado-morto-em-represa-2-1024x649-1.webp 1024w, https:\/\/uploads.acordacidade.com.br\/2025\/05\/sWl16Szk-Homem-encontrado-morto-em-represa-2-768x487.webp 768w, https:\/\/uploads.acordacidade.com.br\/2025\/05\/sWl16Szk-Homem-encontrado-morto-em-represa-2-150x95.webp 150w, https:\/\/uploads.acordacidade.com.br\/2025\/05\/sWl16Szk-Homem-encontrado-morto-em-represa-2.webp 1200w\"><figcaption class=\"wp-element-caption\">Foto: Divulga\u00e7\u00e3o\/Brigada Anjos Jacuipenses<\/figcaption><\/figure>\n<p>O corpo foi encontrado por volta das 17h30, dentro de uma represa, j\u00e1 sem sinais vitais. A Pol\u00edcia Civil e o Departamento de Pol\u00edcia T\u00e9cnica (DPT) foram acionados para realizar a remo\u00e7\u00e3o e iniciar as investiga\u00e7\u00f5es. At\u00e9 o momento, as causas da morte n\u00e3o foram esclarecidas.<\/p>\n<figure class=\"wp-block-image size-large\"><img data-dominant-color=\"605d59\" data-has-transparency=\"false\" style=\"--dominant-color: #605d59;\" decoding=\"async\" width=\"1024\" height=\"600\" sizes=\"(max-width: 1024px) 100vw, 1024px\" src=\"http:\/\/noticiasbahia360.com.br\/wp-content\/uploads\/2025\/05\/FE4NlMA6-Homem-encontrado-morto-em-represa-1-1024x600-1.webp\" alt=\"Homem encontrado morto em represa em Capela do Alto Alegre\" class=\"wp-image-557412 not-transparent\" srcset=\"https:\/\/uploads.acordacidade.com.br\/2025\/05\/FE4NlMA6-Homem-encontrado-morto-em-represa-1-300x176.webp 300w, http:\/\/noticiasbahia360.com.br\/wp-content\/uploads\/2025\/05\/FE4NlMA6-Homem-encontrado-morto-em-represa-1-1024x600-1.webp 1024w, https:\/\/uploads.acordacidade.com.br\/2025\/05\/FE4NlMA6-Homem-encontrado-morto-em-represa-1-768x450.webp 768w, https:\/\/uploads.acordacidade.com.br\/2025\/05\/FE4NlMA6-Homem-encontrado-morto-em-represa-1-150x88.webp 150w, https:\/\/uploads.acordacidade.com.br\/2025\/05\/FE4NlMA6-Homem-encontrado-morto-em-represa-1.webp 1200w\"><figcaption class=\"wp-element-caption\">Foto: Divulga\u00e7\u00e3o\/Brigada Anjos Jacuipenses<\/figcaption><\/figure>\n<p><strong>Eliceis da Silva Queiroz faria 35 anos no pr\u00f3ximo dia 27 de maio.<\/strong><\/p>\n<p>Nas redes sociais, a Brigada Anjos Jacuipenses manifestou solidariedade aos familiares e \u00e0 comunidade de Capela do Alto Alegre.<\/p>\n<blockquote class=\"instagram-media\" data-instgrm-captioned data-instgrm-permalink=\"https:\/\/www.instagram.com\/p\/DKAv7_WP080\/?utm_source=ig_embed&amp;utm_campaign=loading\" data-instgrm-version=\"14\" style=\" background:#FFF; border:0; border-radius:3px; box-shadow:0 0 1px 0 rgba(0,0,0,0.5),0 1px 10px 0 rgba(0,0,0,0.15); margin: 1px; max-width:540px; min-width:326px; padding:0; width:99.375%; width:-webkit-calc(100% - 2px); width:calc(100% - 2px);\">\n<div style=\"padding:16px;\"> <a href=\"https:\/\/www.instagram.com\/p\/DKAv7_WP080\/?utm_source=ig_embed&amp;utm_campaign=loading\" style=\" background:#FFFFFF; line-height:0; padding:0 0; text-align:center; text-decoration:none; width:100%;\" target=\"_blank\"> <\/p>\n<div style=\" display: flex; flex-direction: row; align-items: center;\">\n<div style=\"background-color: #F4F4F4; border-radius: 50%; flex-grow: 0; height: 40px; margin-right: 14px; width: 40px;\"><\/div>\n<div style=\"display: flex; flex-direction: column; flex-grow: 1; justify-content: center;\">\n<div style=\" background-color: #F4F4F4; border-radius: 4px; flex-grow: 0; height: 14px; margin-bottom: 6px; width: 100px;\"><\/div>\n<div style=\" background-color: #F4F4F4; border-radius: 4px; flex-grow: 0; height: 14px; width: 60px;\"><\/div>\n<\/div>\n<\/div>\n<div style=\"padding: 19% 0;\"><\/div>\n<div style=\"display:block; height:50px; margin:0 auto 12px; width:50px;\"><svg width=\"50px\" height=\"50px\" viewbox=\"0 0 60 60\" version=\"1.1\" xmlns=\"https:\/\/www.w3.org\/2000\/svg\" xmlns:xlink=\"https:\/\/www.w3.org\/1999\/xlink\"><g stroke=\"none\" stroke-width=\"1\" fill=\"none\" fill-rule=\"evenodd\"><g transform=\"translate(-511.000000, -20.000000)\" fill=\"#000000\"><g><path d=\"M556.869,30.41 C554.814,30.41 553.148,32.076 553.148,34.131 C553.148,36.186 554.814,37.852 556.869,37.852 C558.924,37.852 560.59,36.186 560.59,34.131 C560.59,32.076 558.924,30.41 556.869,30.41 M541,60.657 C535.114,60.657 530.342,55.887 530.342,50 C530.342,44.114 535.114,39.342 541,39.342 C546.887,39.342 551.658,44.114 551.658,50 C551.658,55.887 546.887,60.657 541,60.657 M541,33.886 C532.1,33.886 524.886,41.1 524.886,50 C524.886,58.899 532.1,66.113 541,66.113 C549.9,66.113 557.115,58.899 557.115,50 C557.115,41.1 549.9,33.886 541,33.886 M565.378,62.101 C565.244,65.022 564.756,66.606 564.346,67.663 C563.803,69.06 563.154,70.057 562.106,71.106 C561.058,72.155 560.06,72.803 558.662,73.347 C557.607,73.757 556.021,74.244 553.102,74.378 C549.944,74.521 548.997,74.552 541,74.552 C533.003,74.552 532.056,74.521 528.898,74.378 C525.979,74.244 524.393,73.757 523.338,73.347 C521.94,72.803 520.942,72.155 519.894,71.106 C518.846,70.057 518.197,69.06 517.654,67.663 C517.244,66.606 516.755,65.022 516.623,62.101 C516.479,58.943 516.448,57.996 516.448,50 C516.448,42.003 516.479,41.056 516.623,37.899 C516.755,34.978 517.244,33.391 517.654,32.338 C518.197,30.938 518.846,29.942 519.894,28.894 C520.942,27.846 521.94,27.196 523.338,26.654 C524.393,26.244 525.979,25.756 528.898,25.623 C532.057,25.479 533.004,25.448 541,25.448 C548.997,25.448 549.943,25.479 553.102,25.623 C556.021,25.756 557.607,26.244 558.662,26.654 C560.06,27.196 561.058,27.846 562.106,28.894 C563.154,29.942 563.803,30.938 564.346,32.338 C564.756,33.391 565.244,34.978 565.378,37.899 C565.522,41.056 565.552,42.003 565.552,50 C565.552,57.996 565.522,58.943 565.378,62.101 M570.82,37.631 C570.674,34.438 570.167,32.258 569.425,30.349 C568.659,28.377 567.633,26.702 565.965,25.035 C564.297,23.368 562.623,22.342 560.652,21.575 C558.743,20.834 556.562,20.326 553.369,20.18 C550.169,20.033 549.148,20 541,20 C532.853,20 531.831,20.033 528.631,20.18 C525.438,20.326 523.257,20.834 521.349,21.575 C519.376,22.342 517.703,23.368 516.035,25.035 C514.368,26.702 513.342,28.377 512.574,30.349 C511.834,32.258 511.326,34.438 511.181,37.631 C511.035,40.831 511,41.851 511,50 C511,58.147 511.035,59.17 511.181,62.369 C511.326,65.562 511.834,67.743 512.574,69.651 C513.342,71.625 514.368,73.296 516.035,74.965 C517.703,76.634 519.376,77.658 521.349,78.425 C523.257,79.167 525.438,79.673 528.631,79.82 C531.831,79.965 532.853,80.001 541,80.001 C549.148,80.001 550.169,79.965 553.369,79.82 C556.562,79.673 558.743,79.167 560.652,78.425 C562.623,77.658 564.297,76.634 565.965,74.965 C567.633,73.296 568.659,71.625 569.425,69.651 C570.167,67.743 570.674,65.562 570.82,62.369 C570.966,59.17 571,58.147 571,50 C571,41.851 570.966,40.831 570.82,37.631\"><\/path><\/g><\/g><\/g><\/svg><\/div>\n<div style=\"padding-top: 8px;\">\n<div style=\" color:#3897f0; font-family:Arial,sans-serif; font-size:14px; font-style:normal; font-weight:550; line-height:18px;\">Ver essa foto no Instagram<\/div>\n<\/div>\n<div style=\"padding: 12.5% 0;\"><\/div>\n<div style=\"display: flex; flex-direction: row; margin-bottom: 14px; align-items: center;\">\n<div>\n<div style=\"background-color: #F4F4F4; border-radius: 50%; height: 12.5px; width: 12.5px; transform: translateX(0px) translateY(7px);\"><\/div>\n<div style=\"background-color: #F4F4F4; height: 12.5px; transform: rotate(-45deg) translateX(3px) translateY(1px); width: 12.5px; flex-grow: 0; margin-right: 14px; margin-left: 2px;\"><\/div>\n<div style=\"background-color: #F4F4F4; border-radius: 50%; height: 12.5px; width: 12.5px; transform: translateX(9px) translateY(-18px);\"><\/div>\n<\/div>\n<div style=\"margin-left: 8px;\">\n<div style=\" background-color: #F4F4F4; border-radius: 50%; flex-grow: 0; height: 20px; width: 20px;\"><\/div>\n<div style=\" width: 0; height: 0; border-top: 2px solid transparent; border-left: 6px solid #f4f4f4; border-bottom: 2px solid transparent; transform: translateX(16px) translateY(-4px) rotate(30deg)\"><\/div>\n<\/div>\n<div style=\"margin-left: auto;\">\n<div style=\" width: 0px; border-top: 8px solid #F4F4F4; border-right: 8px solid transparent; transform: translateY(16px);\"><\/div>\n<div style=\" background-color: #F4F4F4; flex-grow: 0; height: 12px; width: 16px; transform: translateY(-4px);\"><\/div>\n<div style=\" width: 0; height: 0; border-top: 8px solid #F4F4F4; border-left: 8px solid transparent; transform: translateY(-4px) translateX(8px);\"><\/div>\n<\/div>\n<\/div>\n<div style=\"display: flex; flex-direction: column; flex-grow: 1; justify-content: center; margin-bottom: 24px;\">\n<div style=\" background-color: #F4F4F4; border-radius: 4px; flex-grow: 0; height: 14px; margin-bottom: 6px; width: 224px;\"><\/div>\n<div style=\" background-color: #F4F4F4; border-radius: 4px; flex-grow: 0; height: 14px; width: 144px;\"><\/div>\n<\/div>\n<p><\/a><\/p>\n<p style=\" color:#c9c8cd; font-family:Arial,sans-serif; font-size:14px; line-height:17px; margin-bottom:0; margin-top:8px; overflow:hidden; padding:8px 0 7px; text-align:center; text-overflow:ellipsis; white-space:nowrap;\"><a href=\"https:\/\/www.instagram.com\/p\/DKAv7_WP080\/?utm_source=ig_embed&amp;utm_campaign=loading\" style=\" color:#c9c8cd; font-family:Arial,sans-serif; font-size:14px; font-style:normal; font-weight:normal; line-height:17px; text-decoration:none;\" target=\"_blank\">Uma publica\u00e7\u00e3o compartilhada por Anjos Jacuipenses (@anjosjacuipenses)<\/a><\/p>\n<\/div>\n<\/blockquote>\n<p><script async src=\"\/\/www.instagram.com\/embed.js\"><\/script><\/p>\n<p><em>Siga o Acorda Cidade no<\/em><a href=\"https:\/\/news.google.com\/search?q=acorda%20cidade&amp;hl=pt-BR&amp;gl=BR&amp;ceid=BR%3Apt-419\"><strong><em>\u00a0Google Not\u00edcias<\/em><\/strong><\/a><em>\u00a0e receba os principais destaques do dia. Participe tamb\u00e9m dos nossos canais no\u00a0<\/em><a href=\"https:\/\/www.whatsapp.com\/channel\/0029Va6Rb4v3WHTNnsh8WI3N\"><strong><em>WhatsApp<\/em><\/strong><\/a><em>\u00a0e\u00a0<\/em><a href=\"https:\/\/www.youtube.com\/@acordacidadenoticias\/videos\"><strong>Youtube<\/strong><\/a><em>\u00a0e grupo de\u00a0<\/em><a href=\"https:\/\/t.me\/+sSz0khrgARA0ZmRh\"><strong><em>Telegram<\/em><\/strong><\/a><em>.<\/em><\/p>\n<\/div>\n","protected":false},"excerpt":{"rendered":"<div>\n<div>\n<figure><img decoding=\"async\" src=\"https:\/\/uploads.acordacidade.com.br\/2025\/05\/XCDxhl51-Homem-encontrado-morto-em-represa-1-1.webp\" alt=\"Homem encontrado morto em represa em Capela do Alto Alegre\"><figcaption>Eliceis da Silva Queiroz, de 33 anos | Foto: Divulga\u00e7\u00e3o\/Brigada Anjos Jacuipenses<\/figcaption><\/figure>\n<\/div>\n<p>Eliceis da Silva Queiroz faria 35 anos no pr\u00f3ximo dia 27 de maio.<\/p><\/div>\n","protected":false},"author":1,"featured_media":87337,"comment_status":"closed","ping_status":"closed","sticky":false,"template":"","format":"gallery","meta":{"footnotes":""},"categories":[8,9,6,57,56,10],"tags":[],"class_list":["post-87336","post","type-post","status-publish","format-gallery","has-post-thumbnail","hentry","category-bahia","category-brasil","category-feira-de-santana","category-mundo","category-policia","category-politica","post_format-post-format-gallery"],"featured_image_urls":{"full":["https:\/\/noticiasbahia360.com.br\/wp-content\/uploads\/2025\/05\/XCDxhl51-Homem-encontrado-morto-em-represa-1-1.webp",1200,809,false],"thumbnail":["https:\/\/noticiasbahia360.com.br\/wp-content\/uploads\/2025\/05\/XCDxhl51-Homem-encontrado-morto-em-represa-1-1-150x150.webp",150,150,true],"medium":["https:\/\/noticiasbahia360.com.br\/wp-content\/uploads\/2025\/05\/XCDxhl51-Homem-encontrado-morto-em-represa-1-1-300x202.webp",300,202,true],"medium_large":["https:\/\/noticiasbahia360.com.br\/wp-content\/uploads\/2025\/05\/XCDxhl51-Homem-encontrado-morto-em-represa-1-1-768x518.webp",640,432,true],"large":["https:\/\/noticiasbahia360.com.br\/wp-content\/uploads\/2025\/05\/XCDxhl51-Homem-encontrado-morto-em-represa-1-1-1024x690.webp",640,431,true],"1536x1536":["https:\/\/noticiasbahia360.com.br\/wp-content\/uploads\/2025\/05\/XCDxhl51-Homem-encontrado-morto-em-represa-1-1.webp",1200,809,false],"2048x2048":["https:\/\/noticiasbahia360.com.br\/wp-content\/uploads\/2025\/05\/XCDxhl51-Homem-encontrado-morto-em-represa-1-1.webp",1200,809,false],"chromenews-featured":["https:\/\/noticiasbahia360.com.br\/wp-content\/uploads\/2025\/05\/XCDxhl51-Homem-encontrado-morto-em-represa-1-1-1024x690.webp",1024,690,true],"chromenews-large":["https:\/\/noticiasbahia360.com.br\/wp-content\/uploads\/2025\/05\/XCDxhl51-Homem-encontrado-morto-em-represa-1-1-825x575.webp",825,575,true],"chromenews-medium":["https:\/\/noticiasbahia360.com.br\/wp-content\/uploads\/2025\/05\/XCDxhl51-Homem-encontrado-morto-em-represa-1-1-590x410.webp",590,410,true]},"author_info":{"display_name":"noticiasbahia360.com.br","author_link":"https:\/\/noticiasbahia360.com.br\/?author=1"},"category_info":"<a href=\"https:\/\/noticiasbahia360.com.br\/?cat=8\" rel=\"category\">Bahia<\/a> <a href=\"https:\/\/noticiasbahia360.com.br\/?cat=9\" rel=\"category\">Brasil<\/a> <a href=\"https:\/\/noticiasbahia360.com.br\/?cat=6\" rel=\"category\">Feira de Santana<\/a> <a href=\"https:\/\/noticiasbahia360.com.br\/?cat=57\" rel=\"category\">Mundo<\/a> <a href=\"https:\/\/noticiasbahia360.com.br\/?cat=56\" rel=\"category\">Pol\u00edcia<\/a> <a href=\"https:\/\/noticiasbahia360.com.br\/?cat=10\" rel=\"category\">Pol\u00edtica<\/a>","tag_info":"Pol\u00edtica","comment_count":"0","_links":{"self":[{"href":"https:\/\/noticiasbahia360.com.br\/index.php?rest_route=\/wp\/v2\/posts\/87336","targetHints":{"allow":["GET"]}}],"collection":[{"href":"https:\/\/noticiasbahia360.com.br\/index.php?rest_route=\/wp\/v2\/posts"}],"about":[{"href":"https:\/\/noticiasbahia360.com.br\/index.php?rest_route=\/wp\/v2\/types\/post"}],"author":[{"embeddable":true,"href":"https:\/\/noticiasbahia360.com.br\/index.php?rest_route=\/wp\/v2\/users\/1"}],"replies":[{"embeddable":true,"href":"https:\/\/noticiasbahia360.com.br\/index.php?rest_route=%2Fwp%2Fv2%2Fcomments&post=87336"}],"version-history":[{"count":0,"href":"https:\/\/noticiasbahia360.com.br\/index.php?rest_route=\/wp\/v2\/posts\/87336\/revisions"}],"wp:featuredmedia":[{"embeddable":true,"href":"https:\/\/noticiasbahia360.com.br\/index.php?rest_route=\/wp\/v2\/media\/87337"}],"wp:attachment":[{"href":"https:\/\/noticiasbahia360.com.br\/index.php?rest_route=%2Fwp%2Fv2%2Fmedia&parent=87336"}],"wp:term":[{"taxonomy":"category","embeddable":true,"href":"https:\/\/noticiasbahia360.com.br\/index.php?rest_route=%2Fwp%2Fv2%2Fcategories&post=87336"},{"taxonomy":"post_tag","embeddable":true,"href":"https:\/\/noticiasbahia360.com.br\/index.php?rest_route=%2Fwp%2Fv2%2Ftags&post=87336"}],"curies":[{"name":"wp","href":"https:\/\/api.w.org\/{rel}","templated":true}]}}