{"id":87341,"date":"2025-05-24T10:12:07","date_gmt":"2025-05-24T13:12:07","guid":{"rendered":"https:\/\/noticiasbahia360.com.br\/?p=87341"},"modified":"2025-05-24T10:12:07","modified_gmt":"2025-05-24T13:12:07","slug":"caminhao-desgovernado-provoca-susto-em-malhada-de-pedras-no-sudoeste-do-estado","status":"publish","type":"post","link":"https:\/\/noticiasbahia360.com.br\/?p=87341","title":{"rendered":"Caminh\u00e3o desgovernado provoca susto em Malhada de Pedras no sudoeste do estado"},"content":{"rendered":"<div>\n<div>\n<figure><img decoding=\"async\" src=\"http:\/\/noticiasbahia360.com.br\/wp-content\/uploads\/2025\/05\/rrJG06W8-0481-achei-sudoeste-caminhao-desgovernado-em-malhada-de-pedras.webp\" alt=\"caminh\u00e3o desgovernado\"><figcaption>Foto: Lay Amorim\/Achei Sudoeste<\/figcaption><\/figure>\n<\/div>\n<p>Na manh\u00e3 deste s\u00e1bado (24), um caminh\u00e3o perdeu o controle e desceu em alta velocidade pela principal via de acesso ao centro de Malhada de Pedras, no <a href=\"https:\/\/www.acordacidade.com.br\/tag\/sudoeste-baiano\/\">sudoeste baiano<\/a>, causando grande p\u00e2nico entre os moradores. O ve\u00edculo s\u00f3 parou ao chegar \u00e0 Pra\u00e7a Monsenhor Fagundes, conhecida como Pra\u00e7a da Igreja Matriz, onde ficou completamente destru\u00eddo.<\/p>\n<p>Segundo o site Achei Sudoeste, parceiro do Acorda Cidade, <strong>apesar da gravidade do acidente, o motorista sofreu apenas escoria\u00e7\u00f5es leves e recebeu atendimento no local pelo Servi\u00e7o de Atendimento M\u00f3vel de Urg\u00eancia (Samu). Felizmente, nenhum pedestre ou morador foi atingido durante o acidente.\u00a0<\/strong><\/p>\n<p>Equipes da Secretaria Municipal de Infraestrutura j\u00e1 est\u00e3o mobilizadas para avaliar os estragos na Pra\u00e7a da Igreja Matriz e iniciar os reparos necess\u00e1rios.<\/p>\n<p>O prefeito Beto de Preto Neto comentou sobre o ocorrido. \u201cGra\u00e7as a Deus apenas os danos materiais. O motorista n\u00e3o se feriu gravemente e nenhum malhadapedrense foi atingido\u201d.<\/p>\n<p><em>Siga o Acorda Cidade no<\/em><a href=\"https:\/\/news.google.com\/search?q=acorda%20cidade&amp;hl=pt-BR&amp;gl=BR&amp;ceid=BR%3Apt-419\"><strong><em>\u00a0Google Not\u00edcias<\/em><\/strong><\/a><em>\u00a0e receba os principais destaques do dia. Participe tamb\u00e9m dos nossos canais no\u00a0<\/em><a href=\"https:\/\/www.whatsapp.com\/channel\/0029Va6Rb4v3WHTNnsh8WI3N\"><strong><em>WhatsApp<\/em><\/strong><\/a><em>\u00a0e\u00a0<\/em><a href=\"https:\/\/www.youtube.com\/@acordacidadenoticias\/videos\"><strong>Youtube<\/strong><\/a><em>\u00a0e grupo de\u00a0<\/em><a href=\"https:\/\/t.me\/+sSz0khrgARA0ZmRh\"><strong><em>Telegram<\/em><\/strong><\/a><em>.<\/em><\/p>\n<\/div>\n","protected":false},"excerpt":{"rendered":"<div>\n<div>\n<figure><img decoding=\"async\" src=\"https:\/\/uploads.acordacidade.com.br\/2025\/05\/rrJG06W8-0481-achei-sudoeste-caminhao-desgovernado-em-malhada-de-pedras.webp\" alt=\"caminh\u00e3o desgovernado\"><figcaption>Foto: Lay Amorim\/Achei Sudoeste<\/figcaption><\/figure>\n<\/div>\n<p>O ve\u00edculo s\u00f3 parou ao chegar \u00e0 Pra\u00e7a Monsenhor Fagundes, conhecida como Pra\u00e7a da Igreja Matriz, onde ficou completamente destru\u00eddo.<\/p><\/div>\n","protected":false},"author":1,"featured_media":87342,"comment_status":"closed","ping_status":"closed","sticky":false,"template":"","format":"gallery","meta":{"footnotes":""},"categories":[8,9,6,57,56,10],"tags":[],"class_list":["post-87341","post","type-post","status-publish","format-gallery","has-post-thumbnail","hentry","category-bahia","category-brasil","category-feira-de-santana","category-mundo","category-policia","category-politica","post_format-post-format-gallery"],"featured_image_urls":{"full":["https:\/\/noticiasbahia360.com.br\/wp-content\/uploads\/2025\/05\/rrJG06W8-0481-achei-sudoeste-caminhao-desgovernado-em-malhada-de-pedras.webp",1200,800,false],"thumbnail":["https:\/\/noticiasbahia360.com.br\/wp-content\/uploads\/2025\/05\/rrJG06W8-0481-achei-sudoeste-caminhao-desgovernado-em-malhada-de-pedras-150x150.webp",150,150,true],"medium":["https:\/\/noticiasbahia360.com.br\/wp-content\/uploads\/2025\/05\/rrJG06W8-0481-achei-sudoeste-caminhao-desgovernado-em-malhada-de-pedras-300x200.webp",300,200,true],"medium_large":["https:\/\/noticiasbahia360.com.br\/wp-content\/uploads\/2025\/05\/rrJG06W8-0481-achei-sudoeste-caminhao-desgovernado-em-malhada-de-pedras-768x512.webp",640,427,true],"large":["https:\/\/noticiasbahia360.com.br\/wp-content\/uploads\/2025\/05\/rrJG06W8-0481-achei-sudoeste-caminhao-desgovernado-em-malhada-de-pedras-1024x683.webp",640,427,true],"1536x1536":["https:\/\/noticiasbahia360.com.br\/wp-content\/uploads\/2025\/05\/rrJG06W8-0481-achei-sudoeste-caminhao-desgovernado-em-malhada-de-pedras.webp",1200,800,false],"2048x2048":["https:\/\/noticiasbahia360.com.br\/wp-content\/uploads\/2025\/05\/rrJG06W8-0481-achei-sudoeste-caminhao-desgovernado-em-malhada-de-pedras.webp",1200,800,false],"chromenews-featured":["https:\/\/noticiasbahia360.com.br\/wp-content\/uploads\/2025\/05\/rrJG06W8-0481-achei-sudoeste-caminhao-desgovernado-em-malhada-de-pedras-1024x683.webp",1024,683,true],"chromenews-large":["https:\/\/noticiasbahia360.com.br\/wp-content\/uploads\/2025\/05\/rrJG06W8-0481-achei-sudoeste-caminhao-desgovernado-em-malhada-de-pedras-825x575.webp",825,575,true],"chromenews-medium":["https:\/\/noticiasbahia360.com.br\/wp-content\/uploads\/2025\/05\/rrJG06W8-0481-achei-sudoeste-caminhao-desgovernado-em-malhada-de-pedras-590x410.webp",590,410,true]},"author_info":{"display_name":"noticiasbahia360.com.br","author_link":"https:\/\/noticiasbahia360.com.br\/?author=1"},"category_info":"<a href=\"https:\/\/noticiasbahia360.com.br\/?cat=8\" rel=\"category\">Bahia<\/a> <a href=\"https:\/\/noticiasbahia360.com.br\/?cat=9\" rel=\"category\">Brasil<\/a> <a href=\"https:\/\/noticiasbahia360.com.br\/?cat=6\" rel=\"category\">Feira de Santana<\/a> <a href=\"https:\/\/noticiasbahia360.com.br\/?cat=57\" rel=\"category\">Mundo<\/a> <a href=\"https:\/\/noticiasbahia360.com.br\/?cat=56\" rel=\"category\">Pol\u00edcia<\/a> <a href=\"https:\/\/noticiasbahia360.com.br\/?cat=10\" rel=\"category\">Pol\u00edtica<\/a>","tag_info":"Pol\u00edtica","comment_count":"0","_links":{"self":[{"href":"https:\/\/noticiasbahia360.com.br\/index.php?rest_route=\/wp\/v2\/posts\/87341","targetHints":{"allow":["GET"]}}],"collection":[{"href":"https:\/\/noticiasbahia360.com.br\/index.php?rest_route=\/wp\/v2\/posts"}],"about":[{"href":"https:\/\/noticiasbahia360.com.br\/index.php?rest_route=\/wp\/v2\/types\/post"}],"author":[{"embeddable":true,"href":"https:\/\/noticiasbahia360.com.br\/index.php?rest_route=\/wp\/v2\/users\/1"}],"replies":[{"embeddable":true,"href":"https:\/\/noticiasbahia360.com.br\/index.php?rest_route=%2Fwp%2Fv2%2Fcomments&post=87341"}],"version-history":[{"count":0,"href":"https:\/\/noticiasbahia360.com.br\/index.php?rest_route=\/wp\/v2\/posts\/87341\/revisions"}],"wp:featuredmedia":[{"embeddable":true,"href":"https:\/\/noticiasbahia360.com.br\/index.php?rest_route=\/wp\/v2\/media\/87342"}],"wp:attachment":[{"href":"https:\/\/noticiasbahia360.com.br\/index.php?rest_route=%2Fwp%2Fv2%2Fmedia&parent=87341"}],"wp:term":[{"taxonomy":"category","embeddable":true,"href":"https:\/\/noticiasbahia360.com.br\/index.php?rest_route=%2Fwp%2Fv2%2Fcategories&post=87341"},{"taxonomy":"post_tag","embeddable":true,"href":"https:\/\/noticiasbahia360.com.br\/index.php?rest_route=%2Fwp%2Fv2%2Ftags&post=87341"}],"curies":[{"name":"wp","href":"https:\/\/api.w.org\/{rel}","templated":true}]}}