{"id":87343,"date":"2025-05-24T10:17:43","date_gmt":"2025-05-24T13:17:43","guid":{"rendered":"https:\/\/noticiasbahia360.com.br\/?p=87343"},"modified":"2025-05-24T10:17:43","modified_gmt":"2025-05-24T13:17:43","slug":"policia-apreende-50-sacas-de-cafe-com-nota-fiscal-divergente-em-brumado","status":"publish","type":"post","link":"https:\/\/noticiasbahia360.com.br\/?p=87343","title":{"rendered":"Pol\u00edcia apreende 50 sacas de caf\u00e9 com nota fiscal divergente em Brumado"},"content":{"rendered":"<div>\n<div>\n<figure><img decoding=\"async\" src=\"http:\/\/noticiasbahia360.com.br\/wp-content\/uploads\/2025\/05\/TYjGuf3Q-8704-achei-sudoeste-carga-de-cafe-apreendida-em-brumado.webp\" alt=\"apreens\u00e3o de carga de caf\u00e9\"><figcaption>Foto: WhatsApp\/Achei Sudoeste<\/figcaption><\/figure>\n<\/div>\n<p>Durante uma fiscaliza\u00e7\u00e3o na quinta-feira (22), policiais militares da 2\u00aa Companhia Independente de Pol\u00edcia Rodovi\u00e1ria (CIPRv) identificaram irregularidades em um carregamento de <strong><a href=\"https:\/\/www.acordacidade.com.br\/tag\/cafe\/\">caf\u00e9<\/a><\/strong> na cidade de Brumado, no <a href=\"https:\/\/www.acordacidade.com.br\/tag\/sudoeste-baiano\/\">sudoeste baiano<\/a>. A equipe percebeu que a nota fiscal apresentada continha diverg\u00eancias na quantidade da carga e no destino declarado.<\/p>\n<p>Ao constatar a inconsist\u00eancia, os policiais apreenderam 50 sacas de caf\u00e9 e o ve\u00edculo que transportava o produto.<\/p>\n<p>Ambos foram encaminhados ao Posto Fiscal Benito Gama, em Vit\u00f3ria da Conquista, para que as medidas legais fossem tomadas. As informa\u00e7\u00f5es foram confirmadas pelo site Achei Sudoeste, parceiro do Acorda Cidade.<\/p>\n<p><em>Siga o Acorda Cidade no<\/em><a href=\"https:\/\/news.google.com\/search?q=acorda%20cidade&amp;hl=pt-BR&amp;gl=BR&amp;ceid=BR%3Apt-419\"><strong><em>\u00a0Google Not\u00edcias<\/em><\/strong><\/a><em>\u00a0e receba os principais destaques do dia. Participe tamb\u00e9m dos nossos canais no\u00a0<\/em><a href=\"https:\/\/www.whatsapp.com\/channel\/0029Va6Rb4v3WHTNnsh8WI3N\"><strong><em>WhatsApp<\/em><\/strong><\/a><em>\u00a0e\u00a0<\/em><a href=\"https:\/\/www.youtube.com\/@acordacidadenoticias\/videos\"><strong>Youtube<\/strong><\/a><em>\u00a0e grupo de\u00a0<\/em><a href=\"https:\/\/t.me\/+sSz0khrgARA0ZmRh\"><strong><em>Telegram<\/em><\/strong><\/a><em>.<\/em><\/p>\n<\/div>\n","protected":false},"excerpt":{"rendered":"<div>\n<div>\n<figure><img decoding=\"async\" src=\"https:\/\/uploads.acordacidade.com.br\/2025\/05\/TYjGuf3Q-8704-achei-sudoeste-carga-de-cafe-apreendida-em-brumado.webp\" alt=\"apreens\u00e3o de carga de caf\u00e9\"><figcaption>Foto: WhatsApp\/Achei Sudoeste<\/figcaption><\/figure>\n<\/div>\n<p>A carga de caf\u00e9 e o caminh\u00e3o foram encaminhados ao Posto Fiscal, em Vit\u00f3ria da Conquista, para que as medidas legais fossem tomadas.<\/p><\/div>\n","protected":false},"author":1,"featured_media":87344,"comment_status":"closed","ping_status":"closed","sticky":false,"template":"","format":"gallery","meta":{"footnotes":""},"categories":[8,9,6,57,56,10],"tags":[],"class_list":["post-87343","post","type-post","status-publish","format-gallery","has-post-thumbnail","hentry","category-bahia","category-brasil","category-feira-de-santana","category-mundo","category-policia","category-politica","post_format-post-format-gallery"],"featured_image_urls":{"full":["https:\/\/noticiasbahia360.com.br\/wp-content\/uploads\/2025\/05\/TYjGuf3Q-8704-achei-sudoeste-carga-de-cafe-apreendida-em-brumado.webp",1200,800,false],"thumbnail":["https:\/\/noticiasbahia360.com.br\/wp-content\/uploads\/2025\/05\/TYjGuf3Q-8704-achei-sudoeste-carga-de-cafe-apreendida-em-brumado-150x150.webp",150,150,true],"medium":["https:\/\/noticiasbahia360.com.br\/wp-content\/uploads\/2025\/05\/TYjGuf3Q-8704-achei-sudoeste-carga-de-cafe-apreendida-em-brumado-300x200.webp",300,200,true],"medium_large":["https:\/\/noticiasbahia360.com.br\/wp-content\/uploads\/2025\/05\/TYjGuf3Q-8704-achei-sudoeste-carga-de-cafe-apreendida-em-brumado-768x512.webp",640,427,true],"large":["https:\/\/noticiasbahia360.com.br\/wp-content\/uploads\/2025\/05\/TYjGuf3Q-8704-achei-sudoeste-carga-de-cafe-apreendida-em-brumado-1024x683.webp",640,427,true],"1536x1536":["https:\/\/noticiasbahia360.com.br\/wp-content\/uploads\/2025\/05\/TYjGuf3Q-8704-achei-sudoeste-carga-de-cafe-apreendida-em-brumado.webp",1200,800,false],"2048x2048":["https:\/\/noticiasbahia360.com.br\/wp-content\/uploads\/2025\/05\/TYjGuf3Q-8704-achei-sudoeste-carga-de-cafe-apreendida-em-brumado.webp",1200,800,false],"chromenews-featured":["https:\/\/noticiasbahia360.com.br\/wp-content\/uploads\/2025\/05\/TYjGuf3Q-8704-achei-sudoeste-carga-de-cafe-apreendida-em-brumado-1024x683.webp",1024,683,true],"chromenews-large":["https:\/\/noticiasbahia360.com.br\/wp-content\/uploads\/2025\/05\/TYjGuf3Q-8704-achei-sudoeste-carga-de-cafe-apreendida-em-brumado-825x575.webp",825,575,true],"chromenews-medium":["https:\/\/noticiasbahia360.com.br\/wp-content\/uploads\/2025\/05\/TYjGuf3Q-8704-achei-sudoeste-carga-de-cafe-apreendida-em-brumado-590x410.webp",590,410,true]},"author_info":{"display_name":"noticiasbahia360.com.br","author_link":"https:\/\/noticiasbahia360.com.br\/?author=1"},"category_info":"<a href=\"https:\/\/noticiasbahia360.com.br\/?cat=8\" rel=\"category\">Bahia<\/a> <a href=\"https:\/\/noticiasbahia360.com.br\/?cat=9\" rel=\"category\">Brasil<\/a> <a href=\"https:\/\/noticiasbahia360.com.br\/?cat=6\" rel=\"category\">Feira de Santana<\/a> <a href=\"https:\/\/noticiasbahia360.com.br\/?cat=57\" rel=\"category\">Mundo<\/a> <a href=\"https:\/\/noticiasbahia360.com.br\/?cat=56\" rel=\"category\">Pol\u00edcia<\/a> <a href=\"https:\/\/noticiasbahia360.com.br\/?cat=10\" rel=\"category\">Pol\u00edtica<\/a>","tag_info":"Pol\u00edtica","comment_count":"0","_links":{"self":[{"href":"https:\/\/noticiasbahia360.com.br\/index.php?rest_route=\/wp\/v2\/posts\/87343","targetHints":{"allow":["GET"]}}],"collection":[{"href":"https:\/\/noticiasbahia360.com.br\/index.php?rest_route=\/wp\/v2\/posts"}],"about":[{"href":"https:\/\/noticiasbahia360.com.br\/index.php?rest_route=\/wp\/v2\/types\/post"}],"author":[{"embeddable":true,"href":"https:\/\/noticiasbahia360.com.br\/index.php?rest_route=\/wp\/v2\/users\/1"}],"replies":[{"embeddable":true,"href":"https:\/\/noticiasbahia360.com.br\/index.php?rest_route=%2Fwp%2Fv2%2Fcomments&post=87343"}],"version-history":[{"count":0,"href":"https:\/\/noticiasbahia360.com.br\/index.php?rest_route=\/wp\/v2\/posts\/87343\/revisions"}],"wp:featuredmedia":[{"embeddable":true,"href":"https:\/\/noticiasbahia360.com.br\/index.php?rest_route=\/wp\/v2\/media\/87344"}],"wp:attachment":[{"href":"https:\/\/noticiasbahia360.com.br\/index.php?rest_route=%2Fwp%2Fv2%2Fmedia&parent=87343"}],"wp:term":[{"taxonomy":"category","embeddable":true,"href":"https:\/\/noticiasbahia360.com.br\/index.php?rest_route=%2Fwp%2Fv2%2Fcategories&post=87343"},{"taxonomy":"post_tag","embeddable":true,"href":"https:\/\/noticiasbahia360.com.br\/index.php?rest_route=%2Fwp%2Fv2%2Ftags&post=87343"}],"curies":[{"name":"wp","href":"https:\/\/api.w.org\/{rel}","templated":true}]}}