{"id":87347,"date":"2025-05-24T10:31:19","date_gmt":"2025-05-24T13:31:19","guid":{"rendered":"https:\/\/noticiasbahia360.com.br\/?p=87347"},"modified":"2025-05-24T10:31:19","modified_gmt":"2025-05-24T13:31:19","slug":"motorista-foge-apos-provocar-acidente-que-matou-homem-de-45-anos-na-zona-rural-de-cacule","status":"publish","type":"post","link":"https:\/\/noticiasbahia360.com.br\/?p=87347","title":{"rendered":"Motorista foge ap\u00f3s provocar acidente que matou homem de 45 anos na zona rural de Cacul\u00e9"},"content":{"rendered":"<div>\n<div>\n<figure><img decoding=\"async\" src=\"http:\/\/noticiasbahia360.com.br\/wp-content\/uploads\/2025\/05\/2cvkaWKx-9585-achei-sudoeste-cacule-ambulancias-samu192.webp\" alt=\"Acidente em Cacul\u00e9\"><figcaption>Foto: Lay Amorim\/Achei Sudoeste<\/figcaption><\/figure>\n<\/div>\n<p>Um grave acidente envolvendo duas motocicletas e um carro resultou na morte de Pedro Pinto de Oliveira, de 45 anos, na noite de sexta-feira (23), por volta das 20h30, no povoado do Coelho, zona rural de <a href=\"https:\/\/www.acordacidade.com.br\/tag\/cacule\/\">Cacul\u00e9.<\/a> A confirma\u00e7\u00e3o foi feita pela 94\u00aa Companhia Independente de Pol\u00edcia Militar (CIPM) ao site Achei Sudoeste, parceiro do Acorda Cidade.<\/p>\n<p>Pedro foi socorrido e levado ao Hospital Municipal de Cacul\u00e9, mas n\u00e3o resistiu aos ferimentos. Um jovem de 21 anos, que tamb\u00e9m estava envolvido no acidente, sofreu uma les\u00e3o no joelho e permanece internado, podendo ser transferido para Vit\u00f3ria da Conquista para atendimento especializado.<\/p>\n<p>De acordo com relatos de populares, o motorista do carro, apontado como causador do acidente, fugiu do local sem prestar socorro \u00e0s v\u00edtimas. As motocicletas foram removidas por terceiros antes da chegada da pol\u00edcia, e at\u00e9 o momento os familiares n\u00e3o souberam informar detalhes sobre o ve\u00edculo envolvido.<\/p>\n<p>O Departamento de Pol\u00edcia T\u00e9cnica (DPT) realizou a per\u00edcia no local e encaminhou o corpo de Pedro para o Instituto M\u00e9dico Legal (IML) em Guanambi, onde ser\u00e1 necropsiado.<br \/>A Pol\u00edcia Civil j\u00e1 abriu um inqu\u00e9rito para investigar as circunst\u00e2ncias do acidente e tentar localizar o motorista que fugiu.<\/p>\n<p><em>Siga o Acorda Cidade no<\/em><a href=\"https:\/\/news.google.com\/search?q=acorda%20cidade&amp;hl=pt-BR&amp;gl=BR&amp;ceid=BR%3Apt-419\"><strong><em>\u00a0Google Not\u00edcias<\/em><\/strong><\/a><em>\u00a0e receba os principais destaques do dia. Participe tamb\u00e9m dos nossos canais no\u00a0<\/em><a href=\"https:\/\/www.whatsapp.com\/channel\/0029Va6Rb4v3WHTNnsh8WI3N\"><strong><em>WhatsApp<\/em><\/strong><\/a><em>\u00a0e\u00a0<\/em><a href=\"https:\/\/www.youtube.com\/@acordacidadenoticias\/videos\"><strong>Youtube<\/strong><\/a><em>\u00a0e grupo de\u00a0<\/em><a href=\"https:\/\/t.me\/+sSz0khrgARA0ZmRh\"><strong><em>Telegram<\/em><\/strong><\/a><em>.<\/em><\/p>\n<\/div>\n","protected":false},"excerpt":{"rendered":"<div>\n<div>\n<figure><img decoding=\"async\" src=\"https:\/\/uploads.acordacidade.com.br\/2025\/05\/2cvkaWKx-9585-achei-sudoeste-cacule-ambulancias-samu192.webp\" alt=\"Acidente em Cacul\u00e9\"><figcaption>Foto: Lay Amorim\/Achei Sudoeste<\/figcaption><\/figure>\n<\/div>\n<p>Acidente aconteceu na noite de sexta-feira (23), por volta das 20h30, no povoado do Coelho, zona rural de Cacul\u00e9.<\/p><\/div>\n","protected":false},"author":1,"featured_media":87348,"comment_status":"closed","ping_status":"closed","sticky":false,"template":"","format":"gallery","meta":{"footnotes":""},"categories":[8,9,6,57,56,10],"tags":[],"class_list":["post-87347","post","type-post","status-publish","format-gallery","has-post-thumbnail","hentry","category-bahia","category-brasil","category-feira-de-santana","category-mundo","category-policia","category-politica","post_format-post-format-gallery"],"featured_image_urls":{"full":["https:\/\/noticiasbahia360.com.br\/wp-content\/uploads\/2025\/05\/2cvkaWKx-9585-achei-sudoeste-cacule-ambulancias-samu192.webp",1200,754,false],"thumbnail":["https:\/\/noticiasbahia360.com.br\/wp-content\/uploads\/2025\/05\/2cvkaWKx-9585-achei-sudoeste-cacule-ambulancias-samu192-150x150.webp",150,150,true],"medium":["https:\/\/noticiasbahia360.com.br\/wp-content\/uploads\/2025\/05\/2cvkaWKx-9585-achei-sudoeste-cacule-ambulancias-samu192-300x189.webp",300,189,true],"medium_large":["https:\/\/noticiasbahia360.com.br\/wp-content\/uploads\/2025\/05\/2cvkaWKx-9585-achei-sudoeste-cacule-ambulancias-samu192-768x483.webp",640,403,true],"large":["https:\/\/noticiasbahia360.com.br\/wp-content\/uploads\/2025\/05\/2cvkaWKx-9585-achei-sudoeste-cacule-ambulancias-samu192-1024x643.webp",640,402,true],"1536x1536":["https:\/\/noticiasbahia360.com.br\/wp-content\/uploads\/2025\/05\/2cvkaWKx-9585-achei-sudoeste-cacule-ambulancias-samu192.webp",1200,754,false],"2048x2048":["https:\/\/noticiasbahia360.com.br\/wp-content\/uploads\/2025\/05\/2cvkaWKx-9585-achei-sudoeste-cacule-ambulancias-samu192.webp",1200,754,false],"chromenews-featured":["https:\/\/noticiasbahia360.com.br\/wp-content\/uploads\/2025\/05\/2cvkaWKx-9585-achei-sudoeste-cacule-ambulancias-samu192-1024x643.webp",1024,643,true],"chromenews-large":["https:\/\/noticiasbahia360.com.br\/wp-content\/uploads\/2025\/05\/2cvkaWKx-9585-achei-sudoeste-cacule-ambulancias-samu192-825x575.webp",825,575,true],"chromenews-medium":["https:\/\/noticiasbahia360.com.br\/wp-content\/uploads\/2025\/05\/2cvkaWKx-9585-achei-sudoeste-cacule-ambulancias-samu192-590x410.webp",590,410,true]},"author_info":{"display_name":"noticiasbahia360.com.br","author_link":"https:\/\/noticiasbahia360.com.br\/?author=1"},"category_info":"<a href=\"https:\/\/noticiasbahia360.com.br\/?cat=8\" rel=\"category\">Bahia<\/a> <a href=\"https:\/\/noticiasbahia360.com.br\/?cat=9\" rel=\"category\">Brasil<\/a> <a href=\"https:\/\/noticiasbahia360.com.br\/?cat=6\" rel=\"category\">Feira de Santana<\/a> <a href=\"https:\/\/noticiasbahia360.com.br\/?cat=57\" rel=\"category\">Mundo<\/a> <a href=\"https:\/\/noticiasbahia360.com.br\/?cat=56\" rel=\"category\">Pol\u00edcia<\/a> <a href=\"https:\/\/noticiasbahia360.com.br\/?cat=10\" rel=\"category\">Pol\u00edtica<\/a>","tag_info":"Pol\u00edtica","comment_count":"0","_links":{"self":[{"href":"https:\/\/noticiasbahia360.com.br\/index.php?rest_route=\/wp\/v2\/posts\/87347","targetHints":{"allow":["GET"]}}],"collection":[{"href":"https:\/\/noticiasbahia360.com.br\/index.php?rest_route=\/wp\/v2\/posts"}],"about":[{"href":"https:\/\/noticiasbahia360.com.br\/index.php?rest_route=\/wp\/v2\/types\/post"}],"author":[{"embeddable":true,"href":"https:\/\/noticiasbahia360.com.br\/index.php?rest_route=\/wp\/v2\/users\/1"}],"replies":[{"embeddable":true,"href":"https:\/\/noticiasbahia360.com.br\/index.php?rest_route=%2Fwp%2Fv2%2Fcomments&post=87347"}],"version-history":[{"count":0,"href":"https:\/\/noticiasbahia360.com.br\/index.php?rest_route=\/wp\/v2\/posts\/87347\/revisions"}],"wp:featuredmedia":[{"embeddable":true,"href":"https:\/\/noticiasbahia360.com.br\/index.php?rest_route=\/wp\/v2\/media\/87348"}],"wp:attachment":[{"href":"https:\/\/noticiasbahia360.com.br\/index.php?rest_route=%2Fwp%2Fv2%2Fmedia&parent=87347"}],"wp:term":[{"taxonomy":"category","embeddable":true,"href":"https:\/\/noticiasbahia360.com.br\/index.php?rest_route=%2Fwp%2Fv2%2Fcategories&post=87347"},{"taxonomy":"post_tag","embeddable":true,"href":"https:\/\/noticiasbahia360.com.br\/index.php?rest_route=%2Fwp%2Fv2%2Ftags&post=87347"}],"curies":[{"name":"wp","href":"https:\/\/api.w.org\/{rel}","templated":true}]}}