{"id":87351,"date":"2025-05-24T11:07:21","date_gmt":"2025-05-24T14:07:21","guid":{"rendered":"https:\/\/noticiasbahia360.com.br\/?p=87351"},"modified":"2025-05-24T11:07:21","modified_gmt":"2025-05-24T14:07:21","slug":"troca-de-tiros-com-a-pm-deixa-tres-mortos-em-camacari-armas-e-municoes-sao-apreendidas","status":"publish","type":"post","link":"https:\/\/noticiasbahia360.com.br\/?p=87351","title":{"rendered":"Troca de tiros com a PM deixa tr\u00eas mortos em Cama\u00e7ari; armas e muni\u00e7\u00f5es s\u00e3o apreendidas"},"content":{"rendered":"<div>\n<div>\n<figure><img decoding=\"async\" src=\"http:\/\/noticiasbahia360.com.br\/wp-content\/uploads\/2025\/05\/Btp9nYGF-Delegacia-de-Camacari-.webp\" alt=\"Caso foi registrado na 18\u00aa Delegacia Territorial de Cama\u00e7ari \u2014 Foto: U\u00e9diton Teixeira\/g1 Tr\u00eas homens morreram ap\u00f3s uma\"><figcaption>Caso foi registrado na 18\u00aa Delegacia Territorial de Cama\u00e7ari \u2014 Foto: U\u00e9diton Teixeira\/g1<\/figcaption><\/figure>\n<\/div>\n<p>Na noite de sexta-feira (23), uma troca de tiros entre policiais militares e suspeitos terminou com tr\u00eas homens mortos no bairro Novo Horizonte, em <a href=\"https:\/\/www.acordacidade.com.br\/tag\/camacari\/\">Cama\u00e7ari<\/a>, Regi\u00e3o Metropolitana de Salvador. De acordo com a <a href=\"https:\/\/www.acordacidade.com.br\/tag\/policia-civil\/\">Pol\u00edcia Civil<\/a>, a equipe realizava patrulhamento na regi\u00e3o quando foi surpreendida por disparos feitos por homens armados. Houve revide e, durante o confronto, os tr\u00eas suspeitos foram baleados.<\/p>\n<p>Segundo o Portal g1, os feridos foram socorridos e levados ao Hospital Geral de Cama\u00e7ari, mas n\u00e3o resistiram aos ferimentos. Dois dos homens foram identificados como Yuri Leonardo Oliveira D\u00f3rea da Silva, de 25 anos, e Gabriel Maia Lima das Neves, de 24. O terceiro n\u00e3o portava documentos e segue sem identifica\u00e7\u00e3o.<\/p>\n<p>Na a\u00e7\u00e3o, os policiais apreenderam duas pistolas, um rev\u00f3lver e diversas muni\u00e7\u00f5es. O caso foi registrado na 18\u00aa Delegacia Territorial (DT) de Cama\u00e7ari, que seguir\u00e1 com as investiga\u00e7\u00f5es sobre o ocorrido.<\/p>\n<p><em>Siga o Acorda Cidade no<\/em><a href=\"https:\/\/news.google.com\/search?q=acorda%20cidade&amp;hl=pt-BR&amp;gl=BR&amp;ceid=BR%3Apt-419\"><strong><em>\u00a0Google Not\u00edcias<\/em><\/strong><\/a><em>\u00a0e receba os principais destaques do dia. Participe tamb\u00e9m dos nossos canais no\u00a0<\/em><a href=\"https:\/\/www.whatsapp.com\/channel\/0029Va6Rb4v3WHTNnsh8WI3N\"><strong><em>WhatsApp<\/em><\/strong><\/a><em>\u00a0e\u00a0<\/em><a href=\"https:\/\/www.youtube.com\/@acordacidadenoticias\/videos\"><strong>Youtube<\/strong><\/a><em>\u00a0e grupo de\u00a0<\/em><a href=\"https:\/\/t.me\/+sSz0khrgARA0ZmRh\"><strong><em>Telegram<\/em><\/strong><\/a><em>.<\/em><\/p>\n<\/div>\n","protected":false},"excerpt":{"rendered":"<div>\n<div>\n<figure><img decoding=\"async\" src=\"https:\/\/uploads.acordacidade.com.br\/2025\/05\/Btp9nYGF-Delegacia-de-Camacari-.webp\" alt=\"Caso foi registrado na 18\u00aa Delegacia Territorial de Cama\u00e7ari \u2014 Foto: U\u00e9diton Teixeira\/g1 Tr\u00eas homens morreram ap\u00f3s uma\"><figcaption>Caso foi registrado na 18\u00aa Delegacia Territorial de Cama\u00e7ari \u2014 Foto: U\u00e9diton Teixeira\/g1<\/figcaption><\/figure>\n<\/div>\n<p>Os feridos foram socorridos e levados ao Hospital Geral de Cama\u00e7ari, mas n\u00e3o resistiram aos ferimentos. Dois j\u00e1 foram identificados.<\/p><\/div>\n","protected":false},"author":1,"featured_media":87352,"comment_status":"closed","ping_status":"closed","sticky":false,"template":"","format":"gallery","meta":{"footnotes":""},"categories":[8,9,6,57,56,10],"tags":[],"class_list":["post-87351","post","type-post","status-publish","format-gallery","has-post-thumbnail","hentry","category-bahia","category-brasil","category-feira-de-santana","category-mundo","category-policia","category-politica","post_format-post-format-gallery"],"featured_image_urls":{"full":["https:\/\/noticiasbahia360.com.br\/wp-content\/uploads\/2025\/05\/Btp9nYGF-Delegacia-de-Camacari-.webp",1200,674,false],"thumbnail":["https:\/\/noticiasbahia360.com.br\/wp-content\/uploads\/2025\/05\/Btp9nYGF-Delegacia-de-Camacari--150x150.webp",150,150,true],"medium":["https:\/\/noticiasbahia360.com.br\/wp-content\/uploads\/2025\/05\/Btp9nYGF-Delegacia-de-Camacari--300x169.webp",300,169,true],"medium_large":["https:\/\/noticiasbahia360.com.br\/wp-content\/uploads\/2025\/05\/Btp9nYGF-Delegacia-de-Camacari--768x431.webp",640,359,true],"large":["https:\/\/noticiasbahia360.com.br\/wp-content\/uploads\/2025\/05\/Btp9nYGF-Delegacia-de-Camacari--1024x575.webp",640,359,true],"1536x1536":["https:\/\/noticiasbahia360.com.br\/wp-content\/uploads\/2025\/05\/Btp9nYGF-Delegacia-de-Camacari-.webp",1200,674,false],"2048x2048":["https:\/\/noticiasbahia360.com.br\/wp-content\/uploads\/2025\/05\/Btp9nYGF-Delegacia-de-Camacari-.webp",1200,674,false],"chromenews-featured":["https:\/\/noticiasbahia360.com.br\/wp-content\/uploads\/2025\/05\/Btp9nYGF-Delegacia-de-Camacari--1024x575.webp",1024,575,true],"chromenews-large":["https:\/\/noticiasbahia360.com.br\/wp-content\/uploads\/2025\/05\/Btp9nYGF-Delegacia-de-Camacari--825x575.webp",825,575,true],"chromenews-medium":["https:\/\/noticiasbahia360.com.br\/wp-content\/uploads\/2025\/05\/Btp9nYGF-Delegacia-de-Camacari--590x410.webp",590,410,true]},"author_info":{"display_name":"noticiasbahia360.com.br","author_link":"https:\/\/noticiasbahia360.com.br\/?author=1"},"category_info":"<a href=\"https:\/\/noticiasbahia360.com.br\/?cat=8\" rel=\"category\">Bahia<\/a> <a href=\"https:\/\/noticiasbahia360.com.br\/?cat=9\" rel=\"category\">Brasil<\/a> <a href=\"https:\/\/noticiasbahia360.com.br\/?cat=6\" rel=\"category\">Feira de Santana<\/a> <a href=\"https:\/\/noticiasbahia360.com.br\/?cat=57\" rel=\"category\">Mundo<\/a> <a href=\"https:\/\/noticiasbahia360.com.br\/?cat=56\" rel=\"category\">Pol\u00edcia<\/a> <a href=\"https:\/\/noticiasbahia360.com.br\/?cat=10\" rel=\"category\">Pol\u00edtica<\/a>","tag_info":"Pol\u00edtica","comment_count":"0","_links":{"self":[{"href":"https:\/\/noticiasbahia360.com.br\/index.php?rest_route=\/wp\/v2\/posts\/87351","targetHints":{"allow":["GET"]}}],"collection":[{"href":"https:\/\/noticiasbahia360.com.br\/index.php?rest_route=\/wp\/v2\/posts"}],"about":[{"href":"https:\/\/noticiasbahia360.com.br\/index.php?rest_route=\/wp\/v2\/types\/post"}],"author":[{"embeddable":true,"href":"https:\/\/noticiasbahia360.com.br\/index.php?rest_route=\/wp\/v2\/users\/1"}],"replies":[{"embeddable":true,"href":"https:\/\/noticiasbahia360.com.br\/index.php?rest_route=%2Fwp%2Fv2%2Fcomments&post=87351"}],"version-history":[{"count":0,"href":"https:\/\/noticiasbahia360.com.br\/index.php?rest_route=\/wp\/v2\/posts\/87351\/revisions"}],"wp:featuredmedia":[{"embeddable":true,"href":"https:\/\/noticiasbahia360.com.br\/index.php?rest_route=\/wp\/v2\/media\/87352"}],"wp:attachment":[{"href":"https:\/\/noticiasbahia360.com.br\/index.php?rest_route=%2Fwp%2Fv2%2Fmedia&parent=87351"}],"wp:term":[{"taxonomy":"category","embeddable":true,"href":"https:\/\/noticiasbahia360.com.br\/index.php?rest_route=%2Fwp%2Fv2%2Fcategories&post=87351"},{"taxonomy":"post_tag","embeddable":true,"href":"https:\/\/noticiasbahia360.com.br\/index.php?rest_route=%2Fwp%2Fv2%2Ftags&post=87351"}],"curies":[{"name":"wp","href":"https:\/\/api.w.org\/{rel}","templated":true}]}}