{"id":87355,"date":"2025-05-24T14:07:34","date_gmt":"2025-05-24T17:07:34","guid":{"rendered":"https:\/\/noticiasbahia360.com.br\/?p=87355"},"modified":"2025-05-24T14:07:34","modified_gmt":"2025-05-24T17:07:34","slug":"exonerada-da-deam-clecia-vasconcelos-deve-assumir-dai-em-feira-de-santana-decisao-gera-revolta","status":"publish","type":"post","link":"https:\/\/noticiasbahia360.com.br\/?p=87355","title":{"rendered":"Exonerada da Deam, Cl\u00e9cia Vasconcelos deve assumir DAI em Feira de Santana; decis\u00e3o gera revolta"},"content":{"rendered":"<div>\n<div>\n<figure><img decoding=\"async\" src=\"http:\/\/noticiasbahia360.com.br\/wp-content\/uploads\/2025\/05\/Clecia-Vasconcelos-da-DEAM_-Foto-Aldo-Matos-Acorda-Cidade.jpg\" alt=\"Cl\u00e9cia Vasconcelos da Deam_\"><figcaption>Foto: Aldo Matos\/Acorda Cidade<\/figcaption><\/figure>\n<\/div>\n<p>A delegada Maria Cl\u00e9cia Vasconcelos de Morais Firmino Costa, at\u00e9 ent\u00e3o titular da Delegacia Especializada de Atendimento \u00e0 Mulher (Deam) de Feira de Santana, foi exonerada do cargo, conforme publica\u00e7\u00e3o no Di\u00e1rio Oficial do Estado da Bahia, neste s\u00e1bado (24). A mesma publica\u00e7\u00e3o tamb\u00e9m traz a exonera\u00e7\u00e3o da delegada Danielle Lima Matias dos Santos, que ocupava o posto de titular na Delegacia para o Adolescente Infrator (DAI).<\/p>\n<p>De acordo com o documento, ap\u00f3s a exonera\u00e7\u00e3o, Cl\u00e9cia Vasconcelos dever\u00e1 assumir justamente o cargo deixado por Danielle, passando a responder pela DAI. A decis\u00e3o gerou revolta entre movimentos de mulheres da cidade, que rapidamente come\u00e7aram a se mobilizar para pressionar a favor da perman\u00eancia da delegada na Deam.<\/p>\n<p>No \u00faltimo dia 15 de maio, <a href=\"https:\/\/www.acordacidade.com.br\/policia\/uniao-brasileira-de-mulheres-emite-nota-em-apoio-a-delegada-clecia-vasconcelos\/\" target=\"_blank\" rel=\"noreferrer noopener\">a Uni\u00e3o Brasileira de Mulheres (UBM) j\u00e1 havia divulgado uma nota p\u00fablica contr\u00e1ria \u00e0 possibilidade de sua sa\u00edda da Delegacia da Mulher<\/a>, refor\u00e7ando a import\u00e2ncia de sua atua\u00e7\u00e3o \u00e0 frente da unidade, considerada refer\u00eancia no acolhimento e combate \u00e0 viol\u00eancia contra mulheres no munic\u00edpio.<\/p>\n<p>Ap\u00f3s a publica\u00e7\u00e3o no Di\u00e1rio Oficial, mulheres da cidade j\u00e1 est\u00e3o se mobilizando para ir \u00e0s ruas. Segundo Jassanan, integrante da comiss\u00e3o da Deam, a resposta ser\u00e1 urgente.<\/p>\n<p>\u201cA mulherada vai pra rua. T\u00f4 chegando agora l\u00e1 de um evento itinerante. Ela n\u00e3o foi, porque ela n\u00e3o t\u00e1 mais no cargo. Mas a gente, enquanto comiss\u00e3o, tinha que ir dar uma satisfa\u00e7\u00e3o pessoal. As mulheres l\u00e1 t\u00e3o revoltadas, vai tudo pra rua. Com apito, com cartaz, a gente vai fazer um reboli\u00e7o\u201d, afirmou em entrevista ao Acorda Cidade.<\/p>\n<p>At\u00e9 o momento, a Secretaria de Seguran\u00e7a P\u00fablica da Bahia (SSP-BA) n\u00e3o se pronunciou oficialmente sobre os motivos das exonera\u00e7\u00f5es e das mudan\u00e7as nas unidades especializadas do munic\u00edpio.<\/p>\n<p><strong>Leia tamb\u00e9m: <a href=\"https:\/\/www.acordacidade.com.br\/policia\/uniao-brasileira-de-mulheres-emite-nota-em-apoio-a-delegada-clecia-vasconcelos\/\" target=\"_blank\" rel=\"noreferrer noopener\">Uni\u00e3o Brasileira de Mulheres \u00e9 contra a sa\u00edda da delegada Cl\u00e9cia Vasconcelos<\/a><\/strong><\/p>\n<p><em>Siga o Acorda Cidade no<\/em><a href=\"https:\/\/news.google.com\/search?q=acorda%20cidade&amp;hl=pt-BR&amp;gl=BR&amp;ceid=BR%3Apt-419\"><strong><em>\u00a0Google Not\u00edcias<\/em><\/strong><\/a><em>\u00a0e receba os principais destaques do dia. Participe tamb\u00e9m dos nossos canais no\u00a0<\/em><a href=\"https:\/\/www.whatsapp.com\/channel\/0029Va6Rb4v3WHTNnsh8WI3N\"><strong><em>WhatsApp<\/em><\/strong><\/a><em>\u00a0e\u00a0<\/em><a href=\"https:\/\/www.youtube.com\/@acordacidadenoticias\/videos\"><strong>Youtube<\/strong><\/a><em>\u00a0e grupo de\u00a0<\/em><a href=\"https:\/\/t.me\/+sSz0khrgARA0ZmRh\"><strong><em>Telegram<\/em><\/strong><\/a><em>.<\/em><\/p>\n<\/div>\n","protected":false},"excerpt":{"rendered":"<div>\n<div>\n<figure><img decoding=\"async\" src=\"https:\/\/uploads.acordacidade.com.br\/wp-content\/uploads\/2022\/10\/06130113\/Clecia-Vasconcelos-da-DEAM_-Foto-Aldo-Matos-Acorda-Cidade.jpg\" alt=\"Cl\u00e9cia Vasconcelos da Deam_\"><figcaption>Foto: Aldo Matos\/Acorda Cidade<\/figcaption><\/figure>\n<\/div>\n<p>A decis\u00e3o gerou revolta. Mulheres rapidamente come\u00e7aram a se mobilizar para pressionar a favor da perman\u00eancia da delegada na Deam.<\/p><\/div>\n","protected":false},"author":1,"featured_media":87356,"comment_status":"closed","ping_status":"closed","sticky":false,"template":"","format":"gallery","meta":{"footnotes":""},"categories":[8,9,6,57,56,10],"tags":[],"class_list":["post-87355","post","type-post","status-publish","format-gallery","has-post-thumbnail","hentry","category-bahia","category-brasil","category-feira-de-santana","category-mundo","category-policia","category-politica","post_format-post-format-gallery"],"featured_image_urls":{"full":["https:\/\/noticiasbahia360.com.br\/wp-content\/uploads\/2025\/05\/Clecia-Vasconcelos-da-DEAM_-Foto-Aldo-Matos-Acorda-Cidade.jpg",640,462,false],"thumbnail":["https:\/\/noticiasbahia360.com.br\/wp-content\/uploads\/2025\/05\/Clecia-Vasconcelos-da-DEAM_-Foto-Aldo-Matos-Acorda-Cidade-150x150.jpg",150,150,true],"medium":["https:\/\/noticiasbahia360.com.br\/wp-content\/uploads\/2025\/05\/Clecia-Vasconcelos-da-DEAM_-Foto-Aldo-Matos-Acorda-Cidade-300x217.jpg",300,217,true],"medium_large":["https:\/\/noticiasbahia360.com.br\/wp-content\/uploads\/2025\/05\/Clecia-Vasconcelos-da-DEAM_-Foto-Aldo-Matos-Acorda-Cidade.jpg",640,462,false],"large":["https:\/\/noticiasbahia360.com.br\/wp-content\/uploads\/2025\/05\/Clecia-Vasconcelos-da-DEAM_-Foto-Aldo-Matos-Acorda-Cidade.jpg",640,462,false],"1536x1536":["https:\/\/noticiasbahia360.com.br\/wp-content\/uploads\/2025\/05\/Clecia-Vasconcelos-da-DEAM_-Foto-Aldo-Matos-Acorda-Cidade.jpg",640,462,false],"2048x2048":["https:\/\/noticiasbahia360.com.br\/wp-content\/uploads\/2025\/05\/Clecia-Vasconcelos-da-DEAM_-Foto-Aldo-Matos-Acorda-Cidade.jpg",640,462,false],"chromenews-featured":["https:\/\/noticiasbahia360.com.br\/wp-content\/uploads\/2025\/05\/Clecia-Vasconcelos-da-DEAM_-Foto-Aldo-Matos-Acorda-Cidade.jpg",640,462,false],"chromenews-large":["https:\/\/noticiasbahia360.com.br\/wp-content\/uploads\/2025\/05\/Clecia-Vasconcelos-da-DEAM_-Foto-Aldo-Matos-Acorda-Cidade.jpg",640,462,false],"chromenews-medium":["https:\/\/noticiasbahia360.com.br\/wp-content\/uploads\/2025\/05\/Clecia-Vasconcelos-da-DEAM_-Foto-Aldo-Matos-Acorda-Cidade-590x410.jpg",590,410,true]},"author_info":{"display_name":"noticiasbahia360.com.br","author_link":"https:\/\/noticiasbahia360.com.br\/?author=1"},"category_info":"<a href=\"https:\/\/noticiasbahia360.com.br\/?cat=8\" rel=\"category\">Bahia<\/a> <a href=\"https:\/\/noticiasbahia360.com.br\/?cat=9\" rel=\"category\">Brasil<\/a> <a href=\"https:\/\/noticiasbahia360.com.br\/?cat=6\" rel=\"category\">Feira de Santana<\/a> <a href=\"https:\/\/noticiasbahia360.com.br\/?cat=57\" rel=\"category\">Mundo<\/a> <a href=\"https:\/\/noticiasbahia360.com.br\/?cat=56\" rel=\"category\">Pol\u00edcia<\/a> <a href=\"https:\/\/noticiasbahia360.com.br\/?cat=10\" rel=\"category\">Pol\u00edtica<\/a>","tag_info":"Pol\u00edtica","comment_count":"0","_links":{"self":[{"href":"https:\/\/noticiasbahia360.com.br\/index.php?rest_route=\/wp\/v2\/posts\/87355","targetHints":{"allow":["GET"]}}],"collection":[{"href":"https:\/\/noticiasbahia360.com.br\/index.php?rest_route=\/wp\/v2\/posts"}],"about":[{"href":"https:\/\/noticiasbahia360.com.br\/index.php?rest_route=\/wp\/v2\/types\/post"}],"author":[{"embeddable":true,"href":"https:\/\/noticiasbahia360.com.br\/index.php?rest_route=\/wp\/v2\/users\/1"}],"replies":[{"embeddable":true,"href":"https:\/\/noticiasbahia360.com.br\/index.php?rest_route=%2Fwp%2Fv2%2Fcomments&post=87355"}],"version-history":[{"count":0,"href":"https:\/\/noticiasbahia360.com.br\/index.php?rest_route=\/wp\/v2\/posts\/87355\/revisions"}],"wp:featuredmedia":[{"embeddable":true,"href":"https:\/\/noticiasbahia360.com.br\/index.php?rest_route=\/wp\/v2\/media\/87356"}],"wp:attachment":[{"href":"https:\/\/noticiasbahia360.com.br\/index.php?rest_route=%2Fwp%2Fv2%2Fmedia&parent=87355"}],"wp:term":[{"taxonomy":"category","embeddable":true,"href":"https:\/\/noticiasbahia360.com.br\/index.php?rest_route=%2Fwp%2Fv2%2Fcategories&post=87355"},{"taxonomy":"post_tag","embeddable":true,"href":"https:\/\/noticiasbahia360.com.br\/index.php?rest_route=%2Fwp%2Fv2%2Ftags&post=87355"}],"curies":[{"name":"wp","href":"https:\/\/api.w.org\/{rel}","templated":true}]}}