{"id":87359,"date":"2025-05-24T15:44:47","date_gmt":"2025-05-24T18:44:47","guid":{"rendered":"https:\/\/noticiasbahia360.com.br\/?p=87359"},"modified":"2025-05-24T15:44:47","modified_gmt":"2025-05-24T18:44:47","slug":"delegados-sao-exonerados-de-cargos-em-feira-de-santana-para-assumir-novas-funcoes-confira","status":"publish","type":"post","link":"https:\/\/noticiasbahia360.com.br\/?p=87359","title":{"rendered":"Delegados s\u00e3o exonerados de cargos em Feira de Santana para assumir novas fun\u00e7\u00f5es; confira"},"content":{"rendered":"<div>\n<div>\n<figure><img decoding=\"async\" src=\"http:\/\/noticiasbahia360.com.br\/wp-content\/uploads\/2025\/05\/bHg10CcE-Policia-Civil-em-Feira-de-Santana-Complexo-de-delegacias-ft-ed-santos-acorda-cidade1.webp\" alt=\"Pol\u00edcia Civil em Feira de Santana - Complexo de delegacias - delegados\"><figcaption>Foto: Ed Santos\/Acorda Cidade<\/figcaption><\/figure>\n<\/div>\n<p>O <a href=\"https:\/\/www.acordacidade.com.br\/tag\/diario-oficial\/\">Di\u00e1rio Oficial do Estado da Bahia<\/a> publicou, neste s\u00e1bado (24), a exonera\u00e7\u00e3o e nomea\u00e7\u00e3o de v\u00e1rios delegados que atuavam em unidades da Pol\u00edcia Civil em Feira de Santana. As mudan\u00e7as fazem parte de uma reestrutura\u00e7\u00e3o interna da corpora\u00e7\u00e3o, promovida pela Secretaria de Seguran\u00e7a P\u00fablica da Bahia (SSP-BA).<\/p>\n<h2 class=\"wp-block-heading\" id=\"h-com-as-mudancas\">Com as mudan\u00e7as:<\/h2>\n<p><strong>Maria <a href=\"https:\/\/www.acordacidade.com.br\/policia\/exonerada-da-deam-clecia-vasconcelos-vai-assumir-dai-em-feira-de-santana-decisao-gera-revolta\/\" target=\"_blank\" rel=\"noreferrer noopener\">Cl\u00e9cia Vasconcelos<\/a> de Morais Firmino Costa<\/strong>, que estava na Delegacia Especial de Atendimento \u00e0 Mulher (Deam), deixa o cargo e assume a Delegacia para o Adolescente Infrator (DAI).<\/p>\n<p><strong><strong>Luana Lorena Costa Almeida<\/strong><\/strong>, que estava na 2\u00aa Delegacia Territorial, assume agora a titularidade da <strong>Delegacia Especial de Atendimento \u00e0 Mulher (Deam)<\/strong>, no lugar de Cl\u00e9cia Vasconcelos.<\/p>\n<p><strong>Danielle Lima Matias dos Santos<\/strong>, que atuava na DAI, assume a titularidade da 2\u00aa Delegacia Territorial (DT) de Feira de Santana.<\/p>\n<p><strong>Matheus Souza Lima<\/strong>, que era titular da 1\u00aa Delegacia Territorial (DT), agora passa a comandar a Delegacia de Furtos e Roubos de Cargas em Rodovias (Decarga).<\/p>\n<p><strong>Jo\u00e3o Rodrigo de Souza Uzzum<\/strong>, que era delegado adjunto da 1\u00aa DT, assume a titularidade da mesma unidade, antes ocupada por Matheus Souza Lima, e que estava sob a gest\u00e3o da delegada Thiara Martins, transferida para Salvador.<\/p>\n<p><strong>Deivid Lopes de Oliveira<\/strong>, exonerado da Delegacia de T\u00f3xicos e Entorpecentes (DTE) de Feira, vai integrar a equipe da Ficco (For\u00e7a Integrada de Combate ao Crime Organizado), de Ilh\u00e9us.<\/p>\n<p><strong>Rodolfo Figueiredo de Faro Barros<\/strong>, deixa a Delegacia de Furtos e Roubos de Cargas em Rodovias (Decarga) e passa a ser <strong>delegado adjunto da Delegacia de Homic\u00eddios (DH)<\/strong>.<\/p>\n<p><strong><strong>Andr\u00e9 Luis Gomes Ribeiro<\/strong><\/strong>, que deixa a Delegacia de Repress\u00e3o a Furtos e Roubos (DRFR) de Feira, tem previs\u00e3o de assumir fun\u00e7\u00e3o na Delegacia de Furtos e Roubos de Ve\u00edculos (DRFRV), em Salvador.<\/p>\n<p><strong>Jos\u00e9 Marcos Lima Rios<\/strong>, que atuava na Delegacia de Santo Est\u00eav\u00e3o, agora assume a Delegacia de Repress\u00e3o a Furtos e Roubos (DRFR) em Feira de Santana.<\/p>\n<p><strong>Leia tamb\u00e9m: <a href=\"https:\/\/www.acordacidade.com.br\/policia\/exonerada-da-deam-clecia-vasconcelos-vai-assumir-dai-em-feira-de-santana-decisao-gera-revolta\/\" target=\"_blank\" rel=\"noreferrer noopener\">Exonerada da Deam, Cl\u00e9cia Vasconcelos vai assumir DAI em Feira de Santana<\/a><\/strong><\/p>\n<p><em>Siga o Acorda Cidade no<\/em><a href=\"https:\/\/news.google.com\/search?q=acorda%20cidade&amp;hl=pt-BR&amp;gl=BR&amp;ceid=BR%3Apt-419\"><strong><em>\u00a0Google Not\u00edcias<\/em><\/strong><\/a><em>\u00a0e receba os principais destaques do dia. Participe tamb\u00e9m dos nossos canais no\u00a0<\/em><a href=\"https:\/\/www.whatsapp.com\/channel\/0029Va6Rb4v3WHTNnsh8WI3N\"><strong><em>WhatsApp<\/em><\/strong><\/a><em>\u00a0e\u00a0<\/em><a href=\"https:\/\/www.youtube.com\/@acordacidadenoticias\/videos\"><strong>Youtube<\/strong><\/a><em>\u00a0e grupo de\u00a0<\/em><a href=\"https:\/\/t.me\/+sSz0khrgARA0ZmRh\"><strong><em>Telegram<\/em><\/strong><\/a><em>.<\/em><\/p>\n<\/div>\n","protected":false},"excerpt":{"rendered":"<div>\n<div>\n<figure><img decoding=\"async\" src=\"https:\/\/uploads.acordacidade.com.br\/2025\/05\/bHg10CcE-Policia-Civil-em-Feira-de-Santana-Complexo-de-delegacias-ft-ed-santos-acorda-cidade1.webp\" alt=\"Pol\u00edcia Civil em Feira de Santana - Complexo de delegacias - delegados\"><figcaption>Foto: Ed Santos\/Acorda Cidade<\/figcaption><\/figure>\n<\/div>\n<p>As mudan\u00e7as fazem parte de uma reestrutura\u00e7\u00e3o interna da corpora\u00e7\u00e3o, promovida pela Secretaria de Seguran\u00e7a P\u00fablica da Bahia (SSP-BA).<\/p><\/div>\n","protected":false},"author":1,"featured_media":87360,"comment_status":"closed","ping_status":"closed","sticky":false,"template":"","format":"gallery","meta":{"footnotes":""},"categories":[8,9,6,57,56,10],"tags":[],"class_list":["post-87359","post","type-post","status-publish","format-gallery","has-post-thumbnail","hentry","category-bahia","category-brasil","category-feira-de-santana","category-mundo","category-policia","category-politica","post_format-post-format-gallery"],"featured_image_urls":{"full":["https:\/\/noticiasbahia360.com.br\/wp-content\/uploads\/2025\/05\/bHg10CcE-Policia-Civil-em-Feira-de-Santana-Complexo-de-delegacias-ft-ed-santos-acorda-cidade1.webp",1200,792,false],"thumbnail":["https:\/\/noticiasbahia360.com.br\/wp-content\/uploads\/2025\/05\/bHg10CcE-Policia-Civil-em-Feira-de-Santana-Complexo-de-delegacias-ft-ed-santos-acorda-cidade1-150x150.webp",150,150,true],"medium":["https:\/\/noticiasbahia360.com.br\/wp-content\/uploads\/2025\/05\/bHg10CcE-Policia-Civil-em-Feira-de-Santana-Complexo-de-delegacias-ft-ed-santos-acorda-cidade1-300x198.webp",300,198,true],"medium_large":["https:\/\/noticiasbahia360.com.br\/wp-content\/uploads\/2025\/05\/bHg10CcE-Policia-Civil-em-Feira-de-Santana-Complexo-de-delegacias-ft-ed-santos-acorda-cidade1-768x507.webp",640,423,true],"large":["https:\/\/noticiasbahia360.com.br\/wp-content\/uploads\/2025\/05\/bHg10CcE-Policia-Civil-em-Feira-de-Santana-Complexo-de-delegacias-ft-ed-santos-acorda-cidade1-1024x676.webp",640,423,true],"1536x1536":["https:\/\/noticiasbahia360.com.br\/wp-content\/uploads\/2025\/05\/bHg10CcE-Policia-Civil-em-Feira-de-Santana-Complexo-de-delegacias-ft-ed-santos-acorda-cidade1.webp",1200,792,false],"2048x2048":["https:\/\/noticiasbahia360.com.br\/wp-content\/uploads\/2025\/05\/bHg10CcE-Policia-Civil-em-Feira-de-Santana-Complexo-de-delegacias-ft-ed-santos-acorda-cidade1.webp",1200,792,false],"chromenews-featured":["https:\/\/noticiasbahia360.com.br\/wp-content\/uploads\/2025\/05\/bHg10CcE-Policia-Civil-em-Feira-de-Santana-Complexo-de-delegacias-ft-ed-santos-acorda-cidade1-1024x676.webp",1024,676,true],"chromenews-large":["https:\/\/noticiasbahia360.com.br\/wp-content\/uploads\/2025\/05\/bHg10CcE-Policia-Civil-em-Feira-de-Santana-Complexo-de-delegacias-ft-ed-santos-acorda-cidade1-825x575.webp",825,575,true],"chromenews-medium":["https:\/\/noticiasbahia360.com.br\/wp-content\/uploads\/2025\/05\/bHg10CcE-Policia-Civil-em-Feira-de-Santana-Complexo-de-delegacias-ft-ed-santos-acorda-cidade1-590x410.webp",590,410,true]},"author_info":{"display_name":"noticiasbahia360.com.br","author_link":"https:\/\/noticiasbahia360.com.br\/?author=1"},"category_info":"<a href=\"https:\/\/noticiasbahia360.com.br\/?cat=8\" rel=\"category\">Bahia<\/a> <a href=\"https:\/\/noticiasbahia360.com.br\/?cat=9\" rel=\"category\">Brasil<\/a> <a href=\"https:\/\/noticiasbahia360.com.br\/?cat=6\" rel=\"category\">Feira de Santana<\/a> <a href=\"https:\/\/noticiasbahia360.com.br\/?cat=57\" rel=\"category\">Mundo<\/a> <a href=\"https:\/\/noticiasbahia360.com.br\/?cat=56\" rel=\"category\">Pol\u00edcia<\/a> <a href=\"https:\/\/noticiasbahia360.com.br\/?cat=10\" rel=\"category\">Pol\u00edtica<\/a>","tag_info":"Pol\u00edtica","comment_count":"0","_links":{"self":[{"href":"https:\/\/noticiasbahia360.com.br\/index.php?rest_route=\/wp\/v2\/posts\/87359","targetHints":{"allow":["GET"]}}],"collection":[{"href":"https:\/\/noticiasbahia360.com.br\/index.php?rest_route=\/wp\/v2\/posts"}],"about":[{"href":"https:\/\/noticiasbahia360.com.br\/index.php?rest_route=\/wp\/v2\/types\/post"}],"author":[{"embeddable":true,"href":"https:\/\/noticiasbahia360.com.br\/index.php?rest_route=\/wp\/v2\/users\/1"}],"replies":[{"embeddable":true,"href":"https:\/\/noticiasbahia360.com.br\/index.php?rest_route=%2Fwp%2Fv2%2Fcomments&post=87359"}],"version-history":[{"count":0,"href":"https:\/\/noticiasbahia360.com.br\/index.php?rest_route=\/wp\/v2\/posts\/87359\/revisions"}],"wp:featuredmedia":[{"embeddable":true,"href":"https:\/\/noticiasbahia360.com.br\/index.php?rest_route=\/wp\/v2\/media\/87360"}],"wp:attachment":[{"href":"https:\/\/noticiasbahia360.com.br\/index.php?rest_route=%2Fwp%2Fv2%2Fmedia&parent=87359"}],"wp:term":[{"taxonomy":"category","embeddable":true,"href":"https:\/\/noticiasbahia360.com.br\/index.php?rest_route=%2Fwp%2Fv2%2Fcategories&post=87359"},{"taxonomy":"post_tag","embeddable":true,"href":"https:\/\/noticiasbahia360.com.br\/index.php?rest_route=%2Fwp%2Fv2%2Ftags&post=87359"}],"curies":[{"name":"wp","href":"https:\/\/api.w.org\/{rel}","templated":true}]}}