{"id":87363,"date":"2025-05-24T16:32:07","date_gmt":"2025-05-24T19:32:07","guid":{"rendered":"https:\/\/noticiasbahia360.com.br\/?p=87363"},"modified":"2025-05-24T16:32:07","modified_gmt":"2025-05-24T19:32:07","slug":"evento-x-reune-grandes-nomes-e-movimenta-o-mercado-imobiliario-em-feira-de-santana","status":"publish","type":"post","link":"https:\/\/noticiasbahia360.com.br\/?p=87363","title":{"rendered":"Evento X re\u00fane grandes nomes e movimenta o mercado imobili\u00e1rio em Feira de Santana"},"content":{"rendered":"<div>\n<div>\n<figure><img decoding=\"async\" src=\"http:\/\/noticiasbahia360.com.br\/wp-content\/uploads\/2025\/05\/G5jeqi05-Evento-X-FFt-ed-santos-acorda-cidade.webp\" alt=\"Evento X\"><\/figure>\n<\/div>\n<p>O mercado imobili\u00e1rio de Feira de Santana viveu, neste s\u00e1bado (24), um dia de imers\u00e3o, networking e muito aprendizado. A 2\u00aa edi\u00e7\u00e3o do Evento X, considerada a maior imers\u00e3o do setor na regi\u00e3o, reuniu profissionais, investidores e especialistas para discutir tend\u00eancias, inova\u00e7\u00f5es e estrat\u00e9gias para se destacar em um mercado cada vez mais competitivo.<\/p>\n<p>O encontro aconteceu no Cajueiro Conven\u00e7\u00f5es e contou com a presen\u00e7a de palestrantes de renome nacional e internacional, como Andr\u00e9 Duek, empres\u00e1rio e Top Producer no mercado imobili\u00e1rio americano (Miami); S\u00e9rgio Langer, especialista em marketing imobili\u00e1rio; Guilherme Wohlke, corretor e educador imobili\u00e1rio; e Gabriela Pereira, advogada especialista em direito imobili\u00e1rio e planejamento territorial.<\/p>\n<p>A abertura do evento foi realizada pelo prefeito de Feira, Jos\u00e9 Ronaldo, que destacou a import\u00e2ncia de iniciativas como essa para o fortalecimento da economia local e desenvolvimento profissional.<\/p>\n<figure class=\"wp-block-image size-large\"><img fetchpriority=\"high\" data-dominant-color=\"515e8b\" data-has-transparency=\"false\" style=\"--dominant-color: #515e8b;\" fetchpriority=\"high\" decoding=\"async\" width=\"1024\" height=\"622\" sizes=\"(max-width: 1024px) 100vw, 1024px\" src=\"http:\/\/noticiasbahia360.com.br\/wp-content\/uploads\/2025\/05\/dheD7HJC-Evento-X-Ft-ed-santos-acorda-cidade1-1024x622-1.webp\" alt=\"Jos\u00e9 Ronaldo\" class=\"wp-image-557507 not-transparent\" srcset=\"https:\/\/uploads.acordacidade.com.br\/2025\/05\/dheD7HJC-Evento-X-Ft-ed-santos-acorda-cidade1-300x182.webp 300w, http:\/\/noticiasbahia360.com.br\/wp-content\/uploads\/2025\/05\/dheD7HJC-Evento-X-Ft-ed-santos-acorda-cidade1-1024x622-1.webp 1024w, https:\/\/uploads.acordacidade.com.br\/2025\/05\/dheD7HJC-Evento-X-Ft-ed-santos-acorda-cidade1-768x467.webp 768w, https:\/\/uploads.acordacidade.com.br\/2025\/05\/dheD7HJC-Evento-X-Ft-ed-santos-acorda-cidade1-150x91.webp 150w, https:\/\/uploads.acordacidade.com.br\/2025\/05\/dheD7HJC-Evento-X-Ft-ed-santos-acorda-cidade1.webp 1200w\"><figcaption class=\"wp-element-caption\">Jos\u00e9 Ronaldo | Foto: Ed Santos\/Acorda Cidade<\/figcaption><\/figure>\n<p>\u201cTantas pessoas que t\u00eam a oportunidade de participar. J\u00e1 me encontrei com v\u00e1rias pessoas amigas, inclusive que trabalham comigo durante a semana, e que hoje tomei conhecimento que tamb\u00e9m trabalham nesse mercado, ent\u00e3o abra\u00e7o a voc\u00eas, que saiam daqui enriquecidos com novos conhecimentos para enfrentar esse mercado t\u00e3o forte e que exige tanto de todos n\u00f3s\u201d, disse o prefeito.<\/p>\n<p>Asc\u00e2nio Moreira, idealizador do Evento X e CEO da MF Construtora e MF Imobili\u00e1ria, com mais de quatro anos de experi\u00eancia no mercado, destacou ao Acorda Cidade, que a motiva\u00e7\u00e3o para criar o evento surgiu da necessidade real de mais qualifica\u00e7\u00e3o no mercado local.<\/p>\n<figure class=\"wp-block-image size-large\"><img data-dominant-color=\"767380\" data-has-transparency=\"false\" style=\"--dominant-color: #767380;\" decoding=\"async\" width=\"1024\" height=\"647\" sizes=\"(max-width: 1024px) 100vw, 1024px\" src=\"http:\/\/noticiasbahia360.com.br\/wp-content\/uploads\/2025\/05\/tQgEOdrx-Evento-X-Ft-ed-santos-acorda-cidade3-1024x647-1.webp\" alt=\"Asc\u00e2nio Moreira - administrador \" class=\"wp-image-557504 not-transparent\" srcset=\"https:\/\/uploads.acordacidade.com.br\/2025\/05\/tQgEOdrx-Evento-X-Ft-ed-santos-acorda-cidade3-300x190.webp 300w, http:\/\/noticiasbahia360.com.br\/wp-content\/uploads\/2025\/05\/tQgEOdrx-Evento-X-Ft-ed-santos-acorda-cidade3-1024x647-1.webp 1024w, https:\/\/uploads.acordacidade.com.br\/2025\/05\/tQgEOdrx-Evento-X-Ft-ed-santos-acorda-cidade3-768x485.webp 768w, https:\/\/uploads.acordacidade.com.br\/2025\/05\/tQgEOdrx-Evento-X-Ft-ed-santos-acorda-cidade3-150x95.webp 150w, https:\/\/uploads.acordacidade.com.br\/2025\/05\/tQgEOdrx-Evento-X-Ft-ed-santos-acorda-cidade3.webp 1200w\"><figcaption class=\"wp-element-caption\">Asc\u00e2nio Moreira | Foto: Ed Santos\/Acorda Cidade<\/figcaption><\/figure>\n<p>\u201cEu vejo e observo uma dist\u00e2ncia muito grande das pessoas com as empresas, com o setor p\u00fablico e privado aqui em Feira e, al\u00e9m de tudo, educacional. A longitude ou a falta de conhecimento que n\u00e3o tem na cidade ou no estado e a gente tem que buscar em outros estados. E isso \u00e9 que faz toda a diferen\u00e7a, que trouxe a Asc\u00e2nio e sua equipe, a realizar um evento dessa magnitude aqui na cidade\u201d, afirmou.<\/p>\n<p>Sobre os temas discutidos, Asc\u00e2nio detalhou que os participantes puderam aprender mais sobre <strong>leil\u00f5es de im\u00f3veis, marketing imobili\u00e1rio, arquitetura, design<\/strong> e, claro, sobre o <strong>segmento de alto padr\u00e3o e luxo<\/strong>, que ele \u00e9 especialista e \u00e9 um segmento que vem crescendo no pa\u00eds.<\/p>\n<figure class=\"wp-block-image size-large\"><img data-dominant-color=\"4e546e\" data-has-transparency=\"false\" style=\"--dominant-color: #4e546e;\" decoding=\"async\" width=\"1024\" height=\"690\" sizes=\"(max-width: 1024px) 100vw, 1024px\" src=\"http:\/\/noticiasbahia360.com.br\/wp-content\/uploads\/2025\/05\/B1YjTJL8-Evento-X-Ft-ed-santos-acorda-cidade-1024x690-1.webp\" alt=\"Evento X\" class=\"wp-image-557506 not-transparent\" srcset=\"https:\/\/uploads.acordacidade.com.br\/2025\/05\/B1YjTJL8-Evento-X-Ft-ed-santos-acorda-cidade-300x202.webp 300w, http:\/\/noticiasbahia360.com.br\/wp-content\/uploads\/2025\/05\/B1YjTJL8-Evento-X-Ft-ed-santos-acorda-cidade-1024x690-1.webp 1024w, https:\/\/uploads.acordacidade.com.br\/2025\/05\/B1YjTJL8-Evento-X-Ft-ed-santos-acorda-cidade-768x518.webp 768w, https:\/\/uploads.acordacidade.com.br\/2025\/05\/B1YjTJL8-Evento-X-Ft-ed-santos-acorda-cidade-150x101.webp 150w, https:\/\/uploads.acordacidade.com.br\/2025\/05\/B1YjTJL8-Evento-X-Ft-ed-santos-acorda-cidade.webp 1200w\"><figcaption class=\"wp-element-caption\">Foto: Ed Santos\/Acorda Cidade<\/figcaption><\/figure>\n<p>\u201cA import\u00e2ncia da capacita\u00e7\u00e3o \u00e9 que a \u00fanica riqueza que voc\u00ea deixa na vida, o \u00fanico legado \u00e9 o de conhecimento, que ningu\u00e9m pode te roubar, te tirar. Eu tenho certeza que todos esses profissionais, tanto palestrantes, colaboradores, participantes, sair\u00e3o daqui transformados, porque esse evento \u00e9 um divisor de \u00e1guas nas nossas vidas\u201d, concluiu.<\/p>\n<h2 class=\"wp-block-heading\" id=\"h-feira-de-santana-em-expansao-no-mercado-imobiliario\">Feira de Santana em expans\u00e3o no Mercado Imobili\u00e1rio <\/h2>\n<p>O corretor Fabiano Pizzani, que hoje atua de forma independente, tamb\u00e9m esteve presente e ressaltou como encontros como esse s\u00e3o fundamentais para quem deseja se manter competitivo no mercado.<\/p>\n<figure class=\"wp-block-image size-large\"><img data-dominant-color=\"8e9093\" data-has-transparency=\"false\" style=\"--dominant-color: #8e9093;\" decoding=\"async\" width=\"1024\" height=\"688\" sizes=\"(max-width: 1024px) 100vw, 1024px\" src=\"http:\/\/noticiasbahia360.com.br\/wp-content\/uploads\/2025\/05\/ywASLj3G-Evento-X-Ft-ed-santos-acorda-cidade6-1024x688-1.webp\" alt=\"Fabiano Pizzani - corretor \" class=\"wp-image-557501 not-transparent\" srcset=\"https:\/\/uploads.acordacidade.com.br\/2025\/05\/ywASLj3G-Evento-X-Ft-ed-santos-acorda-cidade6-300x202.webp 300w, http:\/\/noticiasbahia360.com.br\/wp-content\/uploads\/2025\/05\/ywASLj3G-Evento-X-Ft-ed-santos-acorda-cidade6-1024x688-1.webp 1024w, https:\/\/uploads.acordacidade.com.br\/2025\/05\/ywASLj3G-Evento-X-Ft-ed-santos-acorda-cidade6-768x516.webp 768w, https:\/\/uploads.acordacidade.com.br\/2025\/05\/ywASLj3G-Evento-X-Ft-ed-santos-acorda-cidade6-150x101.webp 150w, https:\/\/uploads.acordacidade.com.br\/2025\/05\/ywASLj3G-Evento-X-Ft-ed-santos-acorda-cidade6.webp 1200w\"><figcaption class=\"wp-element-caption\">Fabiano Pizzani | Foto: Ed Santos\/Acorda Cidade<\/figcaption><\/figure>\n<p>\u201c\u00c9 um evento que tem muito a agregar na nossa \u00e1rea imobili\u00e1ria, um network muito grande. Al\u00e9m disso, em um evento desse, al\u00e9m do aprendizado, a gente pode fazer grandes parcerias aqui e grandes neg\u00f3cios\u201d, destacou.<\/p>\n<p>Fabiano tamb\u00e9m chamou aten\u00e7\u00e3o para as dificuldades enfrentadas pelos profissionais, especialmente na burocracia dos processos. \u201cHoje a maior dificuldade \u00e9 o processo dos cart\u00f3rios, \u00e0s vezes muito atraso com documenta\u00e7\u00e3o. O cliente que compra quer receber o im\u00f3vel e quem vende quer receber o dinheiro\u201d.<\/p>\n<figure class=\"wp-block-image size-large\"><img loading=\"lazy\" data-dominant-color=\"457baa\" data-has-transparency=\"false\" style=\"--dominant-color: #457baa;\" decoding=\"async\" width=\"1024\" height=\"754\" sizes=\"(max-width: 1024px) 100vw, 1024px\" src=\"http:\/\/noticiasbahia360.com.br\/wp-content\/uploads\/2025\/05\/SROrbS5Z-Evento-X-Ft-ed-santos-acorda-cidade4-1024x754-1.webp\" alt=\"Evento X\" class=\"wp-image-557503 not-transparent\" srcset=\"https:\/\/uploads.acordacidade.com.br\/2025\/05\/SROrbS5Z-Evento-X-Ft-ed-santos-acorda-cidade4-300x221.webp 300w, http:\/\/noticiasbahia360.com.br\/wp-content\/uploads\/2025\/05\/SROrbS5Z-Evento-X-Ft-ed-santos-acorda-cidade4-1024x754-1.webp 1024w, https:\/\/uploads.acordacidade.com.br\/2025\/05\/SROrbS5Z-Evento-X-Ft-ed-santos-acorda-cidade4-768x566.webp 768w, https:\/\/uploads.acordacidade.com.br\/2025\/05\/SROrbS5Z-Evento-X-Ft-ed-santos-acorda-cidade4-150x111.webp 150w, https:\/\/uploads.acordacidade.com.br\/2025\/05\/SROrbS5Z-Evento-X-Ft-ed-santos-acorda-cidade4.webp 1200w\"><figcaption class=\"wp-element-caption\">Foto: Ed Santos\/Acorda Cidade<\/figcaption><\/figure>\n<p>Sobre as \u00e1reas em expans\u00e3o em Feira de Santana, ele n\u00e3o teve d\u00favidas em apontar o bairro SIM como um setor que tem um valor muito agregado de investimento, seguido do Papagaio e da Avenida Art\u00eamia Pires.<\/p>\n<p>\u201cO cliente investe, compra um im\u00f3vel e tem um ganho de capital a curto prazo. O metro quadrado hoje na Art\u00eamia \u00e9 bem maior do que o do Papagaio, que ainda n\u00e3o teve um investimento perante aos \u00f3rg\u00e3os municipais, estaduais e aos empres\u00e1rios tamb\u00e9m, devido ainda no bairro SIM ter uma grande demanda de \u00e1rea para crescer ainda\u201d, explicou.<\/p>\n<figure class=\"wp-block-image size-large\"><img loading=\"lazy\" data-dominant-color=\"467aab\" data-has-transparency=\"false\" style=\"--dominant-color: #467aab;\" decoding=\"async\" width=\"1024\" height=\"754\" sizes=\"(max-width: 1024px) 100vw, 1024px\" src=\"http:\/\/noticiasbahia360.com.br\/wp-content\/uploads\/2025\/05\/S5esEZq1-Evento-X-Ft-ed-santos-acorda-cidade5-1024x754-1.webp\" alt=\"Evento X\" class=\"wp-image-557502 not-transparent\" srcset=\"https:\/\/uploads.acordacidade.com.br\/2025\/05\/S5esEZq1-Evento-X-Ft-ed-santos-acorda-cidade5-300x221.webp 300w, http:\/\/noticiasbahia360.com.br\/wp-content\/uploads\/2025\/05\/S5esEZq1-Evento-X-Ft-ed-santos-acorda-cidade5-1024x754-1.webp 1024w, https:\/\/uploads.acordacidade.com.br\/2025\/05\/S5esEZq1-Evento-X-Ft-ed-santos-acorda-cidade5-768x566.webp 768w, https:\/\/uploads.acordacidade.com.br\/2025\/05\/S5esEZq1-Evento-X-Ft-ed-santos-acorda-cidade5-150x111.webp 150w, https:\/\/uploads.acordacidade.com.br\/2025\/05\/S5esEZq1-Evento-X-Ft-ed-santos-acorda-cidade5.webp 1200w\"><figcaption class=\"wp-element-caption\">Foto: Ed Santos\/Acorda Cidade<\/figcaption><\/figure>\n<p>Direto de Minas Gerais, Vin\u00edcius Costa, que administra mais de 11 mil im\u00f3veis de loca\u00e7\u00e3o e foi eleito uma das 100 pessoas mais influentes do mercado imobili\u00e1rio nacional, tamb\u00e9m participou do evento.<\/p>\n<p>Vin\u00edcius trouxe ao p\u00fablico uma reflex\u00e3o sobre o mercado de loca\u00e7\u00e3o, muitas vezes negligenciado. \u201cO corretor busca, foca em venda, s\u00f3 que tem um grande mercado a\u00ed que pode estar descoberto. Ent\u00e3o, eu vou tentar fazer eles atentarem a isso\u201d.<\/p>\n<figure class=\"wp-block-image size-large\"><img loading=\"lazy\" data-dominant-color=\"41688d\" data-has-transparency=\"false\" style=\"--dominant-color: #41688d;\" decoding=\"async\" width=\"1024\" height=\"647\" sizes=\"(max-width: 1024px) 100vw, 1024px\" src=\"http:\/\/noticiasbahia360.com.br\/wp-content\/uploads\/2025\/05\/kgoOC5wP-Evento-X-Ft-ed-santos-acorda-cidade2-1024x647-1.webp\" alt=\"Vin\u00edcius Costa - \" class=\"wp-image-557505 not-transparent\" srcset=\"https:\/\/uploads.acordacidade.com.br\/2025\/05\/kgoOC5wP-Evento-X-Ft-ed-santos-acorda-cidade2-300x190.webp 300w, http:\/\/noticiasbahia360.com.br\/wp-content\/uploads\/2025\/05\/kgoOC5wP-Evento-X-Ft-ed-santos-acorda-cidade2-1024x647-1.webp 1024w, https:\/\/uploads.acordacidade.com.br\/2025\/05\/kgoOC5wP-Evento-X-Ft-ed-santos-acorda-cidade2-768x485.webp 768w, https:\/\/uploads.acordacidade.com.br\/2025\/05\/kgoOC5wP-Evento-X-Ft-ed-santos-acorda-cidade2-150x95.webp 150w, https:\/\/uploads.acordacidade.com.br\/2025\/05\/kgoOC5wP-Evento-X-Ft-ed-santos-acorda-cidade2.webp 1200w\"><figcaption class=\"wp-element-caption\">Vin\u00edcius Costa | Foto: Ed Santos\/Acorda Cidade<\/figcaption><\/figure>\n<p>O administrador destacou a import\u00e2ncia de analisar constantemente o mercado para atrair bons investimentos. \u201cA gente pega muito oferta e demanda, isso \u00e9 o que manda no mercado. A oferta est\u00e1 alta, o pre\u00e7o diminui. A oferta est\u00e1 baixa, o pre\u00e7o aumenta\u201d.<\/p>\n<p>E, para quem quer fazer uma boa compra, ele deixou um alerta para que as pessoas se atentem ao corretor de im\u00f3veis, pe\u00e7a fundamental para realizar uma boa transa\u00e7\u00e3o. \u201cProcure um corretor credenciado, um corretor com Creci (Conselho Regional de Corretores de Im\u00f3veis), que tenha as especificidades para te mostrar um im\u00f3vel, te vender algo. Cuidado com an\u00fancios muito baratos, diferente do mercado. Isso pode ser um sinal de golpe\u201d, alertou em entrevista ao Acorda Cidade.<\/p>\n<figure class=\"wp-block-image size-large\"><img loading=\"lazy\" data-dominant-color=\"7d7d86\" data-has-transparency=\"false\" style=\"--dominant-color: #7d7d86;\" decoding=\"async\" width=\"1024\" height=\"622\" sizes=\"(max-width: 1024px) 100vw, 1024px\" src=\"http:\/\/noticiasbahia360.com.br\/wp-content\/uploads\/2025\/05\/FdVBbTM3-Evento-X-FFt-ed-santos-acorda-cidade1-1024x622-1.webp\" alt=\"Evento X\" class=\"wp-image-557508 not-transparent\" srcset=\"https:\/\/uploads.acordacidade.com.br\/2025\/05\/FdVBbTM3-Evento-X-FFt-ed-santos-acorda-cidade1-300x182.webp 300w, http:\/\/noticiasbahia360.com.br\/wp-content\/uploads\/2025\/05\/FdVBbTM3-Evento-X-FFt-ed-santos-acorda-cidade1-1024x622-1.webp 1024w, https:\/\/uploads.acordacidade.com.br\/2025\/05\/FdVBbTM3-Evento-X-FFt-ed-santos-acorda-cidade1-768x467.webp 768w, https:\/\/uploads.acordacidade.com.br\/2025\/05\/FdVBbTM3-Evento-X-FFt-ed-santos-acorda-cidade1-150x91.webp 150w, https:\/\/uploads.acordacidade.com.br\/2025\/05\/FdVBbTM3-Evento-X-FFt-ed-santos-acorda-cidade1.webp 1200w\"><figcaption class=\"wp-element-caption\">Foto: Ed Santos\/Acorda Cidade<\/figcaption><\/figure>\n<p>Segundo Vin\u00edcius, os participantes sa\u00edr\u00e3o do Evento X com uma vis\u00e3o ampliada sobre o setor, carregando conhecimentos que impactam diretamente na atua\u00e7\u00e3o profissional.<\/p>\n<p>\u201cV\u00e3o sair daqui com outra cabe\u00e7a. Al\u00e9m de mim, tem v\u00e1rias pessoas que eu conhe\u00e7o do mercado que est\u00e3o vindo pra c\u00e1 pra falar tamb\u00e9m. Tenho certeza que vai ser de grande valia. Esse encontro aqui hoje, o pessoal vai sair daqui energizado\u201d, acrescentou Vin\u00edcius Costa.<\/p>\n<p><em>Com informa\u00e7\u00f5es do rep\u00f3rter Ed Santos do Acorda Cidade<\/em><\/p>\n<p><em>Siga o Acorda Cidade no<\/em><a href=\"https:\/\/news.google.com\/search?q=acorda%20cidade&amp;hl=pt-BR&amp;gl=BR&amp;ceid=BR%3Apt-419\"><strong><em>\u00a0Google Not\u00edcias<\/em><\/strong><\/a><em>\u00a0e receba os principais destaques do dia. Participe tamb\u00e9m dos nossos canais no\u00a0<\/em><a href=\"https:\/\/www.whatsapp.com\/channel\/0029Va6Rb4v3WHTNnsh8WI3N\"><strong><em>WhatsApp<\/em><\/strong><\/a><em>\u00a0e\u00a0<\/em><a href=\"https:\/\/www.youtube.com\/@acordacidadenoticias\/videos\"><strong>Youtube<\/strong><\/a><em>\u00a0e grupo de\u00a0<\/em><a href=\"https:\/\/t.me\/+sSz0khrgARA0ZmRh\"><strong><em>Telegram<\/em><\/strong><\/a><em>.<\/em><\/p>\n<\/div>\n","protected":false},"excerpt":{"rendered":"<div>\n<div>\n<figure><img decoding=\"async\" src=\"https:\/\/uploads.acordacidade.com.br\/2025\/05\/G5jeqi05-Evento-X-FFt-ed-santos-acorda-cidade.webp\" alt=\"Evento X\"><\/figure>\n<\/div>\n<p>O idealizador do Evento X \u00e9 Asc\u00e2nio Moreira, CEO da MF Construtora e MF Imobili\u00e1ria, com mais de quatro anos de experi\u00eancia no mercado.<\/p><\/div>\n","protected":false},"author":1,"featured_media":87364,"comment_status":"closed","ping_status":"closed","sticky":false,"template":"","format":"gallery","meta":{"footnotes":""},"categories":[8,9,6,57,56,10],"tags":[],"class_list":["post-87363","post","type-post","status-publish","format-gallery","has-post-thumbnail","hentry","category-bahia","category-brasil","category-feira-de-santana","category-mundo","category-policia","category-politica","post_format-post-format-gallery"],"featured_image_urls":{"full":["https:\/\/noticiasbahia360.com.br\/wp-content\/uploads\/2025\/05\/G5jeqi05-Evento-X-FFt-ed-santos-acorda-cidade.webp",1200,729,false],"thumbnail":["https:\/\/noticiasbahia360.com.br\/wp-content\/uploads\/2025\/05\/G5jeqi05-Evento-X-FFt-ed-santos-acorda-cidade-150x150.webp",150,150,true],"medium":["https:\/\/noticiasbahia360.com.br\/wp-content\/uploads\/2025\/05\/G5jeqi05-Evento-X-FFt-ed-santos-acorda-cidade-300x182.webp",300,182,true],"medium_large":["https:\/\/noticiasbahia360.com.br\/wp-content\/uploads\/2025\/05\/G5jeqi05-Evento-X-FFt-ed-santos-acorda-cidade-768x467.webp",640,389,true],"large":["https:\/\/noticiasbahia360.com.br\/wp-content\/uploads\/2025\/05\/G5jeqi05-Evento-X-FFt-ed-santos-acorda-cidade-1024x622.webp",640,389,true],"1536x1536":["https:\/\/noticiasbahia360.com.br\/wp-content\/uploads\/2025\/05\/G5jeqi05-Evento-X-FFt-ed-santos-acorda-cidade.webp",1200,729,false],"2048x2048":["https:\/\/noticiasbahia360.com.br\/wp-content\/uploads\/2025\/05\/G5jeqi05-Evento-X-FFt-ed-santos-acorda-cidade.webp",1200,729,false],"chromenews-featured":["https:\/\/noticiasbahia360.com.br\/wp-content\/uploads\/2025\/05\/G5jeqi05-Evento-X-FFt-ed-santos-acorda-cidade-1024x622.webp",1024,622,true],"chromenews-large":["https:\/\/noticiasbahia360.com.br\/wp-content\/uploads\/2025\/05\/G5jeqi05-Evento-X-FFt-ed-santos-acorda-cidade-825x575.webp",825,575,true],"chromenews-medium":["https:\/\/noticiasbahia360.com.br\/wp-content\/uploads\/2025\/05\/G5jeqi05-Evento-X-FFt-ed-santos-acorda-cidade-590x410.webp",590,410,true]},"author_info":{"display_name":"noticiasbahia360.com.br","author_link":"https:\/\/noticiasbahia360.com.br\/?author=1"},"category_info":"<a href=\"https:\/\/noticiasbahia360.com.br\/?cat=8\" rel=\"category\">Bahia<\/a> <a href=\"https:\/\/noticiasbahia360.com.br\/?cat=9\" rel=\"category\">Brasil<\/a> <a href=\"https:\/\/noticiasbahia360.com.br\/?cat=6\" rel=\"category\">Feira de Santana<\/a> <a href=\"https:\/\/noticiasbahia360.com.br\/?cat=57\" rel=\"category\">Mundo<\/a> <a href=\"https:\/\/noticiasbahia360.com.br\/?cat=56\" rel=\"category\">Pol\u00edcia<\/a> <a href=\"https:\/\/noticiasbahia360.com.br\/?cat=10\" rel=\"category\">Pol\u00edtica<\/a>","tag_info":"Pol\u00edtica","comment_count":"0","_links":{"self":[{"href":"https:\/\/noticiasbahia360.com.br\/index.php?rest_route=\/wp\/v2\/posts\/87363","targetHints":{"allow":["GET"]}}],"collection":[{"href":"https:\/\/noticiasbahia360.com.br\/index.php?rest_route=\/wp\/v2\/posts"}],"about":[{"href":"https:\/\/noticiasbahia360.com.br\/index.php?rest_route=\/wp\/v2\/types\/post"}],"author":[{"embeddable":true,"href":"https:\/\/noticiasbahia360.com.br\/index.php?rest_route=\/wp\/v2\/users\/1"}],"replies":[{"embeddable":true,"href":"https:\/\/noticiasbahia360.com.br\/index.php?rest_route=%2Fwp%2Fv2%2Fcomments&post=87363"}],"version-history":[{"count":0,"href":"https:\/\/noticiasbahia360.com.br\/index.php?rest_route=\/wp\/v2\/posts\/87363\/revisions"}],"wp:featuredmedia":[{"embeddable":true,"href":"https:\/\/noticiasbahia360.com.br\/index.php?rest_route=\/wp\/v2\/media\/87364"}],"wp:attachment":[{"href":"https:\/\/noticiasbahia360.com.br\/index.php?rest_route=%2Fwp%2Fv2%2Fmedia&parent=87363"}],"wp:term":[{"taxonomy":"category","embeddable":true,"href":"https:\/\/noticiasbahia360.com.br\/index.php?rest_route=%2Fwp%2Fv2%2Fcategories&post=87363"},{"taxonomy":"post_tag","embeddable":true,"href":"https:\/\/noticiasbahia360.com.br\/index.php?rest_route=%2Fwp%2Fv2%2Ftags&post=87363"}],"curies":[{"name":"wp","href":"https:\/\/api.w.org\/{rel}","templated":true}]}}