{"id":87373,"date":"2025-05-24T16:41:55","date_gmt":"2025-05-24T19:41:55","guid":{"rendered":"https:\/\/noticiasbahia360.com.br\/?p=87373"},"modified":"2025-05-24T16:41:55","modified_gmt":"2025-05-24T19:41:55","slug":"homem-integro-serio-e-comprometido-diz-acm-neto-ao-lamentar-a-morte-de-luiz-de-deus","status":"publish","type":"post","link":"https:\/\/noticiasbahia360.com.br\/?p=87373","title":{"rendered":"\u2018Homem \u00edntegro, s\u00e9rio e comprometido\u2019, diz ACM Neto ao lamentar a morte de Luiz de Deus"},"content":{"rendered":"<div>\n<div>\n<figure><img decoding=\"async\" src=\"http:\/\/noticiasbahia360.com.br\/wp-content\/uploads\/2025\/05\/SvPQjMxH-ACM-Neto.webp\" alt=\"ACM Neto - lamenta morte de Luiz de Deus\"><figcaption>Foto: Ascom\/ACM Neto <\/figcaption><\/figure>\n<\/div>\n<p>O ex-prefeito de Salvador e vice-presidente nacional do Uni\u00e3o Brasil, <a href=\"https:\/\/www.acordacidade.com.br\/tag\/acm-neto\/\">ACM Neto<\/a>, lamentou, com profundo pesar, a morte do ex-prefeito de Paulo Afonso e ex-deputado federal <a href=\"https:\/\/www.acordacidade.com.br\/dilton-e-feito\/luiz-de-deus-ex-prefeito-de-paulo-afonso-morre-aos-86-anos\/\" target=\"_blank\" rel=\"noreferrer noopener\">Luiz de Deus<\/a>, ocorrida na sexta-feira (23), aos 86 anos.<\/p>\n<p>\u201cTive a honra de conviver com ele e guardo com muito respeito a lembran\u00e7a de quando, em 2013, ele assumiu meu lugar na C\u00e2mara dos Deputados. Luiz foi um homem \u00edntegro, s\u00e9rio e comprometido, que dedicou sua vida a servir ao povo de Paulo Afonso e do nosso estado\u201d, disse Neto, em nota de pesar.<\/p>\n<p>Luiz de Deus estava internado h\u00e1 cerca de 10 dias na UTI do Hospital N\u00facleo Vida, no bairro BTN, enfrentando um quadro de sa\u00fade extremamente delicado, que se agravou nos \u00faltimos anos. <\/p>\n<p>Em 2023, ao se licenciar da Prefeitura, um laudo m\u00e9dico j\u00e1 apontava uma s\u00e9rie de problemas, como hipertens\u00e3o, diabetes, decl\u00ednio cognitivo, tremores, epis\u00f3dios de queda e disautonomia. Uma disfun\u00e7\u00e3o no sistema nervoso aut\u00f4nomo.<\/p>\n<p>\u201cMe solidarizo com seus familiares, amigos e toda a popula\u00e7\u00e3o. Que Deus conforte a todos neste momento de dor\u201d, finalizou ACM Neto.<\/p>\n<p><strong>Leia tamb\u00e9m: <a href=\"https:\/\/www.acordacidade.com.br\/dilton-e-feito\/luiz-de-deus-ex-prefeito-de-paulo-afonso-morre-aos-86-anos\/\" target=\"_blank\" rel=\"noreferrer noopener\">Luiz de Deus, ex-prefeito de Paulo Afonso, morre aos 86 anos<\/a><\/strong><\/p>\n<p><em>Siga o Acorda Cidade no<\/em><a href=\"https:\/\/news.google.com\/search?q=acorda%20cidade&amp;hl=pt-BR&amp;gl=BR&amp;ceid=BR%3Apt-419\"><strong><em>\u00a0Google Not\u00edcias<\/em><\/strong><\/a><em>\u00a0e receba os principais destaques do dia. Participe tamb\u00e9m dos nossos canais no\u00a0<\/em><a href=\"https:\/\/whatsapp.com\/channel\/0029Va6Rb4v3WHTNnsh8WI3N\"><strong><em>WhatsApp<\/em><\/strong><\/a><em>\u00a0e\u00a0<\/em><a href=\"https:\/\/www.youtube.com\/@acordacidadenoticias\/videos\"><strong>YouTube<\/strong><\/a><em>\u00a0e do grupo no\u00a0<\/em><a href=\"https:\/\/t.me\/+sSz0khrgARA0ZmRh\"><strong><em>Telegram<\/em><\/strong><\/a><em>.<\/em><\/p>\n<\/div>\n","protected":false},"excerpt":{"rendered":"<div>\n<div>\n<figure><img decoding=\"async\" src=\"https:\/\/uploads.acordacidade.com.br\/2025\/04\/SvPQjMxH-ACM-Neto.webp\" alt=\"ACM Neto - lamenta morte de Luiz de Deus\"><figcaption>Foto: Ascom\/ACM Neto <\/figcaption><\/figure>\n<\/div>\n<p>Luiz de Deus estava internado h\u00e1 cerca de 10 dias na UTI do Hospital N\u00facleo Vida, no bairro BTN, enfrentando um quadro de sa\u00fade delicado.<\/p><\/div>\n","protected":false},"author":1,"featured_media":87374,"comment_status":"closed","ping_status":"closed","sticky":false,"template":"","format":"gallery","meta":{"footnotes":""},"categories":[8,9,6,57,56,10],"tags":[],"class_list":["post-87373","post","type-post","status-publish","format-gallery","has-post-thumbnail","hentry","category-bahia","category-brasil","category-feira-de-santana","category-mundo","category-policia","category-politica","post_format-post-format-gallery"],"featured_image_urls":{"full":["https:\/\/noticiasbahia360.com.br\/wp-content\/uploads\/2025\/05\/SvPQjMxH-ACM-Neto.webp",1200,665,false],"thumbnail":["https:\/\/noticiasbahia360.com.br\/wp-content\/uploads\/2025\/05\/SvPQjMxH-ACM-Neto-150x150.webp",150,150,true],"medium":["https:\/\/noticiasbahia360.com.br\/wp-content\/uploads\/2025\/05\/SvPQjMxH-ACM-Neto-300x166.webp",300,166,true],"medium_large":["https:\/\/noticiasbahia360.com.br\/wp-content\/uploads\/2025\/05\/SvPQjMxH-ACM-Neto-768x426.webp",640,355,true],"large":["https:\/\/noticiasbahia360.com.br\/wp-content\/uploads\/2025\/05\/SvPQjMxH-ACM-Neto-1024x567.webp",640,354,true],"1536x1536":["https:\/\/noticiasbahia360.com.br\/wp-content\/uploads\/2025\/05\/SvPQjMxH-ACM-Neto.webp",1200,665,false],"2048x2048":["https:\/\/noticiasbahia360.com.br\/wp-content\/uploads\/2025\/05\/SvPQjMxH-ACM-Neto.webp",1200,665,false],"chromenews-featured":["https:\/\/noticiasbahia360.com.br\/wp-content\/uploads\/2025\/05\/SvPQjMxH-ACM-Neto-1024x567.webp",1024,567,true],"chromenews-large":["https:\/\/noticiasbahia360.com.br\/wp-content\/uploads\/2025\/05\/SvPQjMxH-ACM-Neto-825x575.webp",825,575,true],"chromenews-medium":["https:\/\/noticiasbahia360.com.br\/wp-content\/uploads\/2025\/05\/SvPQjMxH-ACM-Neto-590x410.webp",590,410,true]},"author_info":{"display_name":"noticiasbahia360.com.br","author_link":"https:\/\/noticiasbahia360.com.br\/?author=1"},"category_info":"<a href=\"https:\/\/noticiasbahia360.com.br\/?cat=8\" rel=\"category\">Bahia<\/a> <a href=\"https:\/\/noticiasbahia360.com.br\/?cat=9\" rel=\"category\">Brasil<\/a> <a href=\"https:\/\/noticiasbahia360.com.br\/?cat=6\" rel=\"category\">Feira de Santana<\/a> <a href=\"https:\/\/noticiasbahia360.com.br\/?cat=57\" rel=\"category\">Mundo<\/a> <a href=\"https:\/\/noticiasbahia360.com.br\/?cat=56\" rel=\"category\">Pol\u00edcia<\/a> <a href=\"https:\/\/noticiasbahia360.com.br\/?cat=10\" rel=\"category\">Pol\u00edtica<\/a>","tag_info":"Pol\u00edtica","comment_count":"0","_links":{"self":[{"href":"https:\/\/noticiasbahia360.com.br\/index.php?rest_route=\/wp\/v2\/posts\/87373","targetHints":{"allow":["GET"]}}],"collection":[{"href":"https:\/\/noticiasbahia360.com.br\/index.php?rest_route=\/wp\/v2\/posts"}],"about":[{"href":"https:\/\/noticiasbahia360.com.br\/index.php?rest_route=\/wp\/v2\/types\/post"}],"author":[{"embeddable":true,"href":"https:\/\/noticiasbahia360.com.br\/index.php?rest_route=\/wp\/v2\/users\/1"}],"replies":[{"embeddable":true,"href":"https:\/\/noticiasbahia360.com.br\/index.php?rest_route=%2Fwp%2Fv2%2Fcomments&post=87373"}],"version-history":[{"count":0,"href":"https:\/\/noticiasbahia360.com.br\/index.php?rest_route=\/wp\/v2\/posts\/87373\/revisions"}],"wp:featuredmedia":[{"embeddable":true,"href":"https:\/\/noticiasbahia360.com.br\/index.php?rest_route=\/wp\/v2\/media\/87374"}],"wp:attachment":[{"href":"https:\/\/noticiasbahia360.com.br\/index.php?rest_route=%2Fwp%2Fv2%2Fmedia&parent=87373"}],"wp:term":[{"taxonomy":"category","embeddable":true,"href":"https:\/\/noticiasbahia360.com.br\/index.php?rest_route=%2Fwp%2Fv2%2Fcategories&post=87373"},{"taxonomy":"post_tag","embeddable":true,"href":"https:\/\/noticiasbahia360.com.br\/index.php?rest_route=%2Fwp%2Fv2%2Ftags&post=87373"}],"curies":[{"name":"wp","href":"https:\/\/api.w.org\/{rel}","templated":true}]}}