{"id":87375,"date":"2025-05-24T17:01:12","date_gmt":"2025-05-24T20:01:12","guid":{"rendered":"https:\/\/noticiasbahia360.com.br\/?p=87375"},"modified":"2025-05-24T17:01:12","modified_gmt":"2025-05-24T20:01:12","slug":"suspeita-de-execucao-corpo-de-guia-morto-em-operacao-policial-e-exumado-no-sul-da-bahia","status":"publish","type":"post","link":"https:\/\/noticiasbahia360.com.br\/?p=87375","title":{"rendered":"Suspeita de execu\u00e7\u00e3o: corpo de guia morto em opera\u00e7\u00e3o policial \u00e9 exumado no sul da Bahia"},"content":{"rendered":"<div>\n<div>\n<figure><img decoding=\"async\" src=\"http:\/\/noticiasbahia360.com.br\/wp-content\/uploads\/2025\/05\/JowxOepA-Guia-turistico-vitinho.webp\" alt=\"O guia tur\u00edstico Victor Cerqueira Santos Santana, de 28 anos, morreu no dia 10 de maio, durante uma opera\u00e7\u00e3o da Pol\u00edcia Militar no distrito de Cara\u00edva, em Porto Seguro.\"><figcaption>Victor Cerqueira Santos Santana, de 28 anos | Foto: Redes Sociais <\/figcaption><\/figure>\n<\/div>\n<p>A Justi\u00e7a autorizou a exuma\u00e7\u00e3o do corpo do guia tur\u00edstico Victor Cerqueira Santos Santana, de 28 anos, no cemit\u00e9rio municipal de Itabela, no sul da Bahia. O procedimento, solicitado pelo Minist\u00e9rio P\u00fablico (MP-BA), ocorreu neste s\u00e1bado (24). A medida visa aprofundar a investiga\u00e7\u00e3o sobre a morte do jovem, ocorrida no dia 10 de maio, durante uma opera\u00e7\u00e3o da Pol\u00edcia Militar no distrito de Cara\u00edva, em Porto Seguro.<\/p>\n<p>Segundo o site Radar News, parceiro do Acorda Cidade, a decis\u00e3o foi tomada ap\u00f3s a abertura de um Procedimento Investigativo Criminal (PIC), conduzido pela Promotoria de Justi\u00e7a de Porto Seguro, com apoio do Grupo de Atua\u00e7\u00e3o Especial Operacional de Seguran\u00e7a P\u00fablica (Geosp), n\u00facleo do MP especializado no controle da atividade policial.<\/p>\n<p>De acordo com o MP, a nova per\u00edcia busca esclarecer contradi\u00e7\u00f5es na vers\u00e3o apresentada pela pol\u00edcia, que afirma que Victor teria morrido em confronto, na mesma a\u00e7\u00e3o que resultou na morte de Davisson Sampaio dos Santos, o \u201cAlongado\u201d, suspeito de integrar uma fac\u00e7\u00e3o criminosa.<\/p>\n<p>A fam\u00edlia de Victor contesta essa narrativa e aponta ind\u00edcios de que ele foi executado ap\u00f3s ser confundido com um foragido que utilizava o mesmo apelido, \u201cVitinho\u201d. Testemunhas tamb\u00e9m relatam que houve poss\u00edvel obstru\u00e7\u00e3o de provas, como o desligamento de c\u00e2meras e a apreens\u00e3o de imagens na regi\u00e3o onde ocorreu a a\u00e7\u00e3o.<\/p>\n<p>Conhecido na comunidade como \u201cVitinho de Luzia\u201d, Victor trabalhava como guia tur\u00edstico e n\u00e3o tinha antecedentes criminais. Inclusive, dias antes de ser morto, ele havia registrado um boletim de ocorr\u00eancia por crime de racismo.<\/p>\n<p>Os restos mortais foram levados para o Instituto M\u00e9dico Legal (IML) de Itabuna, onde passar\u00e3o por novos exames periciais. A inten\u00e7\u00e3o \u00e9 esclarecer a din\u00e2mica da opera\u00e7\u00e3o e, principalmente, identificar se h\u00e1 elementos que confirmem a den\u00fancia de execu\u00e7\u00e3o.<\/p>\n<p>A repercuss\u00e3o do caso mobilizou n\u00e3o apenas a Promotoria, mas tamb\u00e9m questionamentos direcionados \u00e0 Pol\u00edcia Federal e \u00e0 Secretaria da Seguran\u00e7a P\u00fablica da Bahia (SSP-BA), sobre a possibilidade de erro na identifica\u00e7\u00e3o de Victor. Por meio de nota, a SSP informou que a ocorr\u00eancia est\u00e1 sendo apurada pela Pol\u00edcia Civil e pela Corregedoria da PM, como determina o protocolo em casos que envolvem mortes em a\u00e7\u00f5es policiais.<\/p>\n<p><em>Siga o Acorda Cidade no<\/em><a href=\"https:\/\/news.google.com\/search?q=acorda%20cidade&amp;hl=pt-BR&amp;gl=BR&amp;ceid=BR%3Apt-419\"><strong><em>\u00a0Google Not\u00edcias<\/em><\/strong><\/a><em>\u00a0e receba os principais destaques do dia. Participe tamb\u00e9m dos nossos canais no\u00a0<\/em><a href=\"https:\/\/www.whatsapp.com\/channel\/0029Va6Rb4v3WHTNnsh8WI3N\"><strong><em>WhatsApp<\/em><\/strong><\/a><em>\u00a0e\u00a0<\/em><a href=\"https:\/\/www.youtube.com\/@acordacidadenoticias\/videos\"><strong>Youtube<\/strong><\/a><em>\u00a0e grupo de\u00a0<\/em><a href=\"https:\/\/t.me\/+sSz0khrgARA0ZmRh\"><strong><em>Telegram<\/em><\/strong><\/a><em>.<\/em><\/p>\n<\/div>\n","protected":false},"excerpt":{"rendered":"<div>\n<div>\n<figure><img decoding=\"async\" src=\"https:\/\/uploads.acordacidade.com.br\/2025\/05\/JowxOepA-Guia-turistico-vitinho.webp\" alt=\"O guia tur\u00edstico Victor Cerqueira Santos Santana, de 28 anos, morreu no dia 10 de maio, durante uma opera\u00e7\u00e3o da Pol\u00edcia Militar no distrito de Cara\u00edva, em Porto Seguro.\"><figcaption>Victor Cerqueira Santos Santana, de 28 anos | Foto: Redes Sociais <\/figcaption><\/figure>\n<\/div>\n<p>O guia tur\u00edstico Victor Cerqueira Santos Santana, de 28 anos, morreu no dia 10 de maio, durante uma opera\u00e7\u00e3o da Pol\u00edcia Militar no distrito de Cara\u00edva, em Porto Seguro.<\/p><\/div>\n","protected":false},"author":1,"featured_media":87376,"comment_status":"closed","ping_status":"closed","sticky":false,"template":"","format":"gallery","meta":{"footnotes":""},"categories":[8,9,6,57,56,10],"tags":[],"class_list":["post-87375","post","type-post","status-publish","format-gallery","has-post-thumbnail","hentry","category-bahia","category-brasil","category-feira-de-santana","category-mundo","category-policia","category-politica","post_format-post-format-gallery"],"featured_image_urls":{"full":["https:\/\/noticiasbahia360.com.br\/wp-content\/uploads\/2025\/05\/JowxOepA-Guia-turistico-vitinho.webp",1200,892,false],"thumbnail":["https:\/\/noticiasbahia360.com.br\/wp-content\/uploads\/2025\/05\/JowxOepA-Guia-turistico-vitinho-150x150.webp",150,150,true],"medium":["https:\/\/noticiasbahia360.com.br\/wp-content\/uploads\/2025\/05\/JowxOepA-Guia-turistico-vitinho-300x223.webp",300,223,true],"medium_large":["https:\/\/noticiasbahia360.com.br\/wp-content\/uploads\/2025\/05\/JowxOepA-Guia-turistico-vitinho-768x571.webp",640,476,true],"large":["https:\/\/noticiasbahia360.com.br\/wp-content\/uploads\/2025\/05\/JowxOepA-Guia-turistico-vitinho-1024x761.webp",640,476,true],"1536x1536":["https:\/\/noticiasbahia360.com.br\/wp-content\/uploads\/2025\/05\/JowxOepA-Guia-turistico-vitinho.webp",1200,892,false],"2048x2048":["https:\/\/noticiasbahia360.com.br\/wp-content\/uploads\/2025\/05\/JowxOepA-Guia-turistico-vitinho.webp",1200,892,false],"chromenews-featured":["https:\/\/noticiasbahia360.com.br\/wp-content\/uploads\/2025\/05\/JowxOepA-Guia-turistico-vitinho-1024x761.webp",1024,761,true],"chromenews-large":["https:\/\/noticiasbahia360.com.br\/wp-content\/uploads\/2025\/05\/JowxOepA-Guia-turistico-vitinho-825x575.webp",825,575,true],"chromenews-medium":["https:\/\/noticiasbahia360.com.br\/wp-content\/uploads\/2025\/05\/JowxOepA-Guia-turistico-vitinho-590x410.webp",590,410,true]},"author_info":{"display_name":"noticiasbahia360.com.br","author_link":"https:\/\/noticiasbahia360.com.br\/?author=1"},"category_info":"<a href=\"https:\/\/noticiasbahia360.com.br\/?cat=8\" rel=\"category\">Bahia<\/a> <a href=\"https:\/\/noticiasbahia360.com.br\/?cat=9\" rel=\"category\">Brasil<\/a> <a href=\"https:\/\/noticiasbahia360.com.br\/?cat=6\" rel=\"category\">Feira de Santana<\/a> <a href=\"https:\/\/noticiasbahia360.com.br\/?cat=57\" rel=\"category\">Mundo<\/a> <a href=\"https:\/\/noticiasbahia360.com.br\/?cat=56\" rel=\"category\">Pol\u00edcia<\/a> <a href=\"https:\/\/noticiasbahia360.com.br\/?cat=10\" rel=\"category\">Pol\u00edtica<\/a>","tag_info":"Pol\u00edtica","comment_count":"0","_links":{"self":[{"href":"https:\/\/noticiasbahia360.com.br\/index.php?rest_route=\/wp\/v2\/posts\/87375","targetHints":{"allow":["GET"]}}],"collection":[{"href":"https:\/\/noticiasbahia360.com.br\/index.php?rest_route=\/wp\/v2\/posts"}],"about":[{"href":"https:\/\/noticiasbahia360.com.br\/index.php?rest_route=\/wp\/v2\/types\/post"}],"author":[{"embeddable":true,"href":"https:\/\/noticiasbahia360.com.br\/index.php?rest_route=\/wp\/v2\/users\/1"}],"replies":[{"embeddable":true,"href":"https:\/\/noticiasbahia360.com.br\/index.php?rest_route=%2Fwp%2Fv2%2Fcomments&post=87375"}],"version-history":[{"count":0,"href":"https:\/\/noticiasbahia360.com.br\/index.php?rest_route=\/wp\/v2\/posts\/87375\/revisions"}],"wp:featuredmedia":[{"embeddable":true,"href":"https:\/\/noticiasbahia360.com.br\/index.php?rest_route=\/wp\/v2\/media\/87376"}],"wp:attachment":[{"href":"https:\/\/noticiasbahia360.com.br\/index.php?rest_route=%2Fwp%2Fv2%2Fmedia&parent=87375"}],"wp:term":[{"taxonomy":"category","embeddable":true,"href":"https:\/\/noticiasbahia360.com.br\/index.php?rest_route=%2Fwp%2Fv2%2Fcategories&post=87375"},{"taxonomy":"post_tag","embeddable":true,"href":"https:\/\/noticiasbahia360.com.br\/index.php?rest_route=%2Fwp%2Fv2%2Ftags&post=87375"}],"curies":[{"name":"wp","href":"https:\/\/api.w.org\/{rel}","templated":true}]}}