{"id":87377,"date":"2025-05-24T17:15:43","date_gmt":"2025-05-24T20:15:43","guid":{"rendered":"https:\/\/noticiasbahia360.com.br\/?p=87377"},"modified":"2025-05-24T17:15:43","modified_gmt":"2025-05-24T20:15:43","slug":"upt-uefs-selecao-aberta-para-professor-monitor-de-lingua-inglesa-e-matematica","status":"publish","type":"post","link":"https:\/\/noticiasbahia360.com.br\/?p=87377","title":{"rendered":"UPT\/Uefs: sele\u00e7\u00e3o aberta para professor monitor de L\u00edngua Inglesa e Matem\u00e1tica"},"content":{"rendered":"<div>\n<div>\n<figure><img decoding=\"async\" src=\"http:\/\/noticiasbahia360.com.br\/wp-content\/uploads\/2025\/05\/auloes_upt.jpeg\" alt=\"Aul\u00f5es do Enem\"><figcaption>Foto: Divulga\u00e7\u00e3o<\/figcaption><\/figure>\n<\/div>\n<p>O Programa Universidade para Todos da Universidade Estadual de Feira de Santana (UPT Uefs) informa que est\u00e3o abertas, de 22 a 26 de maio de 2025, as inscri\u00e7\u00f5es para a sele\u00e7\u00e3o de professores monitores das disciplinas de L\u00edngua Inglesa e Matem\u00e1tica.<\/p>\n<p><strong>Podem se candidatar:<\/strong><\/p>\n<ul class=\"wp-block-list\">\n<li>Estudantes regularmente matriculados em cursos de gradua\u00e7\u00e3o ou p\u00f3s-gradua\u00e7\u00e3o da UEFS;<\/li>\n<li>Professores da rede b\u00e1sica de educa\u00e7\u00e3o municipal ou estadual;<\/li>\n<li>Servidores t\u00e9cnicos da pr\u00f3pria universidade.<\/li>\n<\/ul>\n<p>A remunera\u00e7\u00e3o prevista \u00e9 de R$ 30,00 por hora\/aula ministrada. Os interessados devem consultar atentamente o item 3 do edital, onde est\u00e3o detalhados os crit\u00e9rios de sele\u00e7\u00e3o e as atribui\u00e7\u00f5es do cargo.<\/p>\n<p>O edital completo e demais informa\u00e7\u00f5es est\u00e3o dispon\u00edveis no site do UPT Uefs, na aba Editais:<br \/><a href=\"http:\/\/%20https\/\/upt.uefs.br\/editais\" target=\"_blank\" rel=\"noreferrer noopener\">\u00a0https:\/\/upt.uefs.br\/editais<\/a><\/p>\n<p>Acompanhe tamb\u00e9m as atualiza\u00e7\u00f5es do programa nas redes sociais @upt_uefs no Instagram<\/p>\n<p><em>Siga o Acorda Cidade no<\/em><a href=\"https:\/\/news.google.com\/search?q=acorda%20cidade&amp;hl=pt-BR&amp;gl=BR&amp;ceid=BR%3Apt-419\"><strong><em>\u00a0Google Not\u00edcias<\/em><\/strong><\/a><em>\u00a0e receba os principais destaques do dia. Participe tamb\u00e9m dos nossos canais no\u00a0<\/em><a href=\"https:\/\/www.whatsapp.com\/channel\/0029Va6Rb4v3WHTNnsh8WI3N\"><strong><em>WhatsApp<\/em><\/strong><\/a><em>\u00a0e\u00a0<\/em><a href=\"https:\/\/www.youtube.com\/@acordacidadenoticias\/videos\"><strong>Youtube<\/strong><\/a><em>\u00a0e grupo de\u00a0<\/em><a href=\"https:\/\/t.me\/+sSz0khrgARA0ZmRh\"><strong><em>Telegram<\/em><\/strong><\/a><em>.<\/em><\/p>\n<\/div>\n","protected":false},"excerpt":{"rendered":"<div>\n<div>\n<figure><img decoding=\"async\" src=\"https:\/\/uploads.acordacidade.com.br\/wp-content\/uploads\/2023\/08\/17172426\/auloes_upt.jpeg\" alt=\"Aul\u00f5es do Enem\"><figcaption>Foto: Divulga\u00e7\u00e3o<\/figcaption><\/figure>\n<\/div>\n<p>As inscri\u00e7\u00f5es para a sele\u00e7\u00e3o de professores v\u00e3o at\u00e9 o dia 26 de maio.<\/p><\/div>\n","protected":false},"author":1,"featured_media":87378,"comment_status":"closed","ping_status":"closed","sticky":false,"template":"","format":"gallery","meta":{"footnotes":""},"categories":[8,9,6,57,56,10],"tags":[],"class_list":["post-87377","post","type-post","status-publish","format-gallery","has-post-thumbnail","hentry","category-bahia","category-brasil","category-feira-de-santana","category-mundo","category-policia","category-politica","post_format-post-format-gallery"],"featured_image_urls":{"full":["https:\/\/noticiasbahia360.com.br\/wp-content\/uploads\/2025\/05\/auloes_upt.jpeg",640,426,false],"thumbnail":["https:\/\/noticiasbahia360.com.br\/wp-content\/uploads\/2025\/05\/auloes_upt-150x150.jpeg",150,150,true],"medium":["https:\/\/noticiasbahia360.com.br\/wp-content\/uploads\/2025\/05\/auloes_upt-300x200.jpeg",300,200,true],"medium_large":["https:\/\/noticiasbahia360.com.br\/wp-content\/uploads\/2025\/05\/auloes_upt.jpeg",640,426,false],"large":["https:\/\/noticiasbahia360.com.br\/wp-content\/uploads\/2025\/05\/auloes_upt.jpeg",640,426,false],"1536x1536":["https:\/\/noticiasbahia360.com.br\/wp-content\/uploads\/2025\/05\/auloes_upt.jpeg",640,426,false],"2048x2048":["https:\/\/noticiasbahia360.com.br\/wp-content\/uploads\/2025\/05\/auloes_upt.jpeg",640,426,false],"chromenews-featured":["https:\/\/noticiasbahia360.com.br\/wp-content\/uploads\/2025\/05\/auloes_upt.jpeg",640,426,false],"chromenews-large":["https:\/\/noticiasbahia360.com.br\/wp-content\/uploads\/2025\/05\/auloes_upt.jpeg",640,426,false],"chromenews-medium":["https:\/\/noticiasbahia360.com.br\/wp-content\/uploads\/2025\/05\/auloes_upt-590x410.jpeg",590,410,true]},"author_info":{"display_name":"noticiasbahia360.com.br","author_link":"https:\/\/noticiasbahia360.com.br\/?author=1"},"category_info":"<a href=\"https:\/\/noticiasbahia360.com.br\/?cat=8\" rel=\"category\">Bahia<\/a> <a href=\"https:\/\/noticiasbahia360.com.br\/?cat=9\" rel=\"category\">Brasil<\/a> <a href=\"https:\/\/noticiasbahia360.com.br\/?cat=6\" rel=\"category\">Feira de Santana<\/a> <a href=\"https:\/\/noticiasbahia360.com.br\/?cat=57\" rel=\"category\">Mundo<\/a> <a href=\"https:\/\/noticiasbahia360.com.br\/?cat=56\" rel=\"category\">Pol\u00edcia<\/a> <a href=\"https:\/\/noticiasbahia360.com.br\/?cat=10\" rel=\"category\">Pol\u00edtica<\/a>","tag_info":"Pol\u00edtica","comment_count":"0","_links":{"self":[{"href":"https:\/\/noticiasbahia360.com.br\/index.php?rest_route=\/wp\/v2\/posts\/87377","targetHints":{"allow":["GET"]}}],"collection":[{"href":"https:\/\/noticiasbahia360.com.br\/index.php?rest_route=\/wp\/v2\/posts"}],"about":[{"href":"https:\/\/noticiasbahia360.com.br\/index.php?rest_route=\/wp\/v2\/types\/post"}],"author":[{"embeddable":true,"href":"https:\/\/noticiasbahia360.com.br\/index.php?rest_route=\/wp\/v2\/users\/1"}],"replies":[{"embeddable":true,"href":"https:\/\/noticiasbahia360.com.br\/index.php?rest_route=%2Fwp%2Fv2%2Fcomments&post=87377"}],"version-history":[{"count":0,"href":"https:\/\/noticiasbahia360.com.br\/index.php?rest_route=\/wp\/v2\/posts\/87377\/revisions"}],"wp:featuredmedia":[{"embeddable":true,"href":"https:\/\/noticiasbahia360.com.br\/index.php?rest_route=\/wp\/v2\/media\/87378"}],"wp:attachment":[{"href":"https:\/\/noticiasbahia360.com.br\/index.php?rest_route=%2Fwp%2Fv2%2Fmedia&parent=87377"}],"wp:term":[{"taxonomy":"category","embeddable":true,"href":"https:\/\/noticiasbahia360.com.br\/index.php?rest_route=%2Fwp%2Fv2%2Fcategories&post=87377"},{"taxonomy":"post_tag","embeddable":true,"href":"https:\/\/noticiasbahia360.com.br\/index.php?rest_route=%2Fwp%2Fv2%2Ftags&post=87377"}],"curies":[{"name":"wp","href":"https:\/\/api.w.org\/{rel}","templated":true}]}}