{"id":87382,"date":"2025-05-24T18:12:42","date_gmt":"2025-05-24T21:12:42","guid":{"rendered":"https:\/\/noticiasbahia360.com.br\/?p=87382"},"modified":"2025-05-24T18:12:42","modified_gmt":"2025-05-24T21:12:42","slug":"policia-militar-tem-troca-de-comandos-em-feira-de-santana-veja-as-mudancas","status":"publish","type":"post","link":"https:\/\/noticiasbahia360.com.br\/?p=87382","title":{"rendered":"Pol\u00edcia Militar tem troca de comandos em Feira de Santana; veja as mudan\u00e7as"},"content":{"rendered":"<div>\n<div>\n<figure><img decoding=\"async\" src=\"http:\/\/noticiasbahia360.com.br\/wp-content\/uploads\/2025\/05\/3nnHGWAk-Policia-Militar-ft-Ed-Santos-acorda-cidade.webp\" alt=\"Pol\u00edcia Militar\"><figcaption>Foto: Ed Santos\/Acorda Cidade<\/figcaption><\/figure>\n<\/div>\n<p>As mudan\u00e7as nas for\u00e7as de seguran\u00e7a p\u00fablica em Feira de Santana seguem acontecendo. Depois das altera\u00e7\u00f5es na Pol\u00edcia Civil, a Pol\u00edcia Militar tamb\u00e9m passa por mudan\u00e7as em cargos de comando, conforme publicado no Di\u00e1rio Oficial deste s\u00e1bado (24). Ao todo, tr\u00eas exonera\u00e7\u00f5es e quatro nomea\u00e7\u00f5es foram realizadas, atingindo postos estrat\u00e9gicos na seguran\u00e7a da cidade. Confira as altera\u00e7\u00f5es:<\/p>\n<h2 class=\"wp-block-heading\" id=\"h-exoneracoes-na-policia-militar\">Exonera\u00e7\u00f5es na Pol\u00edcia Militar:<\/h2>\n<ul class=\"wp-block-list\">\n<li>Tenente Coronel QOPM Josnei Castilho, do cargo de Comandante do 1\u00ba Batalh\u00e3o de Pol\u00edcia Militar (BPM) de Feira de Santana.<\/li>\n<li>Capit\u00e3o QOPM Alex Silva Oliveira, do cargo de Subcomandante da 65\u00aa Companhia Independente de Pol\u00edcia Militar (CIPM) de Feira de Santana.<\/li>\n<li>Capit\u00e3o QOPM Manoel Ferreira do Sacramento Neto, do cargo de Comandante da Base Comunit\u00e1ria de Seguran\u00e7a do George Am\u00e9rico, em Feira de Santana.<\/li>\n<\/ul>\n<h2 class=\"wp-block-heading\" id=\"h-nomeacoes-na-policia-militar\">Nomea\u00e7\u00f5es na Pol\u00edcia Militar <\/h2>\n<ul class=\"wp-block-list\">\n<li>Tenente Coronel QOPM Ebenezer Noel Carneiro da Silva Tuy, para o cargo de Comandante do 1\u00ba BPM de Feira de Santana, em substitui\u00e7\u00e3o a Josnei Castilho.<\/li>\n<li>Capit\u00e3o QOPM Fernando Freitas de Oliveira, para o cargo de Subcomandante da 65\u00aa CIPM, no lugar de Alex Silva Oliveira.<\/li>\n<li>Capit\u00e3o QOPM Roberto Fabian Santos de Ara\u00fajo, assume como Comandante da Base Comunit\u00e1ria de Seguran\u00e7a do George Am\u00e9rico, em Feira de Santana, substituindo Manoel Ferreira do Sacramento Neto.<\/li>\n<li>Major QOPM Allan Silva Ara\u00fajo, foi nomeado como Diretor Adjunto do Col\u00e9gio da Pol\u00edcia Militar de Feira de Santana.<\/li>\n<\/ul>\n<p>As mudan\u00e7as fazem parte dos ajustes administrativos promovidos pelo Governo do Estado da Bahia e refletem um novo momento no comando da Pol\u00edcia Militar na cidade.<\/p>\n<p><em>Com informa\u00e7\u00f5es do rep\u00f3rter Ed Santos do Acorda Cidade<\/em><\/p>\n<p><em>Siga o Acorda Cidade no<\/em><a href=\"https:\/\/news.google.com\/search?q=acorda%20cidade&amp;hl=pt-BR&amp;gl=BR&amp;ceid=BR%3Apt-419\"><strong><em>\u00a0Google Not\u00edcias<\/em><\/strong><\/a><em>\u00a0e receba os principais destaques do dia. Participe tamb\u00e9m dos nossos canais no\u00a0<\/em><a href=\"https:\/\/www.whatsapp.com\/channel\/0029Va6Rb4v3WHTNnsh8WI3N\"><strong><em>WhatsApp<\/em><\/strong><\/a><em>\u00a0e\u00a0<\/em><a href=\"https:\/\/www.youtube.com\/@acordacidadenoticias\/videos\"><strong>Youtube<\/strong><\/a><em>\u00a0e grupo de\u00a0<\/em><a href=\"https:\/\/t.me\/+sSz0khrgARA0ZmRh\"><strong><em>Telegram<\/em><\/strong><\/a><em>.<\/em><\/p>\n<\/p>\n<\/div>\n","protected":false},"excerpt":{"rendered":"<div>\n<div>\n<figure><img decoding=\"async\" src=\"https:\/\/uploads.acordacidade.com.br\/2025\/04\/3nnHGWAk-Policia-Militar-ft-Ed-Santos-acorda-cidade.webp\" alt=\"Pol\u00edcia Militar\"><figcaption>Foto: Ed Santos\/Acorda Cidade<\/figcaption><\/figure>\n<\/div>\n<p>Ao todo, tr\u00eas exonera\u00e7\u00f5es e quatro nomea\u00e7\u00f5es foram realizadas, atingindo postos estrat\u00e9gicos na seguran\u00e7a da cidade.<\/p><\/div>\n","protected":false},"author":1,"featured_media":87383,"comment_status":"closed","ping_status":"closed","sticky":false,"template":"","format":"gallery","meta":{"footnotes":""},"categories":[8,9,6,57,56,10],"tags":[],"class_list":["post-87382","post","type-post","status-publish","format-gallery","has-post-thumbnail","hentry","category-bahia","category-brasil","category-feira-de-santana","category-mundo","category-policia","category-politica","post_format-post-format-gallery"],"featured_image_urls":{"full":["https:\/\/noticiasbahia360.com.br\/wp-content\/uploads\/2025\/05\/3nnHGWAk-Policia-Militar-ft-Ed-Santos-acorda-cidade.webp",1200,830,false],"thumbnail":["https:\/\/noticiasbahia360.com.br\/wp-content\/uploads\/2025\/05\/3nnHGWAk-Policia-Militar-ft-Ed-Santos-acorda-cidade-150x150.webp",150,150,true],"medium":["https:\/\/noticiasbahia360.com.br\/wp-content\/uploads\/2025\/05\/3nnHGWAk-Policia-Militar-ft-Ed-Santos-acorda-cidade-300x208.webp",300,208,true],"medium_large":["https:\/\/noticiasbahia360.com.br\/wp-content\/uploads\/2025\/05\/3nnHGWAk-Policia-Militar-ft-Ed-Santos-acorda-cidade-768x531.webp",640,443,true],"large":["https:\/\/noticiasbahia360.com.br\/wp-content\/uploads\/2025\/05\/3nnHGWAk-Policia-Militar-ft-Ed-Santos-acorda-cidade-1024x708.webp",640,443,true],"1536x1536":["https:\/\/noticiasbahia360.com.br\/wp-content\/uploads\/2025\/05\/3nnHGWAk-Policia-Militar-ft-Ed-Santos-acorda-cidade.webp",1200,830,false],"2048x2048":["https:\/\/noticiasbahia360.com.br\/wp-content\/uploads\/2025\/05\/3nnHGWAk-Policia-Militar-ft-Ed-Santos-acorda-cidade.webp",1200,830,false],"chromenews-featured":["https:\/\/noticiasbahia360.com.br\/wp-content\/uploads\/2025\/05\/3nnHGWAk-Policia-Militar-ft-Ed-Santos-acorda-cidade-1024x708.webp",1024,708,true],"chromenews-large":["https:\/\/noticiasbahia360.com.br\/wp-content\/uploads\/2025\/05\/3nnHGWAk-Policia-Militar-ft-Ed-Santos-acorda-cidade-825x575.webp",825,575,true],"chromenews-medium":["https:\/\/noticiasbahia360.com.br\/wp-content\/uploads\/2025\/05\/3nnHGWAk-Policia-Militar-ft-Ed-Santos-acorda-cidade-590x410.webp",590,410,true]},"author_info":{"display_name":"noticiasbahia360.com.br","author_link":"https:\/\/noticiasbahia360.com.br\/?author=1"},"category_info":"<a href=\"https:\/\/noticiasbahia360.com.br\/?cat=8\" rel=\"category\">Bahia<\/a> <a href=\"https:\/\/noticiasbahia360.com.br\/?cat=9\" rel=\"category\">Brasil<\/a> <a href=\"https:\/\/noticiasbahia360.com.br\/?cat=6\" rel=\"category\">Feira de Santana<\/a> <a href=\"https:\/\/noticiasbahia360.com.br\/?cat=57\" rel=\"category\">Mundo<\/a> <a href=\"https:\/\/noticiasbahia360.com.br\/?cat=56\" rel=\"category\">Pol\u00edcia<\/a> <a href=\"https:\/\/noticiasbahia360.com.br\/?cat=10\" rel=\"category\">Pol\u00edtica<\/a>","tag_info":"Pol\u00edtica","comment_count":"0","_links":{"self":[{"href":"https:\/\/noticiasbahia360.com.br\/index.php?rest_route=\/wp\/v2\/posts\/87382","targetHints":{"allow":["GET"]}}],"collection":[{"href":"https:\/\/noticiasbahia360.com.br\/index.php?rest_route=\/wp\/v2\/posts"}],"about":[{"href":"https:\/\/noticiasbahia360.com.br\/index.php?rest_route=\/wp\/v2\/types\/post"}],"author":[{"embeddable":true,"href":"https:\/\/noticiasbahia360.com.br\/index.php?rest_route=\/wp\/v2\/users\/1"}],"replies":[{"embeddable":true,"href":"https:\/\/noticiasbahia360.com.br\/index.php?rest_route=%2Fwp%2Fv2%2Fcomments&post=87382"}],"version-history":[{"count":0,"href":"https:\/\/noticiasbahia360.com.br\/index.php?rest_route=\/wp\/v2\/posts\/87382\/revisions"}],"wp:featuredmedia":[{"embeddable":true,"href":"https:\/\/noticiasbahia360.com.br\/index.php?rest_route=\/wp\/v2\/media\/87383"}],"wp:attachment":[{"href":"https:\/\/noticiasbahia360.com.br\/index.php?rest_route=%2Fwp%2Fv2%2Fmedia&parent=87382"}],"wp:term":[{"taxonomy":"category","embeddable":true,"href":"https:\/\/noticiasbahia360.com.br\/index.php?rest_route=%2Fwp%2Fv2%2Fcategories&post=87382"},{"taxonomy":"post_tag","embeddable":true,"href":"https:\/\/noticiasbahia360.com.br\/index.php?rest_route=%2Fwp%2Fv2%2Ftags&post=87382"}],"curies":[{"name":"wp","href":"https:\/\/api.w.org\/{rel}","templated":true}]}}