{"id":87388,"date":"2025-05-24T22:20:44","date_gmt":"2025-05-25T01:20:44","guid":{"rendered":"https:\/\/noticiasbahia360.com.br\/?p=87388"},"modified":"2025-05-24T22:20:44","modified_gmt":"2025-05-25T01:20:44","slug":"flor-de-anemona-explode-em-cores-quando-recebe-essa-rega-desta-forma","status":"publish","type":"post","link":"https:\/\/noticiasbahia360.com.br\/?p=87388","title":{"rendered":"Flor-de-an\u00eamona explode em cores quando recebe essa rega desta forma"},"content":{"rendered":"<div>\n<div>\n<figure><img decoding=\"async\" src=\"http:\/\/noticiasbahia360.com.br\/wp-content\/uploads\/2025\/05\/GIY25NG3-Flor-de-anemona-explode-em-cores-quando-recebe-essa-rega-desta-forma.webp\" alt=\"Flor-de-an\u00eamona explode em cores quando recebe essa rega desta forma\"><figcaption>Flor-de-an\u00eamona explode em cores quando recebe essa rega desta forma<\/figcaption><\/figure>\n<\/div>\n<p>Voc\u00ea j\u00e1 tentou de tudo para ver sua flor-de-an\u00eamona florescer com for\u00e7a e cor, mas ela parece sempre t\u00edmida? A resposta pode estar no jeito como voc\u00ea rega a <a href=\"https:\/\/www.acordacidade.com.br\/tag\/plantas\/\">planta<\/a>. Isso mesmo: a t\u00e9cnica de irriga\u00e7\u00e3o correta muda completamente o ciclo de flora\u00e7\u00e3o dessa esp\u00e9cie encantadora, muitas vezes confundida com a papoula. Vamos entender por qu\u00ea e como transformar seu vaso em um espet\u00e1culo de cores.<\/p>\n<h2 class=\"wp-block-heading\" id=\"h-a-forma-certa-de-regar-a-flor-de-anemona\">A forma certa de regar a flor-de-an\u00eamona<\/h2>\n<p>A flor-de-an\u00eamona precisa de uma rega precisa, que imite seu habitat natural \u2014 regi\u00f5es montanhosas e \u00famidas, com solo bem drenado e chuvas peri\u00f3dicas. O grande segredo est\u00e1 em evitar encharcar o solo e, ao mesmo tempo, manter uma umidade constante durante o per\u00edodo de crescimento ativo, que costuma ser no fim do inverno e na primavera.<\/p>\n<p>Essa planta responde de forma surpreendente quando voc\u00ea alterna entre rega por baixo e por cima. A primeira, feita com o vaso imerso at\u00e9 metade em uma bacia com \u00e1gua, fortalece as ra\u00edzes. A segunda, com regador de bico fino direcionado \u00e0 base, estimula a flora\u00e7\u00e3o. Intercalar esses m\u00e9todos faz com que a flor-de-an\u00eamona \u201cacorde\u201d e libere mais bot\u00f5es coloridos.<\/p>\n<h3 class=\"wp-block-heading\" id=\"h-entenda-o-ciclo-natural-da-flor-de-anemona\">Entenda o ciclo natural da flor-de-an\u00eamona<\/h3>\n<p>Diferente de muitas flores de jardim, a flor-de-an\u00eamona tem um ritmo pr\u00f3prio: cresce a partir de tub\u00e9rculos que passam por um per\u00edodo de dorm\u00eancia. No Brasil, essa dorm\u00eancia geralmente ocorre no auge do ver\u00e3o. Quando os primeiros sinais de frio chegam, ela come\u00e7a a despertar. A rega certa nesse momento \u00e9 determinante para definir se ela florescer\u00e1 com vigor ou se apenas desenvolver\u00e1 folhagem.<\/p>\n<p>Evite molhar durante a dorm\u00eancia: a \u00e1gua nesse per\u00edodo pode apodrecer os tub\u00e9rculos. Assim que os brotos aparecerem, comece a regar com o m\u00e9todo alternado descrito acima. Essa estrat\u00e9gia simula o degelo e o retorno das chuvas nas regi\u00f5es de origem da planta.<\/p>\n<h3 class=\"wp-block-heading\" id=\"h-regar-de-manha-ou-a-tarde-isso-faz-diferenca\">Regar de manh\u00e3 ou \u00e0 tarde? Isso faz diferen\u00e7a<\/h3>\n<p>Sim, e muita. A flor-de-an\u00eamona responde melhor \u00e0 rega matinal, entre 7h e 9h. Isso garante que o excesso de umidade evapore at\u00e9 o final da tarde, evitando fungos nas folhas e nos bot\u00f5es florais. Regar \u00e0 tarde, especialmente em dias \u00famidos, pode comprometer toda a flora\u00e7\u00e3o por favorecer o aparecimento de doen\u00e7as.<\/p>\n<p>Se voc\u00ea mora em uma regi\u00e3o quente, tente manter o vaso em um local onde pegue sol apenas no in\u00edcio da manh\u00e3. A combina\u00e7\u00e3o entre luz indireta e solo levemente \u00famido \u00e9 a f\u00f3rmula m\u00e1gica para cores intensas e duradouras.<\/p>\n<h3 class=\"wp-block-heading\" id=\"h-adube-com-sabedoria-mas-so-depois-da-rega\">Adube com sabedoria, mas s\u00f3 depois da rega<\/h3>\n<p>Outro ponto crucial para estimular o espet\u00e1culo de cores da flor-de-an\u00eamona \u00e9 a aduba\u00e7\u00e3o l\u00edquida balanceada, rica em f\u00f3sforo. Mas nunca aplique adubo em solo seco: a planta pode se queimar. A regra de ouro \u00e9 regar primeiro, esperar 20 minutos e s\u00f3 ent\u00e3o aplicar o fertilizante dilu\u00eddo.<\/p>\n<p>Essa t\u00e9cnica, quando combinada com a rega alternada, costuma dobrar o n\u00famero de flores por planta em menos de 15 dias, especialmente se o vaso estiver em local bem ventilado e sem vento forte.<\/p>\n<h3 class=\"wp-block-heading\" id=\"h-e-se-mesmo-assim-ela-nao-florescer\">E se mesmo assim ela n\u00e3o florescer?<\/h3>\n<p>Se voc\u00ea est\u00e1 fazendo tudo certo e sua flor-de-an\u00eamona ainda n\u00e3o floresce, observe os seguintes pontos:<\/p>\n<ul class=\"wp-block-list\">\n<li>O tub\u00e9rculo foi plantado fundo demais? O ideal \u00e9 cobrir com 3 cm de substrato no m\u00e1ximo.<\/li>\n<li>O solo est\u00e1 muito argiloso? Isso dificulta a drenagem e impede o crescimento.<\/li>\n<li>O vaso \u00e9 pequeno? O ideal \u00e9 que tenha pelo menos 25 cm de di\u00e2metro para que o tub\u00e9rculo se expanda.<\/li>\n<li>Est\u00e1 na sombra total? Isso inibe completamente a flora\u00e7\u00e3o.<\/li>\n<\/ul>\n<p>Revendo esses detalhes, voc\u00ea provavelmente encontrar\u00e1 o que est\u00e1 travando o florescimento. \u00c0s vezes, uma simples troca de vaso ou substrato \u00e9 o que falta para o sucesso.<\/p>\n<p>Observar uma flor-de-an\u00eamona abrir suas p\u00e9talas em tons vibrantes de rosa, roxo e azul profundo \u00e9 uma recompensa e tanto. E tudo isso parte de algo simples: a forma como voc\u00ea entrega a \u00e1gua \u00e0 planta. Ao entender esse detalhe, voc\u00ea n\u00e3o s\u00f3 muda o destino da flor, como tamb\u00e9m muda seu olhar sobre a jardinagem \u2014 menos t\u00e9cnica, mais escuta.<\/p>\n<\/div>\n","protected":false},"excerpt":{"rendered":"<div>\n<div>\n<figure><img decoding=\"async\" src=\"https:\/\/uploads.acordacidade.com.br\/2025\/05\/GIY25NG3-Flor-de-anemona-explode-em-cores-quando-recebe-essa-rega-desta-forma.webp\" alt=\"Flor-de-an\u00eamona explode em cores quando recebe essa rega desta forma\"><figcaption>Flor-de-an\u00eamona explode em cores quando recebe essa rega desta forma<\/figcaption><\/figure>\n<\/div>\n<p>A flor-de-an\u00eamona floresce mais com esse tipo de rega alternada. Veja o m\u00e9todo que estimula cores intensas em poucos dias.<\/p><\/div>\n","protected":false},"author":1,"featured_media":87389,"comment_status":"closed","ping_status":"closed","sticky":false,"template":"","format":"gallery","meta":{"footnotes":""},"categories":[8,9,6,57,56,10],"tags":[],"class_list":["post-87388","post","type-post","status-publish","format-gallery","has-post-thumbnail","hentry","category-bahia","category-brasil","category-feira-de-santana","category-mundo","category-policia","category-politica","post_format-post-format-gallery"],"featured_image_urls":{"full":["https:\/\/noticiasbahia360.com.br\/wp-content\/uploads\/2025\/05\/GIY25NG3-Flor-de-anemona-explode-em-cores-quando-recebe-essa-rega-desta-forma.webp",1536,1024,false],"thumbnail":["https:\/\/noticiasbahia360.com.br\/wp-content\/uploads\/2025\/05\/GIY25NG3-Flor-de-anemona-explode-em-cores-quando-recebe-essa-rega-desta-forma-150x150.webp",150,150,true],"medium":["https:\/\/noticiasbahia360.com.br\/wp-content\/uploads\/2025\/05\/GIY25NG3-Flor-de-anemona-explode-em-cores-quando-recebe-essa-rega-desta-forma-300x200.webp",300,200,true],"medium_large":["https:\/\/noticiasbahia360.com.br\/wp-content\/uploads\/2025\/05\/GIY25NG3-Flor-de-anemona-explode-em-cores-quando-recebe-essa-rega-desta-forma-768x512.webp",640,427,true],"large":["https:\/\/noticiasbahia360.com.br\/wp-content\/uploads\/2025\/05\/GIY25NG3-Flor-de-anemona-explode-em-cores-quando-recebe-essa-rega-desta-forma-1024x683.webp",640,427,true],"1536x1536":["https:\/\/noticiasbahia360.com.br\/wp-content\/uploads\/2025\/05\/GIY25NG3-Flor-de-anemona-explode-em-cores-quando-recebe-essa-rega-desta-forma.webp",1536,1024,false],"2048x2048":["https:\/\/noticiasbahia360.com.br\/wp-content\/uploads\/2025\/05\/GIY25NG3-Flor-de-anemona-explode-em-cores-quando-recebe-essa-rega-desta-forma.webp",1536,1024,false],"chromenews-featured":["https:\/\/noticiasbahia360.com.br\/wp-content\/uploads\/2025\/05\/GIY25NG3-Flor-de-anemona-explode-em-cores-quando-recebe-essa-rega-desta-forma-1024x683.webp",1024,683,true],"chromenews-large":["https:\/\/noticiasbahia360.com.br\/wp-content\/uploads\/2025\/05\/GIY25NG3-Flor-de-anemona-explode-em-cores-quando-recebe-essa-rega-desta-forma-825x575.webp",825,575,true],"chromenews-medium":["https:\/\/noticiasbahia360.com.br\/wp-content\/uploads\/2025\/05\/GIY25NG3-Flor-de-anemona-explode-em-cores-quando-recebe-essa-rega-desta-forma-590x410.webp",590,410,true]},"author_info":{"display_name":"noticiasbahia360.com.br","author_link":"https:\/\/noticiasbahia360.com.br\/?author=1"},"category_info":"<a href=\"https:\/\/noticiasbahia360.com.br\/?cat=8\" rel=\"category\">Bahia<\/a> <a href=\"https:\/\/noticiasbahia360.com.br\/?cat=9\" rel=\"category\">Brasil<\/a> <a href=\"https:\/\/noticiasbahia360.com.br\/?cat=6\" rel=\"category\">Feira de Santana<\/a> <a href=\"https:\/\/noticiasbahia360.com.br\/?cat=57\" rel=\"category\">Mundo<\/a> <a href=\"https:\/\/noticiasbahia360.com.br\/?cat=56\" rel=\"category\">Pol\u00edcia<\/a> <a href=\"https:\/\/noticiasbahia360.com.br\/?cat=10\" rel=\"category\">Pol\u00edtica<\/a>","tag_info":"Pol\u00edtica","comment_count":"0","_links":{"self":[{"href":"https:\/\/noticiasbahia360.com.br\/index.php?rest_route=\/wp\/v2\/posts\/87388","targetHints":{"allow":["GET"]}}],"collection":[{"href":"https:\/\/noticiasbahia360.com.br\/index.php?rest_route=\/wp\/v2\/posts"}],"about":[{"href":"https:\/\/noticiasbahia360.com.br\/index.php?rest_route=\/wp\/v2\/types\/post"}],"author":[{"embeddable":true,"href":"https:\/\/noticiasbahia360.com.br\/index.php?rest_route=\/wp\/v2\/users\/1"}],"replies":[{"embeddable":true,"href":"https:\/\/noticiasbahia360.com.br\/index.php?rest_route=%2Fwp%2Fv2%2Fcomments&post=87388"}],"version-history":[{"count":0,"href":"https:\/\/noticiasbahia360.com.br\/index.php?rest_route=\/wp\/v2\/posts\/87388\/revisions"}],"wp:featuredmedia":[{"embeddable":true,"href":"https:\/\/noticiasbahia360.com.br\/index.php?rest_route=\/wp\/v2\/media\/87389"}],"wp:attachment":[{"href":"https:\/\/noticiasbahia360.com.br\/index.php?rest_route=%2Fwp%2Fv2%2Fmedia&parent=87388"}],"wp:term":[{"taxonomy":"category","embeddable":true,"href":"https:\/\/noticiasbahia360.com.br\/index.php?rest_route=%2Fwp%2Fv2%2Fcategories&post=87388"},{"taxonomy":"post_tag","embeddable":true,"href":"https:\/\/noticiasbahia360.com.br\/index.php?rest_route=%2Fwp%2Fv2%2Ftags&post=87388"}],"curies":[{"name":"wp","href":"https:\/\/api.w.org\/{rel}","templated":true}]}}