{"id":87392,"date":"2025-05-24T23:48:47","date_gmt":"2025-05-25T02:48:47","guid":{"rendered":"https:\/\/noticiasbahia360.com.br\/?p=87392"},"modified":"2025-05-24T23:48:47","modified_gmt":"2025-05-25T02:48:47","slug":"brasil-conquista-premios-de-melhor-ator-e-melhor-direcao-em-cannes","status":"publish","type":"post","link":"https:\/\/noticiasbahia360.com.br\/?p=87392","title":{"rendered":"Brasil conquista pr\u00eamios de melhor ator e melhor dire\u00e7\u00e3o em Cannes"},"content":{"rendered":"<div>\n<div>\n<figure><img decoding=\"async\" src=\"http:\/\/noticiasbahia360.com.br\/wp-content\/uploads\/2025\/05\/JRGLfl04-Wagner-Moura-vence-cannes.webp\" alt=\"Kleber Mendon\u00e7a Filho e Wagner Moura durante as grava\u00e7\u00f5es de \" o agente secreto foto: divulga juc vence cannes><figcaption>Kleber Mendon\u00e7a Filho e Wagner Moura durante as grava\u00e7\u00f5es de &#8220;O Agente Secreto&#8221; | Foto: Divulga\u00e7\u00e3o\/Victor Juc\u00e1.<\/figcaption><\/figure>\n<\/div>\n<p>Neste s\u00e1bado (24) aconteceram as premia\u00e7\u00f5es dos filmes que mais se destacaram na 78\u00ba edi\u00e7\u00e3o do Festival de Cannes, na Fran\u00e7a. O brasileiro \u201cO Agente Secreto\u201d, de Kleber Mendon\u00e7a Filho, ganhou o pr\u00eamio de melhor dire\u00e7\u00e3o, enquanto Wagner Moura, protagonista da pel\u00edcula, tamb\u00e9m foi premiado como melhor ator.<\/p>\n<p>O filme tamb\u00e9m era um dos favoritos para ganhar a Palma de Ouro, a maior premia\u00e7\u00e3o de Cannes, mas, quem levou foi o longa iraniano \u201cUm simples Acidente\u201d, do cineasta Jafar Panahi.<\/p>\n<p>O longa se destacou como um dos prov\u00e1veis vencedores do pr\u00eamio ap\u00f3s sua exibi\u00e7\u00e3o no dia 18 de maio, quando recebeu cerca de 15 minutos de aplausos. Desde ent\u00e3o, o filme ganhou muitos elogios da cr\u00edtica internacional.<\/p>\n<figure class=\"wp-block-image size-large\"><img fetchpriority=\"high\" data-dominant-color=\"896460\" data-has-transparency=\"false\" style=\"--dominant-color: #896460;\" decoding=\"async\" width=\"1024\" height=\"613\" sizes=\"(max-width: 1024px) 100vw, 1024px\" src=\"http:\/\/noticiasbahia360.com.br\/wp-content\/uploads\/2025\/05\/Uc0Whe9f-Brasil-em-cannes-1024x613-1.webp\" alt=\"cannes\" class=\"wp-image-557578 not-transparent\" srcset=\"https:\/\/uploads.acordacidade.com.br\/2025\/05\/Uc0Whe9f-Brasil-em-cannes-300x180.webp 300w, http:\/\/noticiasbahia360.com.br\/wp-content\/uploads\/2025\/05\/Uc0Whe9f-Brasil-em-cannes-1024x613-1.webp 1024w, https:\/\/uploads.acordacidade.com.br\/2025\/05\/Uc0Whe9f-Brasil-em-cannes-768x460.webp 768w, https:\/\/uploads.acordacidade.com.br\/2025\/05\/Uc0Whe9f-Brasil-em-cannes-150x90.webp 150w, https:\/\/uploads.acordacidade.com.br\/2025\/05\/Uc0Whe9f-Brasil-em-cannes.webp 1200w\"><figcaption class=\"wp-element-caption\">Elenco de \u201cO agente secreto\u201d | Foto: Reprodu\u00e7\u00e3o\/Instagram<\/figcaption><\/figure>\n<h2 class=\"wp-block-heading\" id=\"h-historico-do-brasil-no-festival\">Hist\u00f3rico do Brasil no festival<\/h2>\n<p>Com o pr\u00eamio para Wagner Moura, esta \u00e9 a primeira vez que um ator brasileiro \u00e9 reconhecido por uma interpreta\u00e7\u00e3o. Em outras ocasi\u00f5es, as atrizes Fernanda Torres, pelo filme \u201cEu sei que vou te amar\u201d, em 1986, e Sandra Corveloni, por \u201cLinha de Passe\u201d, em 2008, conquistaram o pr\u00eamio de melhor interpreta\u00e7\u00e3o feminina.<\/p>\n<p>J\u00e1 em melhor diretor, a vit\u00f3ria de Kleber Mendon\u00e7a Filho marca a quebra de um jejum que vinha desde 1968, quando o diretor Glauber Rocha venceu por \u201c O drag\u00e3o da maldade contra o Santo Guerreiro\u201d.<\/p>\n<h2 class=\"wp-block-heading\" id=\"h-pais-de-honra-no-festival-de-cannes\">Pa\u00eds de Honra no Festival de Cannes<\/h2>\n<p>Em fevereiro, o Festival de Cannes j\u00e1 havia anunciado o Brasil como Pa\u00eds de Honra na edi\u00e7\u00e3o de 2025. A iniciativa, do March\u00e9 du Film (mercado de filmes do festival), celebra uma na\u00e7\u00e3o diferente a cada ano e reconhece suas contribui\u00e7\u00f5es para a ind\u00fastria cinematogr\u00e1fica global.<\/p>\n<p>O Brasil \u00e9 o quarto pa\u00eds a receber o t\u00edtulo, que j\u00e1 foi da Su\u00ed\u00e7a (2024), Espanha (2023) e \u00cdndia (2022).<\/p>\n<p><em>Siga o Acorda Cidade no<\/em><a href=\"https:\/\/news.google.com\/search?q=acorda%20cidade&amp;hl=pt-BR&amp;gl=BR&amp;ceid=BR%3Apt-419\"><strong><em>\u00a0Google Not\u00edcias<\/em><\/strong><\/a><em>\u00a0e receba os principais destaques do dia. Participe tamb\u00e9m dos nossos canais no\u00a0<\/em><a href=\"https:\/\/www.whatsapp.com\/channel\/0029Va6Rb4v3WHTNnsh8WI3N\"><strong><em>WhatsApp<\/em><\/strong><\/a><em>\u00a0e\u00a0<\/em><a href=\"https:\/\/www.youtube.com\/@acordacidadenoticias\/videos\"><strong>YouTube<\/strong><\/a><em>\u00a0e do grupo no\u00a0<\/em><a href=\"https:\/\/t.me\/+sSz0khrgARA0ZmRh\"><strong><em>Telegram<\/em><\/strong><\/a><\/p>\n<\/div>\n","protected":false},"excerpt":{"rendered":"<div>\n<div>\n<figure><img decoding=\"async\" src=\"https:\/\/uploads.acordacidade.com.br\/2025\/05\/JRGLfl04-Wagner-Moura-vence-cannes.webp\" alt=\"Kleber Mendon\u00e7a Filho e Wagner Moura durante as grava\u00e7\u00f5es de \"><figcaption>Kleber Mendon\u00e7a Filho e Wagner Moura durante as grava\u00e7\u00f5es de &#8220;O Agente Secreto&#8221; | Foto: Divulga\u00e7\u00e3o\/Victor Juc\u00e1.<\/figcaption><\/figure>\n<\/div>\n<p>Pr\u00eamios foram para o ator baiano Wagner Moura e diretor pernambucano Kleber Mendon\u00e7a Filho.<\/p><\/div>\n","protected":false},"author":1,"featured_media":87393,"comment_status":"closed","ping_status":"closed","sticky":false,"template":"","format":"gallery","meta":{"footnotes":""},"categories":[8,9,6,57,56,10],"tags":[],"class_list":["post-87392","post","type-post","status-publish","format-gallery","has-post-thumbnail","hentry","category-bahia","category-brasil","category-feira-de-santana","category-mundo","category-policia","category-politica","post_format-post-format-gallery"],"featured_image_urls":{"full":["https:\/\/noticiasbahia360.com.br\/wp-content\/uploads\/2025\/05\/JRGLfl04-Wagner-Moura-vence-cannes.webp",1200,676,false],"thumbnail":["https:\/\/noticiasbahia360.com.br\/wp-content\/uploads\/2025\/05\/JRGLfl04-Wagner-Moura-vence-cannes-150x150.webp",150,150,true],"medium":["https:\/\/noticiasbahia360.com.br\/wp-content\/uploads\/2025\/05\/JRGLfl04-Wagner-Moura-vence-cannes-300x169.webp",300,169,true],"medium_large":["https:\/\/noticiasbahia360.com.br\/wp-content\/uploads\/2025\/05\/JRGLfl04-Wagner-Moura-vence-cannes-768x433.webp",640,361,true],"large":["https:\/\/noticiasbahia360.com.br\/wp-content\/uploads\/2025\/05\/JRGLfl04-Wagner-Moura-vence-cannes-1024x577.webp",640,361,true],"1536x1536":["https:\/\/noticiasbahia360.com.br\/wp-content\/uploads\/2025\/05\/JRGLfl04-Wagner-Moura-vence-cannes.webp",1200,676,false],"2048x2048":["https:\/\/noticiasbahia360.com.br\/wp-content\/uploads\/2025\/05\/JRGLfl04-Wagner-Moura-vence-cannes.webp",1200,676,false],"chromenews-featured":["https:\/\/noticiasbahia360.com.br\/wp-content\/uploads\/2025\/05\/JRGLfl04-Wagner-Moura-vence-cannes-1024x577.webp",1024,577,true],"chromenews-large":["https:\/\/noticiasbahia360.com.br\/wp-content\/uploads\/2025\/05\/JRGLfl04-Wagner-Moura-vence-cannes-825x575.webp",825,575,true],"chromenews-medium":["https:\/\/noticiasbahia360.com.br\/wp-content\/uploads\/2025\/05\/JRGLfl04-Wagner-Moura-vence-cannes-590x410.webp",590,410,true]},"author_info":{"display_name":"noticiasbahia360.com.br","author_link":"https:\/\/noticiasbahia360.com.br\/?author=1"},"category_info":"<a href=\"https:\/\/noticiasbahia360.com.br\/?cat=8\" rel=\"category\">Bahia<\/a> <a href=\"https:\/\/noticiasbahia360.com.br\/?cat=9\" rel=\"category\">Brasil<\/a> <a href=\"https:\/\/noticiasbahia360.com.br\/?cat=6\" rel=\"category\">Feira de Santana<\/a> <a href=\"https:\/\/noticiasbahia360.com.br\/?cat=57\" rel=\"category\">Mundo<\/a> <a href=\"https:\/\/noticiasbahia360.com.br\/?cat=56\" rel=\"category\">Pol\u00edcia<\/a> <a href=\"https:\/\/noticiasbahia360.com.br\/?cat=10\" rel=\"category\">Pol\u00edtica<\/a>","tag_info":"Pol\u00edtica","comment_count":"0","_links":{"self":[{"href":"https:\/\/noticiasbahia360.com.br\/index.php?rest_route=\/wp\/v2\/posts\/87392","targetHints":{"allow":["GET"]}}],"collection":[{"href":"https:\/\/noticiasbahia360.com.br\/index.php?rest_route=\/wp\/v2\/posts"}],"about":[{"href":"https:\/\/noticiasbahia360.com.br\/index.php?rest_route=\/wp\/v2\/types\/post"}],"author":[{"embeddable":true,"href":"https:\/\/noticiasbahia360.com.br\/index.php?rest_route=\/wp\/v2\/users\/1"}],"replies":[{"embeddable":true,"href":"https:\/\/noticiasbahia360.com.br\/index.php?rest_route=%2Fwp%2Fv2%2Fcomments&post=87392"}],"version-history":[{"count":0,"href":"https:\/\/noticiasbahia360.com.br\/index.php?rest_route=\/wp\/v2\/posts\/87392\/revisions"}],"wp:featuredmedia":[{"embeddable":true,"href":"https:\/\/noticiasbahia360.com.br\/index.php?rest_route=\/wp\/v2\/media\/87393"}],"wp:attachment":[{"href":"https:\/\/noticiasbahia360.com.br\/index.php?rest_route=%2Fwp%2Fv2%2Fmedia&parent=87392"}],"wp:term":[{"taxonomy":"category","embeddable":true,"href":"https:\/\/noticiasbahia360.com.br\/index.php?rest_route=%2Fwp%2Fv2%2Fcategories&post=87392"},{"taxonomy":"post_tag","embeddable":true,"href":"https:\/\/noticiasbahia360.com.br\/index.php?rest_route=%2Fwp%2Fv2%2Ftags&post=87392"}],"curies":[{"name":"wp","href":"https:\/\/api.w.org\/{rel}","templated":true}]}}