{"id":87395,"date":"2025-05-24T23:48:55","date_gmt":"2025-05-25T02:48:55","guid":{"rendered":"https:\/\/noticiasbahia360.com.br\/?p=87395"},"modified":"2025-05-24T23:48:55","modified_gmt":"2025-05-25T02:48:55","slug":"marcha-para-jesus-milhares-de-fieis-se-reunem-no-centro-do-rio-de-janeiro","status":"publish","type":"post","link":"https:\/\/noticiasbahia360.com.br\/?p=87395","title":{"rendered":"Marcha para Jesus: milhares de fi\u00e9is se re\u00fanem no centro do Rio de Janeiro"},"content":{"rendered":"<div>\n<div>\n<figure><img decoding=\"async\" src=\"http:\/\/noticiasbahia360.com.br\/wp-content\/uploads\/2025\/05\/NYO8V2Tz-Marcha-pra-Jesus-no-Rio-de-Janeiro-1.webp\" alt=\"Marcha pra Jesus no Rio de Janeiro\"><figcaption>Foto: Fernando Fraz\u00e3o\/Ag\u00eancia Brasil <\/figcaption><\/figure>\n<\/div>\n<p><strong>Ag\u00eancia Brasil \u2013 A Marcha para Jesus, evento religioso que j\u00e1 faz parte do calend\u00e1rio oficial da cidade do Rio de Janeiro, reuniu na sua 18\u00aa edi\u00e7\u00e3o milhares de fi\u00e9is no centro da capital fluminense, neste s\u00e1bado (24). A expectativa dos organizadores \u00e9 que cerca de 300 mil pessoas participem da caminhada.<\/strong><img decoding=\"async\" src=\"https:\/\/agenciabrasil.ebc.com.br\/ebc.png?id=1644080&amp;o=node\"><img decoding=\"async\" src=\"https:\/\/agenciabrasil.ebc.com.br\/ebc.gif?id=1644080&amp;o=node\"><\/p>\n<p>A tradicional concentra\u00e7\u00e3o, \u00e0s 14h, foi na Avenida Presidente Vargas, uma das principais vias da cidade, de onde seguiram at\u00e9 a Pra\u00e7a da Apoteose, no Samb\u00f3dromo, tamb\u00e9m na regi\u00e3o central. L\u00e1, 40 mil pessoas, n\u00famero dos organizadores, assistem \u00e0s apresenta\u00e7\u00f5es de nomes de destaque da m\u00fasica gospel, que v\u00e3o se revezar no palco por mais de 8 horas. O evento deve ir at\u00e9 as 23h.<\/p>\n<p>Entre os artistas gospel que se apresentar\u00e3o est\u00e3o Aline Barros, Thalles Roberto, Midian Lima, Bruna Karla, Maria Mar\u00e7al, DJ Marcelo Ara\u00fajo, Sarah Beatriz, Samuel Messias, Sarah Farias, Renascer Praise, Victin, Sued Silva, Valesca Mayssa, Kemilly Santos, Marcus Salles e Marcados Pagode Gospel.<\/p>\n<figure class=\"wp-block-image size-large\"><img fetchpriority=\"high\" data-dominant-color=\"544c49\" data-has-transparency=\"false\" style=\"--dominant-color: #544c49;\" fetchpriority=\"high\" decoding=\"async\" width=\"1024\" height=\"684\" sizes=\"(max-width: 1024px) 100vw, 1024px\" src=\"http:\/\/noticiasbahia360.com.br\/wp-content\/uploads\/2025\/05\/5xdpOWUA-Marcha-pra-Jesus-no-Rio-de-Janeiro-1024x684-1.webp\" alt=\"Marcha pra Jesus no Rio de Janeiro\" class=\"wp-image-557586 not-transparent\" srcset=\"https:\/\/uploads.acordacidade.com.br\/2025\/05\/5xdpOWUA-Marcha-pra-Jesus-no-Rio-de-Janeiro--300x200.webp 300w, http:\/\/noticiasbahia360.com.br\/wp-content\/uploads\/2025\/05\/5xdpOWUA-Marcha-pra-Jesus-no-Rio-de-Janeiro-1024x684-1.webp 1024w, https:\/\/uploads.acordacidade.com.br\/2025\/05\/5xdpOWUA-Marcha-pra-Jesus-no-Rio-de-Janeiro--768x513.webp 768w, https:\/\/uploads.acordacidade.com.br\/2025\/05\/5xdpOWUA-Marcha-pra-Jesus-no-Rio-de-Janeiro--150x100.webp 150w, https:\/\/uploads.acordacidade.com.br\/2025\/05\/5xdpOWUA-Marcha-pra-Jesus-no-Rio-de-Janeiro-.webp 1200w\"><figcaption class=\"wp-element-caption\">Foto: Fernando Fraz\u00e3o\/Ag\u00eancia Brasil <\/figcaption><\/figure>\n<p>A cantora gospel Sued Silva disse estar alegre por participar pela primeira vez da Marcha para Jesus do Rio de Janeiro, que, segundo ela, \u00e9 uma refer\u00eancia para todo do Brasil.\u00a0<\/p>\n<blockquote class=\"wp-block-quote is-layout-flow wp-block-quote-is-layout-flow\">\n<p>\u201cO nome de Jesus \u00e9 glorificado atrav\u00e9s desse evento, muitas pessoas s\u00e3o alcan\u00e7adas pela presen\u00e7a de Deus. Tenho certeza que hoje n\u00e3o vai ser diferente. O senhor, com certeza, ser\u00e1 glorificado atrav\u00e9s dos louvores e eu estou com meu cora\u00e7\u00e3o aberto, ansioso e feliz\u201d, disse \u00e0\u00a0<strong>Ag\u00eancia Brasil<\/strong>.<\/p>\n<\/blockquote>\n<p><strong>A Marcha Para Jesus, que foi reconhecida em 2023, como Patrim\u00f4nio Cultural Imaterial do Estado, \u00e9 promovida pelo Conselho de Ministros do Rio de Janeiro (Comerj) com patroc\u00ednio da prefeitura e do governo do Estado do Rio de Janeiro. O tema deste ano \u00e9 A Paz \u00e9 Para Todos.<\/strong><\/p>\n<p>O presidente do Comerj, o pastor Cl\u00e1udio Duarte, disse que o tema foi decidido a partir de um olhar sobre a necessidade do povo do Rio de Janeiro. A paz e a seguran\u00e7a p\u00fablica s\u00e3o o desafio de todos os governantes.<\/p>\n<blockquote class=\"wp-block-quote is-layout-flow wp-block-quote-is-layout-flow\">\n<p>\u201cSomos um s\u00f3 povo, povo do Deus alt\u00edssimo. Vamos adorar, vamos engrandecer o nome do senhor e vamos ver a boa m\u00e3o do nosso senhor agindo em prol do nosso estado\u201d, afirmou o pastor Duarte no palco da Apoteose.<\/p>\n<\/blockquote>\n<h2 class=\"wp-block-heading\" id=\"h-calendario-da-cidade\">Calend\u00e1rio da Cidade<\/h2>\n<p>Parte do calend\u00e1rio oficial da cidade, o evento tem como prop\u00f3sito promover a paz e fortalecer os la\u00e7os de f\u00e9 entre os participantes.\u00a0<strong>Al\u00e9m dos momentos musicais, a Marcha \u00e9 um convite \u00e0 reflex\u00e3o sobre a espiritualidade e a unidade dos crist\u00e3os.<\/strong><\/p>\n<p>Reconhecida como Patrim\u00f4nio Cultural Imaterial do Estado em 2023, a Marcha Para Jesus do Rio de Janeiro assume \u201co compromisso de estimular, apoiar, preservar e divulgar as manifesta\u00e7\u00f5es culturais, religiosas e express\u00f5es art\u00edsticas, inclusive as de iniciativas populares\u201d.<\/p>\n<p><strong>A primeira Marcha no Rio de Janeiro ocorreu em 1998. Em 3 de setembro de 2009 foi institu\u00eddo o dia nacional e em 11 de janeiro de 2011, o encontro passou a fazer parte do calend\u00e1rio oficial da cidade do Rio de Janeiro.<\/strong><\/p>\n<figure class=\"wp-block-image size-large\"><img data-dominant-color=\"77706a\" data-has-transparency=\"false\" style=\"--dominant-color: #77706a;\" decoding=\"async\" width=\"1024\" height=\"613\" sizes=\"(max-width: 1024px) 100vw, 1024px\" src=\"http:\/\/noticiasbahia360.com.br\/wp-content\/uploads\/2025\/05\/7eAO3Ikq-Marcha-pra-Jesus-no-Rio-de-Janeiro-1024x613-1.webp\" alt=\"Marcha pra Jesus no Rio de Janeiro\" class=\"wp-image-557587 not-transparent\" srcset=\"https:\/\/uploads.acordacidade.com.br\/2025\/05\/7eAO3Ikq-Marcha-pra-Jesus-no-Rio-de-Janeiro-300x180.webp 300w, http:\/\/noticiasbahia360.com.br\/wp-content\/uploads\/2025\/05\/7eAO3Ikq-Marcha-pra-Jesus-no-Rio-de-Janeiro-1024x613-1.webp 1024w, https:\/\/uploads.acordacidade.com.br\/2025\/05\/7eAO3Ikq-Marcha-pra-Jesus-no-Rio-de-Janeiro-768x460.webp 768w, https:\/\/uploads.acordacidade.com.br\/2025\/05\/7eAO3Ikq-Marcha-pra-Jesus-no-Rio-de-Janeiro-150x90.webp 150w, https:\/\/uploads.acordacidade.com.br\/2025\/05\/7eAO3Ikq-Marcha-pra-Jesus-no-Rio-de-Janeiro.webp 1200w\"><figcaption class=\"wp-element-caption\">Foto: Fernando Fraz\u00e3o\/Ag\u00eancia Brasil <\/figcaption><\/figure>\n<h2 class=\"wp-block-heading\" id=\"h-esquema\">Esquema<\/h2>\n<p>A Prefeitura do Rio montou uma opera\u00e7\u00e3o especial para o encontro, incluindo agentes de sete \u00f3rg\u00e3os e secretarias que trabalham nas Avenidas Marqu\u00eas de Sapuca\u00ed e Presidente Vargas e ruas do entorno para assegurar tanto o bem-estar dos participantes, como no monitoramento da ordem p\u00fablica, opera\u00e7\u00e3o de transporte, fiscaliza\u00e7\u00e3o do tr\u00e2nsito e limpeza da regi\u00e3o.<\/p>\n<p><strong>A movimenta\u00e7\u00e3o do p\u00fablico desde a concentra\u00e7\u00e3o at\u00e9 a Pra\u00e7a da Apoteose \u00e9 acompanhada por 70 c\u00e2meras e dois drones do Centro de Opera\u00e7\u00f5es e Resili\u00eancia da Prefeitura do Rio (COR-Rio)<\/strong>. \u201cMais de 100 operadores estar\u00e3o de plant\u00e3o na Sala de Situa\u00e7\u00e3o do COR-Rio. O videowall que exibe as imagens das c\u00e2meras espalhadas pela cidade ter\u00e1 um layout exclusivo para o evento com o objetivo de acompanhar o deslocamento dos espectadores\u201d, informou a Prefeitura do Rio.<\/p>\n<p>Para garantir a fluidez do tr\u00e2nsito, a CET-Rio interditou o tr\u00e1fego j\u00e1 desde ontem (23) no entorno da \u00e1rea do encontro. A opera\u00e7\u00e3o tem a participa\u00e7\u00e3o de 74 operadores de tr\u00e2nsito, entre agentes da Guarda Municipal, da CET-Rio e apoiadores de tr\u00e1fego. Eles impedem estacionamento irregular, ordenar os cruzamentos, orientar pedestres e efetuar os bloqueios vi\u00e1rios necess\u00e1rios.<\/p>\n<p>A estrutura da Comlurb no evento na \u00e1rea externa do Samb\u00f3dromo e nas ruas do entorno, conta com 130 garis e 16 fiscais de servi\u00e7o, divididos em dois turnos. As equipes de limpeza v\u00e3o acompanhar a caminhada dos participantes da Presidente Vargas at\u00e9 a Marqu\u00eas de Sapuca\u00ed, onde a Marcha terminar\u00e1 na Apoteose.<\/p>\n<p><strong>A Secretaria de Pol\u00edticas para Mulheres e Cuidados est\u00e1 presente para a\u00e7\u00f5es de conscientiza\u00e7\u00e3o e de enfrentamento ao ass\u00e9dio e \u00e0 viol\u00eancia contra as mulheres com a distribui\u00e7\u00e3o de materiais informativos, orientando o p\u00fablico sobre os tipos de viol\u00eancia e os canais de apoio dispon\u00edveis.<\/strong><\/p>\n<figure class=\"wp-block-image size-large\"><img data-dominant-color=\"575959\" data-has-transparency=\"false\" style=\"--dominant-color: #575959;\" decoding=\"async\" width=\"1024\" height=\"684\" sizes=\"(max-width: 1024px) 100vw, 1024px\" src=\"http:\/\/noticiasbahia360.com.br\/wp-content\/uploads\/2025\/05\/mBe5NFkv-Marcha-pra-Jesus-no-Rio-de-Janeiro-2-1024x684-1.webp\" alt=\"Marcha pra Jesus no Rio de Janeiro\" class=\"wp-image-557584 not-transparent\" srcset=\"https:\/\/uploads.acordacidade.com.br\/2025\/05\/mBe5NFkv-Marcha-pra-Jesus-no-Rio-de-Janeiro-2-300x200.webp 300w, http:\/\/noticiasbahia360.com.br\/wp-content\/uploads\/2025\/05\/mBe5NFkv-Marcha-pra-Jesus-no-Rio-de-Janeiro-2-1024x684-1.webp 1024w, https:\/\/uploads.acordacidade.com.br\/2025\/05\/mBe5NFkv-Marcha-pra-Jesus-no-Rio-de-Janeiro-2-768x513.webp 768w, https:\/\/uploads.acordacidade.com.br\/2025\/05\/mBe5NFkv-Marcha-pra-Jesus-no-Rio-de-Janeiro-2-150x100.webp 150w, https:\/\/uploads.acordacidade.com.br\/2025\/05\/mBe5NFkv-Marcha-pra-Jesus-no-Rio-de-Janeiro-2.webp 1200w\"><figcaption class=\"wp-element-caption\">Foto: Fernando Fraz\u00e3o\/Ag\u00eancia Brasil <\/figcaption><\/figure>\n<blockquote class=\"wp-block-quote is-layout-flow wp-block-quote-is-layout-flow\">\n<p>\u201cOs banheiros femininos do evento tamb\u00e9m ser\u00e3o adesivados com pe\u00e7as da campanha, incluindo QR Code que direciona para o site www.mulher.rio, da Prefeitura do Rio, onde \u00e9 poss\u00edvel acessar informa\u00e7\u00f5es e localizar o ponto de atendimento mais pr\u00f3ximo\u201d, informou a Prefeitura do Rio.<\/p>\n<\/blockquote>\n<h2 class=\"wp-block-heading\" id=\"h-transporte\">Transporte<\/h2>\n<p>Para chegar ao local da concentra\u00e7\u00e3o o VLT Carioca preparou um esquema para atender o p\u00fablico desde o Terminal Gentileza, na regi\u00e3o portu\u00e1ria. Quem chegou pela Central do Brasil tamb\u00e9m p\u00f4de usar esse tipo de transporte. O VLT funcionar\u00e1 at\u00e9 \u00e0s 23h.<\/p>\n<p><strong>A SuperVia garantiu que os fi\u00e9is ter\u00e3o trens extras ap\u00f3s a Marcha para Jesus. Na volta para casa haver\u00e1 viagens para Japeri, Santa Cruz, interligado ao Deodoro e Saracuruna, a partir da esta\u00e7\u00e3o Central do Brasil. A esta\u00e7\u00e3o Central do Brasil funcionar\u00e1 para embarque at\u00e9 \u00e0s 22h15. As demais esta\u00e7\u00f5es funcionar\u00e3o apenas para desembarque<\/strong>.<\/p>\n<p><strong>O funcionamento do Metr\u00f4Rio est\u00e1 previsto para at\u00e9 meia-noite.<\/strong>\u00a0A linha 2 vai operar entre os bairros da Pavuna e de Botafogo, e as linhas 1 e 4 far\u00e3o o trajeto das esta\u00e7\u00f5es Uruguai-Jardim Oce\u00e2nico, na Barra da Tijuca. A transfer\u00eancia entre as linhas 1 e 2 poder\u00e1 ser feita no trecho entre as esta\u00e7\u00f5es Central do Brasil\/Centro e Botafogo.<\/p>\n<p>O efetivo de seguran\u00e7a e de operadores de esta\u00e7\u00e3o nas esta\u00e7\u00f5es do centro foi refor\u00e7ado.\u00a0<strong>A concession\u00e1ria recomendou que os clientes utilizem m\u00e9todos de pagamento por aproxima\u00e7\u00e3o ou comprem e recarreguem seus cart\u00f5es com anteced\u00eancia para evitar filas.<\/strong><\/p>\n<p><em>Siga o Acorda Cidade no<\/em><a href=\"https:\/\/news.google.com\/search?q=acorda%20cidade&amp;hl=pt-BR&amp;gl=BR&amp;ceid=BR%3Apt-419\"><strong><em>\u00a0Google Not\u00edcias<\/em><\/strong><\/a><em>\u00a0e receba os principais destaques do dia. Participe tamb\u00e9m dos nossos canais no\u00a0<\/em><a href=\"https:\/\/www.whatsapp.com\/channel\/0029Va6Rb4v3WHTNnsh8WI3N\"><strong><em>WhatsApp<\/em><\/strong><\/a><em>\u00a0e\u00a0<\/em><a href=\"https:\/\/www.youtube.com\/@acordacidadenoticias\/videos\"><strong>YouTube<\/strong><\/a><em>\u00a0e do grupo no\u00a0<\/em><a href=\"https:\/\/t.me\/+sSz0khrgARA0ZmRh\"><strong><em>Telegram<\/em><\/strong><\/a><\/p>\n<\/div>\n","protected":false},"excerpt":{"rendered":"<div>\n<div>\n<figure><img decoding=\"async\" src=\"https:\/\/uploads.acordacidade.com.br\/2025\/05\/NYO8V2Tz-Marcha-pra-Jesus-no-Rio-de-Janeiro-1.webp\" alt=\"Marcha pra Jesus no Rio de Janeiro\"><figcaption>Foto: Fernando Fraz\u00e3o\/Ag\u00eancia Brasil <\/figcaption><\/figure>\n<\/div>\n<p>A Marcha Para Jesus foi reconhecida em 2023 como Patrim\u00f4nio Cultural Imaterial do Estado. O tema deste ano \u00e9 A Paz \u00e9 Para Todos.<\/p><\/div>\n","protected":false},"author":1,"featured_media":87396,"comment_status":"closed","ping_status":"closed","sticky":false,"template":"","format":"gallery","meta":{"footnotes":""},"categories":[8,9,6,57,56,10],"tags":[],"class_list":["post-87395","post","type-post","status-publish","format-gallery","has-post-thumbnail","hentry","category-bahia","category-brasil","category-feira-de-santana","category-mundo","category-policia","category-politica","post_format-post-format-gallery"],"featured_image_urls":{"full":["https:\/\/noticiasbahia360.com.br\/wp-content\/uploads\/2025\/05\/NYO8V2Tz-Marcha-pra-Jesus-no-Rio-de-Janeiro-1.webp",1200,801,false],"thumbnail":["https:\/\/noticiasbahia360.com.br\/wp-content\/uploads\/2025\/05\/NYO8V2Tz-Marcha-pra-Jesus-no-Rio-de-Janeiro-1-150x150.webp",150,150,true],"medium":["https:\/\/noticiasbahia360.com.br\/wp-content\/uploads\/2025\/05\/NYO8V2Tz-Marcha-pra-Jesus-no-Rio-de-Janeiro-1-300x200.webp",300,200,true],"medium_large":["https:\/\/noticiasbahia360.com.br\/wp-content\/uploads\/2025\/05\/NYO8V2Tz-Marcha-pra-Jesus-no-Rio-de-Janeiro-1-768x513.webp",640,428,true],"large":["https:\/\/noticiasbahia360.com.br\/wp-content\/uploads\/2025\/05\/NYO8V2Tz-Marcha-pra-Jesus-no-Rio-de-Janeiro-1-1024x684.webp",640,428,true],"1536x1536":["https:\/\/noticiasbahia360.com.br\/wp-content\/uploads\/2025\/05\/NYO8V2Tz-Marcha-pra-Jesus-no-Rio-de-Janeiro-1.webp",1200,801,false],"2048x2048":["https:\/\/noticiasbahia360.com.br\/wp-content\/uploads\/2025\/05\/NYO8V2Tz-Marcha-pra-Jesus-no-Rio-de-Janeiro-1.webp",1200,801,false],"chromenews-featured":["https:\/\/noticiasbahia360.com.br\/wp-content\/uploads\/2025\/05\/NYO8V2Tz-Marcha-pra-Jesus-no-Rio-de-Janeiro-1-1024x684.webp",1024,684,true],"chromenews-large":["https:\/\/noticiasbahia360.com.br\/wp-content\/uploads\/2025\/05\/NYO8V2Tz-Marcha-pra-Jesus-no-Rio-de-Janeiro-1-825x575.webp",825,575,true],"chromenews-medium":["https:\/\/noticiasbahia360.com.br\/wp-content\/uploads\/2025\/05\/NYO8V2Tz-Marcha-pra-Jesus-no-Rio-de-Janeiro-1-590x410.webp",590,410,true]},"author_info":{"display_name":"noticiasbahia360.com.br","author_link":"https:\/\/noticiasbahia360.com.br\/?author=1"},"category_info":"<a href=\"https:\/\/noticiasbahia360.com.br\/?cat=8\" rel=\"category\">Bahia<\/a> <a href=\"https:\/\/noticiasbahia360.com.br\/?cat=9\" rel=\"category\">Brasil<\/a> <a href=\"https:\/\/noticiasbahia360.com.br\/?cat=6\" rel=\"category\">Feira de Santana<\/a> <a href=\"https:\/\/noticiasbahia360.com.br\/?cat=57\" rel=\"category\">Mundo<\/a> <a href=\"https:\/\/noticiasbahia360.com.br\/?cat=56\" rel=\"category\">Pol\u00edcia<\/a> <a href=\"https:\/\/noticiasbahia360.com.br\/?cat=10\" rel=\"category\">Pol\u00edtica<\/a>","tag_info":"Pol\u00edtica","comment_count":"0","_links":{"self":[{"href":"https:\/\/noticiasbahia360.com.br\/index.php?rest_route=\/wp\/v2\/posts\/87395","targetHints":{"allow":["GET"]}}],"collection":[{"href":"https:\/\/noticiasbahia360.com.br\/index.php?rest_route=\/wp\/v2\/posts"}],"about":[{"href":"https:\/\/noticiasbahia360.com.br\/index.php?rest_route=\/wp\/v2\/types\/post"}],"author":[{"embeddable":true,"href":"https:\/\/noticiasbahia360.com.br\/index.php?rest_route=\/wp\/v2\/users\/1"}],"replies":[{"embeddable":true,"href":"https:\/\/noticiasbahia360.com.br\/index.php?rest_route=%2Fwp%2Fv2%2Fcomments&post=87395"}],"version-history":[{"count":0,"href":"https:\/\/noticiasbahia360.com.br\/index.php?rest_route=\/wp\/v2\/posts\/87395\/revisions"}],"wp:featuredmedia":[{"embeddable":true,"href":"https:\/\/noticiasbahia360.com.br\/index.php?rest_route=\/wp\/v2\/media\/87396"}],"wp:attachment":[{"href":"https:\/\/noticiasbahia360.com.br\/index.php?rest_route=%2Fwp%2Fv2%2Fmedia&parent=87395"}],"wp:term":[{"taxonomy":"category","embeddable":true,"href":"https:\/\/noticiasbahia360.com.br\/index.php?rest_route=%2Fwp%2Fv2%2Fcategories&post=87395"},{"taxonomy":"post_tag","embeddable":true,"href":"https:\/\/noticiasbahia360.com.br\/index.php?rest_route=%2Fwp%2Fv2%2Ftags&post=87395"}],"curies":[{"name":"wp","href":"https:\/\/api.w.org\/{rel}","templated":true}]}}