{"id":87400,"date":"2025-05-25T00:03:38","date_gmt":"2025-05-25T03:03:38","guid":{"rendered":"https:\/\/noticiasbahia360.com.br\/?p=87400"},"modified":"2025-05-25T00:03:38","modified_gmt":"2025-05-25T03:03:38","slug":"presidente-lula-lanca-programa-para-recuperar-solo-de-agricultores-familiares","status":"publish","type":"post","link":"https:\/\/noticiasbahia360.com.br\/?p=87400","title":{"rendered":"Presidente Lula lan\u00e7a programa para recuperar solo de agricultores familiares"},"content":{"rendered":"<div>\n<div>\n<figure><img decoding=\"async\" src=\"http:\/\/noticiasbahia360.com.br\/wp-content\/uploads\/2025\/05\/p5ydH9LS-Lula.webp\" alt=\"Lula\"><figcaption>Foto: Ricardo Stuckert \/ PR<\/figcaption><\/figure>\n<\/div>\n<p>Ag\u00eancia Brasil \u2013 <strong>O presidente Luiz In\u00e1cio Lula da Silva lan\u00e7ou neste s\u00e1bado (24) o Programa Solo Vivo para auxiliar na recupera\u00e7\u00e3o de solos degradados de propriedades de agricultores familiares do Mato Grosso. O projeto tem investimento inicial de R$ 43 milh\u00f5es.<\/strong><img decoding=\"async\" src=\"https:\/\/agenciabrasil.ebc.com.br\/ebc.png?id=1644038&amp;o=node\"><img decoding=\"async\" src=\"https:\/\/agenciabrasil.ebc.com.br\/ebc.gif?id=1644038&amp;o=node\"><\/p>\n<p>O lan\u00e7amento foi realizado no assentamento Santo Antonio da Fartura, no munic\u00edpio de Campo Verde (MT).<\/p>\n<p><strong>Lula tamb\u00e9m entregou m\u00e1quinas agr\u00edcolas, 78 t\u00edtulos de dom\u00ednio para assentamentos da regi\u00e3o e anunciou investimentos de R$ 5 bilh\u00f5es do Banco Nacional de Desenvolvimento Econ\u00f4mico e Social (BNDES) para pavimenta\u00e7\u00e3o da rodovia BR-163, estrada vai de Tenente Portela, no Rio Grande do Sul, a Santar\u00e9m , no Par\u00e1.<\/strong><\/p>\n<p>Para o presidente, o programa representa \u201co novo come\u00e7o\u201d das coisas que v\u00e3o acontecer no Brasil.<\/p>\n<p>\u201cNunca neste pa\u00eds houve um governo que fosse republicano e que colocasse tanto dinheiro nos estados como n\u00f3s temos colocado\u201d, disse.<\/p>\n<figure class=\"wp-block-image size-large\"><img fetchpriority=\"high\" data-dominant-color=\"806e5e\" data-has-transparency=\"false\" style=\"--dominant-color: #806e5e;\" fetchpriority=\"high\" decoding=\"async\" width=\"1024\" height=\"613\" sizes=\"(max-width: 1024px) 100vw, 1024px\" src=\"http:\/\/noticiasbahia360.com.br\/wp-content\/uploads\/2025\/05\/IMiLVN4Y-Lula-ag-brasil-1024x613-1.webp\" alt=\"Lula\" class=\"wp-image-557594 not-transparent\" srcset=\"https:\/\/uploads.acordacidade.com.br\/2025\/05\/IMiLVN4Y-Lula-ag-brasil-300x180.webp 300w, http:\/\/noticiasbahia360.com.br\/wp-content\/uploads\/2025\/05\/IMiLVN4Y-Lula-ag-brasil-1024x613-1.webp 1024w, https:\/\/uploads.acordacidade.com.br\/2025\/05\/IMiLVN4Y-Lula-ag-brasil-768x460.webp 768w, https:\/\/uploads.acordacidade.com.br\/2025\/05\/IMiLVN4Y-Lula-ag-brasil-150x90.webp 150w, https:\/\/uploads.acordacidade.com.br\/2025\/05\/IMiLVN4Y-Lula-ag-brasil.webp 1200w\"><figcaption class=\"wp-element-caption\">Foto: Ricardo Stuckert \/ PR<\/figcaption><\/figure>\n<h2 class=\"wp-block-heading\" id=\"h-beneficios\">Benef\u00edcios<\/h2>\n<p>O ministro do Desenvolvimento Agr\u00e1rio e Agricultura Familiar, Paulo Teixeira, destacou que o programa vai beneficiar agricultores familiares da regi\u00e3o e permitir que alimentos cheguem com menor pre\u00e7o \u00e0 mesa dos brasileiros.<\/p>\n<p>\u201cFortalecer a agricultura familiar \u00e9 ter fruta, verdura e legumes mais baratos na mesa do povo para alimentar adequadamente o Brasil\u201d, afirmou.<\/p>\n<p>Carlos F\u00e1varo, ministro da Agricultura e Pecu\u00e1ria, disse que o programa \u00e9 um dos alicerces para a produ\u00e7\u00e3o de alimentos.<\/p>\n<p>\u201cRecupera o solo e prepara para receber a semente, cultiva o que quiser. Estamos trazendo a Embrapa para a baixada cuiabana para adaptar a tecnologia, para atender o pequeno produtor que merece ter a mesma tecnologia do grande\u201d, completou.<\/p>\n<p><strong>O Programa Solo Vivo \u00e9 promovido pelo Minist\u00e9rio da Agricultura e Pecu\u00e1ria (Mapa) e tem apoio do Instituto Federal de Mato Grosso (IFMT) e Federa\u00e7\u00e3o dos Trabalhadores da Agricultura do Estado de Mato Grosso (Fetagri\/MT).<\/strong><\/p>\n<p>Inicialmente, dez assentamentos ser\u00e3o beneficiados. O processo de recupera\u00e7\u00e3o ser\u00e1 iniciado com a an\u00e1lise do solo de propriedades localizadas nos munic\u00edpios de Alto Araguaia, Pocon\u00e9, Ros\u00e1rio Oeste, Barra do Bugres, S\u00e3o F\u00e9lix do Araguaia, Matup\u00e1, Ju\u00edna, Pontes e Lacerda e S\u00e3o Jos\u00e9 dos Quatro Marcos.<\/p>\n<h2 class=\"wp-block-heading\" id=\"h-gas-mais-barato\">G\u00e1s mais barato<\/h2>\n<p><strong>Lula tamb\u00e9m criticou o pre\u00e7o do botij\u00e3o de g\u00e1s e voltou a afirmar que o governo federal prepara\u00a0uma medida para baratear o pre\u00e7o do produto para benefici\u00e1rios do Cad\u00danico.<\/strong>\u00a0Segundo o presidente, \u201calgu\u00e9m est\u00e1 ganhando muito dinheiro\u201d porque o botij\u00e3o \u00e9 vendido pela Petrobras a R$ 37 e chega ao consumidor a R$ 130, R$ 140.\u00a0<\/p>\n<p>\u201cN\u00f3s vamos fazer com que o g\u00e1s chegue barato. As pessoas que v\u00e3o estar no Cad\u00danico n\u00e3o v\u00e3o precisar nem pagar. V\u00e3o ser aproximadamente 22 milh\u00f5es de fam\u00edlias que ser\u00e3o beneficiadas, porque as pessoas precisam. Tudo isso vai ser anunciado este m\u00eas\u201d, finalizou o presidente.<\/p>\n<h2 class=\"wp-block-heading\" id=\"h-redes-sociais\">Redes sociais<\/h2>\n<p>O presidente da Rep\u00fablica voltou a defender a regulamenta\u00e7\u00e3o das redes sociais para combater ofensas e provoca\u00e7\u00f5es na internet.\u00a0<\/p>\n<p>\u201c\u00c9 preciso que a gente discuta com o Congresso Nacional a responsabilidade da gente regular o uso das empresas neste pa\u00eds. N\u00e3o \u00e9 poss\u00edvel que tudo tem controle, menos as empresas de aplicativos\u201d, concluiu.<\/p>\n<p><em>Siga o Acorda Cidade no<\/em><a href=\"https:\/\/news.google.com\/search?q=acorda%20cidade&amp;hl=pt-BR&amp;gl=BR&amp;ceid=BR%3Apt-419\"><strong><em>\u00a0Google Not\u00edcias<\/em><\/strong><\/a><em>\u00a0e receba os principais destaques do dia. Participe tamb\u00e9m dos nossos canais no\u00a0<\/em><a href=\"https:\/\/www.whatsapp.com\/channel\/0029Va6Rb4v3WHTNnsh8WI3N\"><strong><em>WhatsApp<\/em><\/strong><\/a><em>\u00a0e\u00a0<\/em><a href=\"https:\/\/www.youtube.com\/@acordacidadenoticias\/videos\"><strong>YouTube<\/strong><\/a><em>\u00a0e do grupo no\u00a0<\/em><a href=\"https:\/\/t.me\/+sSz0khrgARA0ZmRh\"><strong><em>Telegram<\/em><\/strong><\/a><\/p>\n<\/div>\n","protected":false},"excerpt":{"rendered":"<div>\n<div>\n<figure><img decoding=\"async\" src=\"https:\/\/uploads.acordacidade.com.br\/2025\/05\/p5ydH9LS-Lula.webp\" alt=\"Lula\"><figcaption>Foto: Ricardo Stuckert \/ PR<\/figcaption><\/figure>\n<\/div>\n<p>Lula tamb\u00e9m entregou m\u00e1quinas agr\u00edcolas, 78 t\u00edtulos de dom\u00ednio para assentamentos e anunciou investimentos de R$ 5 bilh\u00f5es do BNDES.<\/p><\/div>\n","protected":false},"author":1,"featured_media":87401,"comment_status":"closed","ping_status":"closed","sticky":false,"template":"","format":"gallery","meta":{"footnotes":""},"categories":[8,9,6,57,56,10],"tags":[],"class_list":["post-87400","post","type-post","status-publish","format-gallery","has-post-thumbnail","hentry","category-bahia","category-brasil","category-feira-de-santana","category-mundo","category-policia","category-politica","post_format-post-format-gallery"],"featured_image_urls":{"full":["https:\/\/noticiasbahia360.com.br\/wp-content\/uploads\/2025\/05\/p5ydH9LS-Lula.webp",1200,670,false],"thumbnail":["https:\/\/noticiasbahia360.com.br\/wp-content\/uploads\/2025\/05\/p5ydH9LS-Lula-150x150.webp",150,150,true],"medium":["https:\/\/noticiasbahia360.com.br\/wp-content\/uploads\/2025\/05\/p5ydH9LS-Lula-300x168.webp",300,168,true],"medium_large":["https:\/\/noticiasbahia360.com.br\/wp-content\/uploads\/2025\/05\/p5ydH9LS-Lula-768x429.webp",640,358,true],"large":["https:\/\/noticiasbahia360.com.br\/wp-content\/uploads\/2025\/05\/p5ydH9LS-Lula-1024x572.webp",640,358,true],"1536x1536":["https:\/\/noticiasbahia360.com.br\/wp-content\/uploads\/2025\/05\/p5ydH9LS-Lula.webp",1200,670,false],"2048x2048":["https:\/\/noticiasbahia360.com.br\/wp-content\/uploads\/2025\/05\/p5ydH9LS-Lula.webp",1200,670,false],"chromenews-featured":["https:\/\/noticiasbahia360.com.br\/wp-content\/uploads\/2025\/05\/p5ydH9LS-Lula-1024x572.webp",1024,572,true],"chromenews-large":["https:\/\/noticiasbahia360.com.br\/wp-content\/uploads\/2025\/05\/p5ydH9LS-Lula-825x575.webp",825,575,true],"chromenews-medium":["https:\/\/noticiasbahia360.com.br\/wp-content\/uploads\/2025\/05\/p5ydH9LS-Lula-590x410.webp",590,410,true]},"author_info":{"display_name":"noticiasbahia360.com.br","author_link":"https:\/\/noticiasbahia360.com.br\/?author=1"},"category_info":"<a href=\"https:\/\/noticiasbahia360.com.br\/?cat=8\" rel=\"category\">Bahia<\/a> <a href=\"https:\/\/noticiasbahia360.com.br\/?cat=9\" rel=\"category\">Brasil<\/a> <a href=\"https:\/\/noticiasbahia360.com.br\/?cat=6\" rel=\"category\">Feira de Santana<\/a> <a href=\"https:\/\/noticiasbahia360.com.br\/?cat=57\" rel=\"category\">Mundo<\/a> <a href=\"https:\/\/noticiasbahia360.com.br\/?cat=56\" rel=\"category\">Pol\u00edcia<\/a> <a href=\"https:\/\/noticiasbahia360.com.br\/?cat=10\" rel=\"category\">Pol\u00edtica<\/a>","tag_info":"Pol\u00edtica","comment_count":"0","_links":{"self":[{"href":"https:\/\/noticiasbahia360.com.br\/index.php?rest_route=\/wp\/v2\/posts\/87400","targetHints":{"allow":["GET"]}}],"collection":[{"href":"https:\/\/noticiasbahia360.com.br\/index.php?rest_route=\/wp\/v2\/posts"}],"about":[{"href":"https:\/\/noticiasbahia360.com.br\/index.php?rest_route=\/wp\/v2\/types\/post"}],"author":[{"embeddable":true,"href":"https:\/\/noticiasbahia360.com.br\/index.php?rest_route=\/wp\/v2\/users\/1"}],"replies":[{"embeddable":true,"href":"https:\/\/noticiasbahia360.com.br\/index.php?rest_route=%2Fwp%2Fv2%2Fcomments&post=87400"}],"version-history":[{"count":0,"href":"https:\/\/noticiasbahia360.com.br\/index.php?rest_route=\/wp\/v2\/posts\/87400\/revisions"}],"wp:featuredmedia":[{"embeddable":true,"href":"https:\/\/noticiasbahia360.com.br\/index.php?rest_route=\/wp\/v2\/media\/87401"}],"wp:attachment":[{"href":"https:\/\/noticiasbahia360.com.br\/index.php?rest_route=%2Fwp%2Fv2%2Fmedia&parent=87400"}],"wp:term":[{"taxonomy":"category","embeddable":true,"href":"https:\/\/noticiasbahia360.com.br\/index.php?rest_route=%2Fwp%2Fv2%2Fcategories&post=87400"},{"taxonomy":"post_tag","embeddable":true,"href":"https:\/\/noticiasbahia360.com.br\/index.php?rest_route=%2Fwp%2Fv2%2Ftags&post=87400"}],"curies":[{"name":"wp","href":"https:\/\/api.w.org\/{rel}","templated":true}]}}