{"id":87403,"date":"2025-05-25T00:30:03","date_gmt":"2025-05-25T03:30:03","guid":{"rendered":"https:\/\/noticiasbahia360.com.br\/?p=87403"},"modified":"2025-05-25T00:30:03","modified_gmt":"2025-05-25T03:30:03","slug":"dia-das-maes-e-celebrado-com-atendimentos-de-saude-e-servicos-em-jaguara","status":"publish","type":"post","link":"https:\/\/noticiasbahia360.com.br\/?p=87403","title":{"rendered":"Dia das M\u00e3es \u00e9 celebrado com atendimentos de sa\u00fade e servi\u00e7os em Jaguara"},"content":{"rendered":"<div>\n<div>\n<figure><img decoding=\"async\" src=\"http:\/\/noticiasbahia360.com.br\/wp-content\/uploads\/2025\/05\/pGsAwdl1-Acao-social-em-jaguara-Foto-Izinaldo-Barreto-103.webp\" alt=\"a\u00e7\u00e3o em Jaguara\"><figcaption>Foto: Izinaldo Barreto<\/figcaption><\/figure>\n<\/div>\n<p>A manh\u00e3 de s\u00e1bado (25) foi marcada por solidariedade, cuidado e celebra\u00e7\u00e3o no distrito de <a href=\"https:\/\/www.acordacidade.com.br\/tag\/jaguara\/\">Jaguara<\/a>, com a realiza\u00e7\u00e3o de uma grande a\u00e7\u00e3o social em homenagem ao <a href=\"https:\/\/www.acordacidade.com.br\/tag\/dia-das-maes\/\">Dia das M\u00e3es<\/a>. A iniciativa foi promovida pela comunidade local em parceria com a Prefeitura de Feira de Santana, oferecendo servi\u00e7os de sa\u00fade, orienta\u00e7\u00e3o jur\u00eddica e previdenci\u00e1ria, al\u00e9m de momentos de lazer e confraterniza\u00e7\u00e3o para a popula\u00e7\u00e3o.<\/p>\n<figure class=\"wp-block-image size-large\"><img fetchpriority=\"high\" data-dominant-color=\"b6758c\" data-has-transparency=\"false\" style=\"--dominant-color: #b6758c;\" fetchpriority=\"high\" decoding=\"async\" width=\"1024\" height=\"682\" sizes=\"(max-width: 1024px) 100vw, 1024px\" src=\"http:\/\/noticiasbahia360.com.br\/wp-content\/uploads\/2025\/05\/lKbnRekq-acao-em-Jaguara-1024x682-1.webp\" alt=\"a\u00e7\u00e3o em Jaguara\" class=\"wp-image-557605 not-transparent\" srcset=\"https:\/\/uploads.acordacidade.com.br\/2025\/05\/lKbnRekq-acao-em-Jaguara-300x200.webp 300w, http:\/\/noticiasbahia360.com.br\/wp-content\/uploads\/2025\/05\/lKbnRekq-acao-em-Jaguara-1024x682-1.webp 1024w, https:\/\/uploads.acordacidade.com.br\/2025\/05\/lKbnRekq-acao-em-Jaguara-768x511.webp 768w, https:\/\/uploads.acordacidade.com.br\/2025\/05\/lKbnRekq-acao-em-Jaguara-150x100.webp 150w, https:\/\/uploads.acordacidade.com.br\/2025\/05\/lKbnRekq-acao-em-Jaguara.webp 1200w\"><figcaption class=\"wp-element-caption\">Foto: Izinaldo Barreto<\/figcaption><\/figure>\n<p>Realizado na quadra esportiva da pra\u00e7a principal do distrito, o evento contou com a presen\u00e7a do prefeito Jos\u00e9 Ronaldo de Carvalho, acompanhado pelo secret\u00e1rio municipal de Comunica\u00e7\u00e3o Social, Joilton Freitas, pelo procurador-geral do munic\u00edpio, Guga Leal, e por outros integrantes da equipe de governo.<\/p>\n<figure class=\"wp-block-image size-large\"><img data-dominant-color=\"9d8494\" data-has-transparency=\"false\" style=\"--dominant-color: #9d8494;\" decoding=\"async\" width=\"1024\" height=\"683\" sizes=\"(max-width: 1024px) 100vw, 1024px\" src=\"http:\/\/noticiasbahia360.com.br\/wp-content\/uploads\/2025\/05\/abKP5hZG-Acao-social-em-jaguara-Foto-Izinaldo-Barreto-13-1024x683-1.webp\" alt=\"a\u00e7\u00e3o em Jaguara\" class=\"wp-image-557604 not-transparent\" srcset=\"https:\/\/uploads.acordacidade.com.br\/2025\/05\/abKP5hZG-Acao-social-em-jaguara-Foto-Izinaldo-Barreto-13-300x200.webp 300w, http:\/\/noticiasbahia360.com.br\/wp-content\/uploads\/2025\/05\/abKP5hZG-Acao-social-em-jaguara-Foto-Izinaldo-Barreto-13-1024x683-1.webp 1024w, https:\/\/uploads.acordacidade.com.br\/2025\/05\/abKP5hZG-Acao-social-em-jaguara-Foto-Izinaldo-Barreto-13-768x512.webp 768w, https:\/\/uploads.acordacidade.com.br\/2025\/05\/abKP5hZG-Acao-social-em-jaguara-Foto-Izinaldo-Barreto-13-150x100.webp 150w, https:\/\/uploads.acordacidade.com.br\/2025\/05\/abKP5hZG-Acao-social-em-jaguara-Foto-Izinaldo-Barreto-13.webp 1200w\"><figcaption class=\"wp-element-caption\">Foto: Izinaldo Barreto<\/figcaption><\/figure>\n<p>\u201cUma a\u00e7\u00e3o muito bonita. Est\u00e3o todos de parab\u00e9ns pela organiza\u00e7\u00e3o. Foi um momento feliz, com a presen\u00e7a de centenas de m\u00e3es e moradores de Jaguara, um clima de alegria, com m\u00fasica, participa\u00e7\u00e3o e acolhimento. Para mim, foi um enorme prazer participar\u201d, destacou o prefeito, que elogiou o engajamento da comunidade e dos profissionais envolvidos.<\/p>\n<figure class=\"wp-block-image size-large\"><img data-dominant-color=\"926366\" data-has-transparency=\"false\" style=\"--dominant-color: #926366;\" decoding=\"async\" width=\"1024\" height=\"683\" sizes=\"(max-width: 1024px) 100vw, 1024px\" src=\"http:\/\/noticiasbahia360.com.br\/wp-content\/uploads\/2025\/05\/vH2HAFx1-Acao-social-em-jaguara-Foto-Izinaldo-Barreto-72-1024x683-1.webp\" alt=\"a\u00e7\u00e3o em Jaguara\" class=\"wp-image-557601 not-transparent\" srcset=\"https:\/\/uploads.acordacidade.com.br\/2025\/05\/vH2HAFx1-Acao-social-em-jaguara-Foto-Izinaldo-Barreto-72-300x200.webp 300w, http:\/\/noticiasbahia360.com.br\/wp-content\/uploads\/2025\/05\/vH2HAFx1-Acao-social-em-jaguara-Foto-Izinaldo-Barreto-72-1024x683-1.webp 1024w, https:\/\/uploads.acordacidade.com.br\/2025\/05\/vH2HAFx1-Acao-social-em-jaguara-Foto-Izinaldo-Barreto-72-768x512.webp 768w, https:\/\/uploads.acordacidade.com.br\/2025\/05\/vH2HAFx1-Acao-social-em-jaguara-Foto-Izinaldo-Barreto-72-150x100.webp 150w, https:\/\/uploads.acordacidade.com.br\/2025\/05\/vH2HAFx1-Acao-social-em-jaguara-Foto-Izinaldo-Barreto-72.webp 1200w\"><figcaption class=\"wp-element-caption\">Foto: Izinaldo Barreto<\/figcaption><\/figure>\n<p>Durante toda a manh\u00e3, foram oferecidos atendimentos gratuitos com m\u00e9dicos cl\u00ednicos, nutricionistas, dentistas, fisioterapeutas, psic\u00f3logos, enfermeiros, t\u00e9cnicos de enfermagem, al\u00e9m de orienta\u00e7\u00f5es sobre direitos previdenci\u00e1rios, com foco em informa\u00e7\u00f5es do INSS e atendimento jur\u00eddico.<\/p>\n<figure class=\"wp-block-image size-large\"><img data-dominant-color=\"6e7c83\" data-has-transparency=\"false\" style=\"--dominant-color: #6e7c83;\" decoding=\"async\" width=\"1024\" height=\"635\" sizes=\"(max-width: 1024px) 100vw, 1024px\" src=\"http:\/\/noticiasbahia360.com.br\/wp-content\/uploads\/2025\/05\/GydXIgC6-Acao-social-em-jaguara-Foto-Izinaldo-Barreto-33-1024x635-1.webp\" alt=\"a\u00e7\u00e3o em Jaguara\" class=\"wp-image-557603 not-transparent\" srcset=\"https:\/\/uploads.acordacidade.com.br\/2025\/05\/GydXIgC6-Acao-social-em-jaguara-Foto-Izinaldo-Barreto-33-300x186.webp 300w, http:\/\/noticiasbahia360.com.br\/wp-content\/uploads\/2025\/05\/GydXIgC6-Acao-social-em-jaguara-Foto-Izinaldo-Barreto-33-1024x635-1.webp 1024w, https:\/\/uploads.acordacidade.com.br\/2025\/05\/GydXIgC6-Acao-social-em-jaguara-Foto-Izinaldo-Barreto-33-768x476.webp 768w, https:\/\/uploads.acordacidade.com.br\/2025\/05\/GydXIgC6-Acao-social-em-jaguara-Foto-Izinaldo-Barreto-33-150x93.webp 150w, https:\/\/uploads.acordacidade.com.br\/2025\/05\/GydXIgC6-Acao-social-em-jaguara-Foto-Izinaldo-Barreto-33.webp 1200w\"><figcaption class=\"wp-element-caption\">Foto: Izinaldo Barreto<\/figcaption><\/figure>\n<p>O organizador do evento, o radialista e ex-vereador, Paul\u00e3o do Caldeir\u00e3o, agradeceu a presen\u00e7a do prefeito Jos\u00e9 Ronaldo na a\u00e7\u00e3o social. \u201cQuero agradecer, de cora\u00e7\u00e3o, ao prefeito Jos\u00e9 Ronaldo por ter atendido ao nosso convite e participado dessa importante a\u00e7\u00e3o social em Jaguara. A presen\u00e7a dele demonstra sensibilidade e compromisso com as comunidades mais distantes da sede\u201d, pontuou.<\/p>\n<figure class=\"wp-block-image size-large\"><img loading=\"lazy\" data-dominant-color=\"8b6b75\" data-has-transparency=\"false\" style=\"--dominant-color: #8b6b75;\" decoding=\"async\" width=\"1024\" height=\"683\" sizes=\"(max-width: 1024px) 100vw, 1024px\" src=\"http:\/\/noticiasbahia360.com.br\/wp-content\/uploads\/2025\/05\/4PHEcHnF-Acao-social-em-jaguara-Foto-Izinaldo-Barreto-43-1024x683-1.webp\" alt=\"a\u00e7\u00e3o em Jaguara\" class=\"wp-image-557602 not-transparent\" srcset=\"https:\/\/uploads.acordacidade.com.br\/2025\/05\/4PHEcHnF-Acao-social-em-jaguara-Foto-Izinaldo-Barreto-43-300x200.webp 300w, http:\/\/noticiasbahia360.com.br\/wp-content\/uploads\/2025\/05\/4PHEcHnF-Acao-social-em-jaguara-Foto-Izinaldo-Barreto-43-1024x683-1.webp 1024w, https:\/\/uploads.acordacidade.com.br\/2025\/05\/4PHEcHnF-Acao-social-em-jaguara-Foto-Izinaldo-Barreto-43-768x512.webp 768w, https:\/\/uploads.acordacidade.com.br\/2025\/05\/4PHEcHnF-Acao-social-em-jaguara-Foto-Izinaldo-Barreto-43-150x100.webp 150w, https:\/\/uploads.acordacidade.com.br\/2025\/05\/4PHEcHnF-Acao-social-em-jaguara-Foto-Izinaldo-Barreto-43.webp 1200w\"><figcaption class=\"wp-element-caption\">Foto: Izinaldo Barreto<\/figcaption><\/figure>\n<p>O p\u00fablico tamb\u00e9m foi acolhido com um caf\u00e9 da manh\u00e3 especial e teve acesso a uma programa\u00e7\u00e3o musical animada, com apresenta\u00e7\u00f5es de Mazinho dos Teclados, da banda Del\u00edrios do Olhar e do cantor J\u00f3 Santos, promovendo um clima festivo em homenagem \u00e0s m\u00e3es da comunidade.<\/p>\n<p><em>Siga o Acorda Cidade no<\/em><a href=\"https:\/\/news.google.com\/search?q=acorda%20cidade&amp;hl=pt-BR&amp;gl=BR&amp;ceid=BR%3Apt-419\"><strong><em>\u00a0Google Not\u00edcias<\/em><\/strong><\/a><em>\u00a0e receba os principais destaques do dia. Participe tamb\u00e9m dos nossos canais no\u00a0<\/em><a href=\"https:\/\/www.whatsapp.com\/channel\/0029Va6Rb4v3WHTNnsh8WI3N\"><strong><em>WhatsApp<\/em><\/strong><\/a><em>\u00a0e\u00a0<\/em><a href=\"https:\/\/www.youtube.com\/@acordacidadenoticias\/videos\"><strong>YouTube<\/strong><\/a><em>\u00a0e do grupo no\u00a0<\/em><a href=\"https:\/\/t.me\/+sSz0khrgARA0ZmRh\"><strong><em>Telegram<\/em><\/strong><\/a><\/p>\n<\/div>\n","protected":false},"excerpt":{"rendered":"<div>\n<div>\n<figure><img decoding=\"async\" src=\"https:\/\/uploads.acordacidade.com.br\/2025\/05\/pGsAwdl1-Acao-social-em-jaguara-Foto-Izinaldo-Barreto-103.webp\" alt=\"a\u00e7\u00e3o em Jaguara\"><figcaption>Foto: Izinaldo Barreto<\/figcaption><\/figure>\n<\/div>\n<p>O p\u00fablico tamb\u00e9m foi acolhido com um caf\u00e9 da manh\u00e3 especial e teve acesso a uma programa\u00e7\u00e3o musical animada.<\/p><\/div>\n","protected":false},"author":1,"featured_media":87404,"comment_status":"closed","ping_status":"closed","sticky":false,"template":"","format":"gallery","meta":{"footnotes":""},"categories":[8,9,6,57,56,10],"tags":[],"class_list":["post-87403","post","type-post","status-publish","format-gallery","has-post-thumbnail","hentry","category-bahia","category-brasil","category-feira-de-santana","category-mundo","category-policia","category-politica","post_format-post-format-gallery"],"featured_image_urls":{"full":["https:\/\/noticiasbahia360.com.br\/wp-content\/uploads\/2025\/05\/pGsAwdl1-Acao-social-em-jaguara-Foto-Izinaldo-Barreto-103.webp",1200,800,false],"thumbnail":["https:\/\/noticiasbahia360.com.br\/wp-content\/uploads\/2025\/05\/pGsAwdl1-Acao-social-em-jaguara-Foto-Izinaldo-Barreto-103-150x150.webp",150,150,true],"medium":["https:\/\/noticiasbahia360.com.br\/wp-content\/uploads\/2025\/05\/pGsAwdl1-Acao-social-em-jaguara-Foto-Izinaldo-Barreto-103-300x200.webp",300,200,true],"medium_large":["https:\/\/noticiasbahia360.com.br\/wp-content\/uploads\/2025\/05\/pGsAwdl1-Acao-social-em-jaguara-Foto-Izinaldo-Barreto-103-768x512.webp",640,427,true],"large":["https:\/\/noticiasbahia360.com.br\/wp-content\/uploads\/2025\/05\/pGsAwdl1-Acao-social-em-jaguara-Foto-Izinaldo-Barreto-103-1024x683.webp",640,427,true],"1536x1536":["https:\/\/noticiasbahia360.com.br\/wp-content\/uploads\/2025\/05\/pGsAwdl1-Acao-social-em-jaguara-Foto-Izinaldo-Barreto-103.webp",1200,800,false],"2048x2048":["https:\/\/noticiasbahia360.com.br\/wp-content\/uploads\/2025\/05\/pGsAwdl1-Acao-social-em-jaguara-Foto-Izinaldo-Barreto-103.webp",1200,800,false],"chromenews-featured":["https:\/\/noticiasbahia360.com.br\/wp-content\/uploads\/2025\/05\/pGsAwdl1-Acao-social-em-jaguara-Foto-Izinaldo-Barreto-103-1024x683.webp",1024,683,true],"chromenews-large":["https:\/\/noticiasbahia360.com.br\/wp-content\/uploads\/2025\/05\/pGsAwdl1-Acao-social-em-jaguara-Foto-Izinaldo-Barreto-103-825x575.webp",825,575,true],"chromenews-medium":["https:\/\/noticiasbahia360.com.br\/wp-content\/uploads\/2025\/05\/pGsAwdl1-Acao-social-em-jaguara-Foto-Izinaldo-Barreto-103-590x410.webp",590,410,true]},"author_info":{"display_name":"noticiasbahia360.com.br","author_link":"https:\/\/noticiasbahia360.com.br\/?author=1"},"category_info":"<a href=\"https:\/\/noticiasbahia360.com.br\/?cat=8\" rel=\"category\">Bahia<\/a> <a href=\"https:\/\/noticiasbahia360.com.br\/?cat=9\" rel=\"category\">Brasil<\/a> <a href=\"https:\/\/noticiasbahia360.com.br\/?cat=6\" rel=\"category\">Feira de Santana<\/a> <a href=\"https:\/\/noticiasbahia360.com.br\/?cat=57\" rel=\"category\">Mundo<\/a> <a href=\"https:\/\/noticiasbahia360.com.br\/?cat=56\" rel=\"category\">Pol\u00edcia<\/a> <a href=\"https:\/\/noticiasbahia360.com.br\/?cat=10\" rel=\"category\">Pol\u00edtica<\/a>","tag_info":"Pol\u00edtica","comment_count":"0","_links":{"self":[{"href":"https:\/\/noticiasbahia360.com.br\/index.php?rest_route=\/wp\/v2\/posts\/87403","targetHints":{"allow":["GET"]}}],"collection":[{"href":"https:\/\/noticiasbahia360.com.br\/index.php?rest_route=\/wp\/v2\/posts"}],"about":[{"href":"https:\/\/noticiasbahia360.com.br\/index.php?rest_route=\/wp\/v2\/types\/post"}],"author":[{"embeddable":true,"href":"https:\/\/noticiasbahia360.com.br\/index.php?rest_route=\/wp\/v2\/users\/1"}],"replies":[{"embeddable":true,"href":"https:\/\/noticiasbahia360.com.br\/index.php?rest_route=%2Fwp%2Fv2%2Fcomments&post=87403"}],"version-history":[{"count":0,"href":"https:\/\/noticiasbahia360.com.br\/index.php?rest_route=\/wp\/v2\/posts\/87403\/revisions"}],"wp:featuredmedia":[{"embeddable":true,"href":"https:\/\/noticiasbahia360.com.br\/index.php?rest_route=\/wp\/v2\/media\/87404"}],"wp:attachment":[{"href":"https:\/\/noticiasbahia360.com.br\/index.php?rest_route=%2Fwp%2Fv2%2Fmedia&parent=87403"}],"wp:term":[{"taxonomy":"category","embeddable":true,"href":"https:\/\/noticiasbahia360.com.br\/index.php?rest_route=%2Fwp%2Fv2%2Fcategories&post=87403"},{"taxonomy":"post_tag","embeddable":true,"href":"https:\/\/noticiasbahia360.com.br\/index.php?rest_route=%2Fwp%2Fv2%2Ftags&post=87403"}],"curies":[{"name":"wp","href":"https:\/\/api.w.org\/{rel}","templated":true}]}}