{"id":87410,"date":"2025-05-25T00:40:04","date_gmt":"2025-05-25T03:40:04","guid":{"rendered":"https:\/\/noticiasbahia360.com.br\/?p=87410"},"modified":"2025-05-25T00:40:04","modified_gmt":"2025-05-25T03:40:04","slug":"incendio-atinge-carreta-carregada-com-graos-na-br-020","status":"publish","type":"post","link":"https:\/\/noticiasbahia360.com.br\/?p=87410","title":{"rendered":"Inc\u00eandio atinge carreta carregada com gr\u00e3os na BR-020"},"content":{"rendered":"<div>\n<div>\n<figure><img decoding=\"async\" src=\"http:\/\/noticiasbahia360.com.br\/wp-content\/uploads\/2025\/05\/aeyoDVQa-Incendio-.webp\" alt=\"Inc\u00eandio em carreta na ba-020\"><figcaption>Foto: Blog do Braga<\/figcaption><\/figure>\n<\/div>\n<p>Um inc\u00eandio de grandes propor\u00e7\u00f5es atingiu uma carreta bitrem carregada com gr\u00e3os na tarde da \u00faltima sexta-feira (23), na <strong>BR-020<\/strong>, a cerca de <strong>70 km de Lu\u00eds Eduardo Magalh\u00e3es<\/strong>, no sentido Roda Velha.<\/p>\n<p>Segundo o Blog do Braga, parceiro do Acorda Cidade, o fogo teve in\u00edcio por volta das <strong>16h50<\/strong>, quando o <strong>Centro Integrado de Comunica\u00e7\u00f5es (Cicom)<\/strong> acionou as equipes da <strong>2\u00aa Companhia do 17\u00ba Batalh\u00e3o de Bombeiros Militar (BBM)<\/strong> para atender a ocorr\u00eancia.<\/p>\n<figure class=\"wp-block-image size-large\"><img fetchpriority=\"high\" data-dominant-color=\"453d4f\" data-has-transparency=\"false\" style=\"--dominant-color: #453d4f;\" fetchpriority=\"high\" decoding=\"async\" width=\"1024\" height=\"633\" sizes=\"(max-width: 1024px) 100vw, 1024px\" src=\"http:\/\/noticiasbahia360.com.br\/wp-content\/uploads\/2025\/05\/jpc1lIgP-Incendio-1-1024x633-1.webp\" alt=\"Inc\u00eandio em carreta na ba-020\" class=\"wp-image-557612 not-transparent\" srcset=\"https:\/\/uploads.acordacidade.com.br\/2025\/05\/jpc1lIgP-Incendio-1-300x186.webp 300w, http:\/\/noticiasbahia360.com.br\/wp-content\/uploads\/2025\/05\/jpc1lIgP-Incendio-1-1024x633-1.webp 1024w, https:\/\/uploads.acordacidade.com.br\/2025\/05\/jpc1lIgP-Incendio-1-768x475.webp 768w, https:\/\/uploads.acordacidade.com.br\/2025\/05\/jpc1lIgP-Incendio-1-150x93.webp 150w, https:\/\/uploads.acordacidade.com.br\/2025\/05\/jpc1lIgP-Incendio-1.webp 1200w\"><figcaption class=\"wp-element-caption\">Foto: Blog do Braga<\/figcaption><\/figure>\n<p>Ao chegarem ao local, os bombeiros encontraram uma situa\u00e7\u00e3o cr\u00edtica: <strong>o cavalo mec\u00e2nico e a primeira unidade da carreta j\u00e1 estavam completamente tomados pelas chamas<\/strong>. Um carro-pipa, que estava pr\u00f3ximo, havia iniciado os primeiros esfor\u00e7os para conter o fogo.<\/p>\n<figure class=\"wp-block-image size-large\"><img data-dominant-color=\"443b4e\" data-has-transparency=\"false\" style=\"--dominant-color: #443b4e;\" decoding=\"async\" width=\"1024\" height=\"625\" sizes=\"(max-width: 1024px) 100vw, 1024px\" src=\"http:\/\/noticiasbahia360.com.br\/wp-content\/uploads\/2025\/05\/Fye2swvY-Incendio-2-1024x625-1.webp\" alt=\"Inc\u00eandio em carreta na ba-020\" class=\"wp-image-557611 not-transparent\" srcset=\"https:\/\/uploads.acordacidade.com.br\/2025\/05\/Fye2swvY-Incendio-2-300x183.webp 300w, http:\/\/noticiasbahia360.com.br\/wp-content\/uploads\/2025\/05\/Fye2swvY-Incendio-2-1024x625-1.webp 1024w, https:\/\/uploads.acordacidade.com.br\/2025\/05\/Fye2swvY-Incendio-2-768x469.webp 768w, https:\/\/uploads.acordacidade.com.br\/2025\/05\/Fye2swvY-Incendio-2-150x92.webp 150w, https:\/\/uploads.acordacidade.com.br\/2025\/05\/Fye2swvY-Incendio-2.webp 1200w\"><figcaption class=\"wp-element-caption\">Foto: Blog do Braga<\/figcaption><\/figure>\n<p>A guarni\u00e7\u00e3o assumiu o combate, atuando rapidamente para extinguir totalmente o inc\u00eandio e, com isso, <strong>conseguiu preservar o segundo compartimento da carreta<\/strong>, evitando maiores preju\u00edzos.<\/p>\n<p>Durante a opera\u00e7\u00e3o, agentes da <strong>Pol\u00edcia Rodovi\u00e1ria Federal (PRF)<\/strong> deram suporte no local, controlando o fluxo de ve\u00edculos na rodovia e garantindo a seguran\u00e7a de motoristas e da equipe de socorro.<\/p>\n<p><em>Siga o Acorda Cidade no<\/em><a href=\"https:\/\/news.google.com\/search?q=acorda%20cidade&amp;hl=pt-BR&amp;gl=BR&amp;ceid=BR%3Apt-419\"><strong><em>\u00a0Google Not\u00edcias<\/em><\/strong><\/a><em>\u00a0e receba os principais destaques do dia. Participe tamb\u00e9m dos nossos canais no\u00a0<\/em><a href=\"https:\/\/www.whatsapp.com\/channel\/0029Va6Rb4v3WHTNnsh8WI3N\"><strong><em>WhatsApp<\/em><\/strong><\/a><em>\u00a0e\u00a0<\/em><a href=\"https:\/\/www.youtube.com\/@acordacidadenoticias\/videos\"><strong>YouTube<\/strong><\/a><em>\u00a0e do grupo no\u00a0<\/em><a href=\"https:\/\/t.me\/+sSz0khrgARA0ZmRh\"><strong><em>Telegram<\/em><\/strong><\/a><\/p>\n<\/div>\n","protected":false},"excerpt":{"rendered":"<div>\n<div>\n<figure><img decoding=\"async\" src=\"https:\/\/uploads.acordacidade.com.br\/2025\/05\/aeyoDVQa-Incendio-.webp\" alt=\"Inc\u00eandio em carreta na ba-020\"><figcaption>Foto: Blog do Braga<\/figcaption><\/figure>\n<\/div>\n<p>A guarni\u00e7\u00e3o assumiu o combate, atuando rapidamente para extinguir totalmente o inc\u00eandio e, com isso, conseguiu preservar o segundo compartimento da carreta.<\/p><\/div>\n","protected":false},"author":1,"featured_media":87411,"comment_status":"closed","ping_status":"closed","sticky":false,"template":"","format":"gallery","meta":{"footnotes":""},"categories":[8,9,6,57,56,10],"tags":[],"class_list":["post-87410","post","type-post","status-publish","format-gallery","has-post-thumbnail","hentry","category-bahia","category-brasil","category-feira-de-santana","category-mundo","category-policia","category-politica","post_format-post-format-gallery"],"featured_image_urls":{"full":["https:\/\/noticiasbahia360.com.br\/wp-content\/uploads\/2025\/05\/aeyoDVQa-Incendio-.webp",1200,742,false],"thumbnail":["https:\/\/noticiasbahia360.com.br\/wp-content\/uploads\/2025\/05\/aeyoDVQa-Incendio--150x150.webp",150,150,true],"medium":["https:\/\/noticiasbahia360.com.br\/wp-content\/uploads\/2025\/05\/aeyoDVQa-Incendio--300x186.webp",300,186,true],"medium_large":["https:\/\/noticiasbahia360.com.br\/wp-content\/uploads\/2025\/05\/aeyoDVQa-Incendio--768x475.webp",640,396,true],"large":["https:\/\/noticiasbahia360.com.br\/wp-content\/uploads\/2025\/05\/aeyoDVQa-Incendio--1024x633.webp",640,396,true],"1536x1536":["https:\/\/noticiasbahia360.com.br\/wp-content\/uploads\/2025\/05\/aeyoDVQa-Incendio-.webp",1200,742,false],"2048x2048":["https:\/\/noticiasbahia360.com.br\/wp-content\/uploads\/2025\/05\/aeyoDVQa-Incendio-.webp",1200,742,false],"chromenews-featured":["https:\/\/noticiasbahia360.com.br\/wp-content\/uploads\/2025\/05\/aeyoDVQa-Incendio--1024x633.webp",1024,633,true],"chromenews-large":["https:\/\/noticiasbahia360.com.br\/wp-content\/uploads\/2025\/05\/aeyoDVQa-Incendio--825x575.webp",825,575,true],"chromenews-medium":["https:\/\/noticiasbahia360.com.br\/wp-content\/uploads\/2025\/05\/aeyoDVQa-Incendio--590x410.webp",590,410,true]},"author_info":{"display_name":"noticiasbahia360.com.br","author_link":"https:\/\/noticiasbahia360.com.br\/?author=1"},"category_info":"<a href=\"https:\/\/noticiasbahia360.com.br\/?cat=8\" rel=\"category\">Bahia<\/a> <a href=\"https:\/\/noticiasbahia360.com.br\/?cat=9\" rel=\"category\">Brasil<\/a> <a href=\"https:\/\/noticiasbahia360.com.br\/?cat=6\" rel=\"category\">Feira de Santana<\/a> <a href=\"https:\/\/noticiasbahia360.com.br\/?cat=57\" rel=\"category\">Mundo<\/a> <a href=\"https:\/\/noticiasbahia360.com.br\/?cat=56\" rel=\"category\">Pol\u00edcia<\/a> <a href=\"https:\/\/noticiasbahia360.com.br\/?cat=10\" rel=\"category\">Pol\u00edtica<\/a>","tag_info":"Pol\u00edtica","comment_count":"0","_links":{"self":[{"href":"https:\/\/noticiasbahia360.com.br\/index.php?rest_route=\/wp\/v2\/posts\/87410","targetHints":{"allow":["GET"]}}],"collection":[{"href":"https:\/\/noticiasbahia360.com.br\/index.php?rest_route=\/wp\/v2\/posts"}],"about":[{"href":"https:\/\/noticiasbahia360.com.br\/index.php?rest_route=\/wp\/v2\/types\/post"}],"author":[{"embeddable":true,"href":"https:\/\/noticiasbahia360.com.br\/index.php?rest_route=\/wp\/v2\/users\/1"}],"replies":[{"embeddable":true,"href":"https:\/\/noticiasbahia360.com.br\/index.php?rest_route=%2Fwp%2Fv2%2Fcomments&post=87410"}],"version-history":[{"count":0,"href":"https:\/\/noticiasbahia360.com.br\/index.php?rest_route=\/wp\/v2\/posts\/87410\/revisions"}],"wp:featuredmedia":[{"embeddable":true,"href":"https:\/\/noticiasbahia360.com.br\/index.php?rest_route=\/wp\/v2\/media\/87411"}],"wp:attachment":[{"href":"https:\/\/noticiasbahia360.com.br\/index.php?rest_route=%2Fwp%2Fv2%2Fmedia&parent=87410"}],"wp:term":[{"taxonomy":"category","embeddable":true,"href":"https:\/\/noticiasbahia360.com.br\/index.php?rest_route=%2Fwp%2Fv2%2Fcategories&post=87410"},{"taxonomy":"post_tag","embeddable":true,"href":"https:\/\/noticiasbahia360.com.br\/index.php?rest_route=%2Fwp%2Fv2%2Ftags&post=87410"}],"curies":[{"name":"wp","href":"https:\/\/api.w.org\/{rel}","templated":true}]}}