{"id":87414,"date":"2025-05-25T00:40:12","date_gmt":"2025-05-25T03:40:12","guid":{"rendered":"https:\/\/noticiasbahia360.com.br\/?p=87414"},"modified":"2025-05-25T00:40:12","modified_gmt":"2025-05-25T03:40:12","slug":"wilson-aragao-cantor-e-compositor-baiano-morre-aos-75-anos","status":"publish","type":"post","link":"https:\/\/noticiasbahia360.com.br\/?p=87414","title":{"rendered":"Wilson Arag\u00e3o, cantor e compositor baiano, morre aos 75 anos"},"content":{"rendered":"<div>\n<div>\n<figure><img decoding=\"async\" src=\"http:\/\/noticiasbahia360.com.br\/wp-content\/uploads\/2025\/05\/dYJJNPjB-Wilson-Aragao.webp\" alt=\"Wilson Arag\u00e3o\"><figcaption>Foto: Reprodu\u00e7\u00e3o \/ Redes Sociais<\/figcaption><\/figure>\n<\/div>\n<p>Um dia triste para a comunidade sertaneja baiana.\u00a0Faleceu neste s\u00e1bado (24), em Salvador, o cantor, compositor e poeta\u00a0Wilson Arag\u00e3o, aos 75 anos. Natural de\u00a0Piritiba, no interior da Bahia, Arag\u00e3o era uma das vozes mais marcantes da m\u00fasica nordestina e um s\u00edmbolo cultural de sua terra natal. A causa da morte n\u00e3o foi oficialmente confirmada, mas o artista enfrentava um c\u00e2ncer no f\u00edgado. Ele deixa esposa e tr\u00eas filhos.<\/p>\n<p>Com seu jeito simples e a alma sertaneja, Wilson Arag\u00e3o construiu um legado art\u00edstico insubstitu\u00edvel. Exaltava sua cidade em suas can\u00e7\u00f5es e levava o nome de Piritiba com orgulho aos palcos do Brasil. Entre suas composi\u00e7\u00f5es mais conhecidas est\u00e1\u00a0<em>Capim Guin\u00e9<\/em>, m\u00fasica imortalizada na voz de Raul Seixas.<\/p>\n<p>Wilson come\u00e7ou sua carreira ainda jovem, cantando em corais de igrejas e escolas. Mesmo vindo de uma fam\u00edlia evang\u00e9lica que restringia o acesso a certos estilos musicais, ele j\u00e1 demonstrava seu talento por meio da escrita, da pintura e das composi\u00e7\u00f5es. Mais tarde, j\u00e1 em S\u00e3o Paulo, onde foi morar ap\u00f3s a separa\u00e7\u00e3o dos pais, come\u00e7ou a mostrar suas m\u00fasicas a amigos e artistas, dando in\u00edcio \u00e0 carreira musical.<\/p>\n<p>O sucesso com Raul Seixas abriu portas para uma trajet\u00f3ria que levou o artista a r\u00e1dios, televis\u00f5es e aos palcos de diversas partes do pa\u00eds. Para os moradores de Piritiba, Wilson Arag\u00e3o era mais que um artista: era um filho ilustre e um verdadeiro porta-voz da cultura local.<\/p>\n<p><em>Fonte: <a href=\"https:\/\/www.bahianoticias.com.br\/noticia\/305007-morre-wilson-aragao-cantor-e-compositor-baiano-aos-75-anos\" target=\"_blank\" rel=\"noreferrer noopener\">Bahia Not\u00edcias<\/a><\/em><\/p>\n<p><em>Siga o Acorda Cidade no<\/em><a href=\"https:\/\/news.google.com\/search?q=acorda%20cidade&amp;hl=pt-BR&amp;gl=BR&amp;ceid=BR%3Apt-419\"><strong><em>\u00a0Google Not\u00edcias<\/em><\/strong><\/a><em>\u00a0e receba os principais destaques do dia. Participe tamb\u00e9m dos nossos canais no\u00a0<\/em><a href=\"https:\/\/www.whatsapp.com\/channel\/0029Va6Rb4v3WHTNnsh8WI3N\"><strong><em>WhatsApp<\/em><\/strong><\/a><em>\u00a0e\u00a0<\/em><a href=\"https:\/\/www.youtube.com\/@acordacidadenoticias\/videos\"><strong>YouTube<\/strong><\/a><em>\u00a0e do grupo no\u00a0<\/em><a href=\"https:\/\/t.me\/+sSz0khrgARA0ZmRh\"><strong><em>Telegram<\/em><\/strong><\/a><\/p>\n<\/div>\n","protected":false},"excerpt":{"rendered":"<div>\n<div>\n<figure><img decoding=\"async\" src=\"https:\/\/uploads.acordacidade.com.br\/2025\/05\/dYJJNPjB-Wilson-Aragao.webp\" alt=\"Wilson Arag\u00e3o\"><figcaption>Foto: Reprodu\u00e7\u00e3o \/ Redes Sociais<\/figcaption><\/figure>\n<\/div>\n<p>Com seu jeito simples e a alma sertaneja, Wilson Arag\u00e3o construiu um legado art\u00edstico insubstitu\u00edvel.<\/p><\/div>\n","protected":false},"author":1,"featured_media":87415,"comment_status":"closed","ping_status":"closed","sticky":false,"template":"","format":"gallery","meta":{"footnotes":""},"categories":[8,9,6,57,56,10],"tags":[],"class_list":["post-87414","post","type-post","status-publish","format-gallery","has-post-thumbnail","hentry","category-bahia","category-brasil","category-feira-de-santana","category-mundo","category-policia","category-politica","post_format-post-format-gallery"],"featured_image_urls":{"full":["https:\/\/noticiasbahia360.com.br\/wp-content\/uploads\/2025\/05\/dYJJNPjB-Wilson-Aragao.webp",1200,630,false],"thumbnail":["https:\/\/noticiasbahia360.com.br\/wp-content\/uploads\/2025\/05\/dYJJNPjB-Wilson-Aragao-150x150.webp",150,150,true],"medium":["https:\/\/noticiasbahia360.com.br\/wp-content\/uploads\/2025\/05\/dYJJNPjB-Wilson-Aragao-300x158.webp",300,158,true],"medium_large":["https:\/\/noticiasbahia360.com.br\/wp-content\/uploads\/2025\/05\/dYJJNPjB-Wilson-Aragao-768x403.webp",640,336,true],"large":["https:\/\/noticiasbahia360.com.br\/wp-content\/uploads\/2025\/05\/dYJJNPjB-Wilson-Aragao-1024x538.webp",640,336,true],"1536x1536":["https:\/\/noticiasbahia360.com.br\/wp-content\/uploads\/2025\/05\/dYJJNPjB-Wilson-Aragao.webp",1200,630,false],"2048x2048":["https:\/\/noticiasbahia360.com.br\/wp-content\/uploads\/2025\/05\/dYJJNPjB-Wilson-Aragao.webp",1200,630,false],"chromenews-featured":["https:\/\/noticiasbahia360.com.br\/wp-content\/uploads\/2025\/05\/dYJJNPjB-Wilson-Aragao-1024x538.webp",1024,538,true],"chromenews-large":["https:\/\/noticiasbahia360.com.br\/wp-content\/uploads\/2025\/05\/dYJJNPjB-Wilson-Aragao-825x575.webp",825,575,true],"chromenews-medium":["https:\/\/noticiasbahia360.com.br\/wp-content\/uploads\/2025\/05\/dYJJNPjB-Wilson-Aragao-590x410.webp",590,410,true]},"author_info":{"display_name":"noticiasbahia360.com.br","author_link":"https:\/\/noticiasbahia360.com.br\/?author=1"},"category_info":"<a href=\"https:\/\/noticiasbahia360.com.br\/?cat=8\" rel=\"category\">Bahia<\/a> <a href=\"https:\/\/noticiasbahia360.com.br\/?cat=9\" rel=\"category\">Brasil<\/a> <a href=\"https:\/\/noticiasbahia360.com.br\/?cat=6\" rel=\"category\">Feira de Santana<\/a> <a href=\"https:\/\/noticiasbahia360.com.br\/?cat=57\" rel=\"category\">Mundo<\/a> <a href=\"https:\/\/noticiasbahia360.com.br\/?cat=56\" rel=\"category\">Pol\u00edcia<\/a> <a href=\"https:\/\/noticiasbahia360.com.br\/?cat=10\" rel=\"category\">Pol\u00edtica<\/a>","tag_info":"Pol\u00edtica","comment_count":"0","_links":{"self":[{"href":"https:\/\/noticiasbahia360.com.br\/index.php?rest_route=\/wp\/v2\/posts\/87414","targetHints":{"allow":["GET"]}}],"collection":[{"href":"https:\/\/noticiasbahia360.com.br\/index.php?rest_route=\/wp\/v2\/posts"}],"about":[{"href":"https:\/\/noticiasbahia360.com.br\/index.php?rest_route=\/wp\/v2\/types\/post"}],"author":[{"embeddable":true,"href":"https:\/\/noticiasbahia360.com.br\/index.php?rest_route=\/wp\/v2\/users\/1"}],"replies":[{"embeddable":true,"href":"https:\/\/noticiasbahia360.com.br\/index.php?rest_route=%2Fwp%2Fv2%2Fcomments&post=87414"}],"version-history":[{"count":0,"href":"https:\/\/noticiasbahia360.com.br\/index.php?rest_route=\/wp\/v2\/posts\/87414\/revisions"}],"wp:featuredmedia":[{"embeddable":true,"href":"https:\/\/noticiasbahia360.com.br\/index.php?rest_route=\/wp\/v2\/media\/87415"}],"wp:attachment":[{"href":"https:\/\/noticiasbahia360.com.br\/index.php?rest_route=%2Fwp%2Fv2%2Fmedia&parent=87414"}],"wp:term":[{"taxonomy":"category","embeddable":true,"href":"https:\/\/noticiasbahia360.com.br\/index.php?rest_route=%2Fwp%2Fv2%2Fcategories&post=87414"},{"taxonomy":"post_tag","embeddable":true,"href":"https:\/\/noticiasbahia360.com.br\/index.php?rest_route=%2Fwp%2Fv2%2Ftags&post=87414"}],"curies":[{"name":"wp","href":"https:\/\/api.w.org\/{rel}","templated":true}]}}