{"id":87418,"date":"2025-05-25T01:08:28","date_gmt":"2025-05-25T04:08:28","guid":{"rendered":"https:\/\/noticiasbahia360.com.br\/?p=87418"},"modified":"2025-05-25T01:08:28","modified_gmt":"2025-05-25T04:08:28","slug":"policia-prende-dupla-e-apreende-adolescente-suspeitos-de-homicidios-e-tentativa-de-assassinato-em-saj","status":"publish","type":"post","link":"https:\/\/noticiasbahia360.com.br\/?p=87418","title":{"rendered":"Pol\u00edcia prende dupla e apreende adolescente suspeitos de homic\u00eddios e tentativa de assassinato em SAJ"},"content":{"rendered":"<div>\n<div>\n<figure><img decoding=\"async\" src=\"http:\/\/noticiasbahia360.com.br\/wp-content\/uploads\/2025\/05\/XyRB9vIf-Policia-civil.webp\" alt=\"dupla e adolescente envolvidos em crimes em Santo Ant\u00f4nio de Jesus\"><figcaption>Foto: Pol\u00edcia Civil<\/figcaption><\/figure>\n<\/div>\n<p>Uma opera\u00e7\u00e3o da <a href=\"https:\/\/www.acordacidade.com.br\/tag\/policia-civil\/\">Pol\u00edcia Civil<\/a> resultou na pris\u00e3o de dois homens e na apreens\u00e3o de um adolescente, na \u00faltima sexta-feira (23), em <a href=\"https:\/\/www.acordacidade.com.br\/tag\/santo-antonio-de-jesus\/\">Santo Ant\u00f4nio de Jesus<\/a>, a cerca de 110 km de Feira de Santana. Eles s\u00e3o suspeitos de participa\u00e7\u00e3o em dois homic\u00eddios e uma tentativa de assassinato, todos motivados pela disputa entre fac\u00e7\u00f5es criminosas na regi\u00e3o.<\/p>\n<p>De acordo com as investiga\u00e7\u00f5es, um dos homic\u00eddios ocorreu em <strong>janeiro deste ano<\/strong>, quando um <strong>adolescente foi executado a tiros<\/strong>. A v\u00edtima foi atra\u00edda pelos criminosos at\u00e9 um local isolado, onde foi morta em uma pr\u00e1tica conhecida como <strong>\u201cretorno\u201d<\/strong> \u2014 quando os autores levam a v\u00edtima para um ponto afastado antes de executar o crime. Depois da execu\u00e7\u00e3o, o corpo foi removido e abandonado em outra \u00e1rea da cidade.<\/p>\n<p>Segundo o Portal g1, as apura\u00e7\u00f5es tamb\u00e9m apontam que <strong>um dos presos e o adolescente apreendido<\/strong> est\u00e3o diretamente ligados a esse assassinato. O nome da v\u00edtima n\u00e3o foi divulgado.<\/p>\n<p>Al\u00e9m desse crime, os suspeitos tamb\u00e9m s\u00e3o investigados pela poss\u00edvel participa\u00e7\u00e3o em outro homic\u00eddio ocorrido na \u00faltima <strong>quinta-feira (22)<\/strong>, tamb\u00e9m em Santo Ant\u00f4nio de Jesus. As circunst\u00e2ncias deste caso ainda est\u00e3o sendo detalhadas pela pol\u00edcia.<\/p>\n<p>Ainda segundo o Portal, outro crime que pesa contra o grupo \u00e9 uma <strong>tentativa de homic\u00eddio<\/strong>, registrada igualmente em janeiro. Na ocasi\u00e3o, a v\u00edtima foi surpreendida enquanto ia at\u00e9 a casa da m\u00e3e para almo\u00e7ar. Dois homens armados se aproximaram e efetuaram <strong>cinco disparos de pistola<\/strong>, sendo que um deles atingiu o <strong>t\u00f3rax da v\u00edtima<\/strong>, que sobreviveu. Mesmo internada, a v\u00edtima conseguiu reconhecer um dos autores do ataque.<\/p>\n<p>A <strong>motiva\u00e7\u00e3o dos crimes<\/strong>, segundo a Pol\u00edcia Civil, estaria ligada a uma <strong>guerra entre fac\u00e7\u00f5es criminosas<\/strong>, alimentada por amea\u00e7as m\u00fatuas entre os suspeitos e as v\u00edtimas.<\/p>\n<p>As investiga\u00e7\u00f5es continuam para identificar outros envolvidos e esclarecer completamente a atua\u00e7\u00e3o do grupo na cidade.<\/p>\n<p><em>Siga o Acorda Cidade no<\/em><a href=\"https:\/\/news.google.com\/search?q=acorda%20cidade&amp;hl=pt-BR&amp;gl=BR&amp;ceid=BR%3Apt-419\"><strong><em>\u00a0Google Not\u00edcias<\/em><\/strong><\/a><em>\u00a0e receba os principais destaques do dia. Participe tamb\u00e9m dos nossos canais no\u00a0<\/em><a href=\"https:\/\/www.whatsapp.com\/channel\/0029Va6Rb4v3WHTNnsh8WI3N\"><strong><em>WhatsApp<\/em><\/strong><\/a><em>\u00a0e\u00a0<\/em><a href=\"https:\/\/www.youtube.com\/@acordacidadenoticias\/videos\"><strong>YouTube<\/strong><\/a><em>\u00a0e do grupo no\u00a0<\/em><a href=\"https:\/\/t.me\/+sSz0khrgARA0ZmRh\"><strong><em>Telegram<\/em><\/strong><\/a><\/p>\n<\/div>\n","protected":false},"excerpt":{"rendered":"<div>\n<div>\n<figure><img decoding=\"async\" src=\"https:\/\/uploads.acordacidade.com.br\/2025\/05\/XyRB9vIf-Policia-civil.webp\" alt=\"dupla e adolescente envolvidos em crimes em Santo Ant\u00f4nio de Jesus\"><figcaption>Foto: Pol\u00edcia Civil<\/figcaption><\/figure>\n<\/div>\n<p>Os suspeitos s\u00e3o investigados por v\u00e1rios crimes, entre eles, pela poss\u00edvel participa\u00e7\u00e3o em um homic\u00eddio ocorrido na \u00faltima quinta (22).<\/p><\/div>\n","protected":false},"author":1,"featured_media":87419,"comment_status":"closed","ping_status":"closed","sticky":false,"template":"","format":"gallery","meta":{"footnotes":""},"categories":[8,9,6,57,56,10],"tags":[],"class_list":["post-87418","post","type-post","status-publish","format-gallery","has-post-thumbnail","hentry","category-bahia","category-brasil","category-feira-de-santana","category-mundo","category-policia","category-politica","post_format-post-format-gallery"],"featured_image_urls":{"full":["https:\/\/noticiasbahia360.com.br\/wp-content\/uploads\/2025\/05\/XyRB9vIf-Policia-civil.webp",1200,720,false],"thumbnail":["https:\/\/noticiasbahia360.com.br\/wp-content\/uploads\/2025\/05\/XyRB9vIf-Policia-civil-150x150.webp",150,150,true],"medium":["https:\/\/noticiasbahia360.com.br\/wp-content\/uploads\/2025\/05\/XyRB9vIf-Policia-civil-300x180.webp",300,180,true],"medium_large":["https:\/\/noticiasbahia360.com.br\/wp-content\/uploads\/2025\/05\/XyRB9vIf-Policia-civil-768x461.webp",640,384,true],"large":["https:\/\/noticiasbahia360.com.br\/wp-content\/uploads\/2025\/05\/XyRB9vIf-Policia-civil-1024x614.webp",640,384,true],"1536x1536":["https:\/\/noticiasbahia360.com.br\/wp-content\/uploads\/2025\/05\/XyRB9vIf-Policia-civil.webp",1200,720,false],"2048x2048":["https:\/\/noticiasbahia360.com.br\/wp-content\/uploads\/2025\/05\/XyRB9vIf-Policia-civil.webp",1200,720,false],"chromenews-featured":["https:\/\/noticiasbahia360.com.br\/wp-content\/uploads\/2025\/05\/XyRB9vIf-Policia-civil-1024x614.webp",1024,614,true],"chromenews-large":["https:\/\/noticiasbahia360.com.br\/wp-content\/uploads\/2025\/05\/XyRB9vIf-Policia-civil-825x575.webp",825,575,true],"chromenews-medium":["https:\/\/noticiasbahia360.com.br\/wp-content\/uploads\/2025\/05\/XyRB9vIf-Policia-civil-590x410.webp",590,410,true]},"author_info":{"display_name":"noticiasbahia360.com.br","author_link":"https:\/\/noticiasbahia360.com.br\/?author=1"},"category_info":"<a href=\"https:\/\/noticiasbahia360.com.br\/?cat=8\" rel=\"category\">Bahia<\/a> <a href=\"https:\/\/noticiasbahia360.com.br\/?cat=9\" rel=\"category\">Brasil<\/a> <a href=\"https:\/\/noticiasbahia360.com.br\/?cat=6\" rel=\"category\">Feira de Santana<\/a> <a href=\"https:\/\/noticiasbahia360.com.br\/?cat=57\" rel=\"category\">Mundo<\/a> <a href=\"https:\/\/noticiasbahia360.com.br\/?cat=56\" rel=\"category\">Pol\u00edcia<\/a> <a href=\"https:\/\/noticiasbahia360.com.br\/?cat=10\" rel=\"category\">Pol\u00edtica<\/a>","tag_info":"Pol\u00edtica","comment_count":"0","_links":{"self":[{"href":"https:\/\/noticiasbahia360.com.br\/index.php?rest_route=\/wp\/v2\/posts\/87418","targetHints":{"allow":["GET"]}}],"collection":[{"href":"https:\/\/noticiasbahia360.com.br\/index.php?rest_route=\/wp\/v2\/posts"}],"about":[{"href":"https:\/\/noticiasbahia360.com.br\/index.php?rest_route=\/wp\/v2\/types\/post"}],"author":[{"embeddable":true,"href":"https:\/\/noticiasbahia360.com.br\/index.php?rest_route=\/wp\/v2\/users\/1"}],"replies":[{"embeddable":true,"href":"https:\/\/noticiasbahia360.com.br\/index.php?rest_route=%2Fwp%2Fv2%2Fcomments&post=87418"}],"version-history":[{"count":0,"href":"https:\/\/noticiasbahia360.com.br\/index.php?rest_route=\/wp\/v2\/posts\/87418\/revisions"}],"wp:featuredmedia":[{"embeddable":true,"href":"https:\/\/noticiasbahia360.com.br\/index.php?rest_route=\/wp\/v2\/media\/87419"}],"wp:attachment":[{"href":"https:\/\/noticiasbahia360.com.br\/index.php?rest_route=%2Fwp%2Fv2%2Fmedia&parent=87418"}],"wp:term":[{"taxonomy":"category","embeddable":true,"href":"https:\/\/noticiasbahia360.com.br\/index.php?rest_route=%2Fwp%2Fv2%2Fcategories&post=87418"},{"taxonomy":"post_tag","embeddable":true,"href":"https:\/\/noticiasbahia360.com.br\/index.php?rest_route=%2Fwp%2Fv2%2Ftags&post=87418"}],"curies":[{"name":"wp","href":"https:\/\/api.w.org\/{rel}","templated":true}]}}