{"id":87420,"date":"2025-05-25T01:08:32","date_gmt":"2025-05-25T04:08:32","guid":{"rendered":"https:\/\/noticiasbahia360.com.br\/?p=87420"},"modified":"2025-05-25T01:08:32","modified_gmt":"2025-05-25T04:08:32","slug":"deputado-baiano-lamenta-morte-de-wilson-aragao-icone-da-musica-nordestina","status":"publish","type":"post","link":"https:\/\/noticiasbahia360.com.br\/?p=87420","title":{"rendered":"Deputado baiano lamenta morte de Wilson Arag\u00e3o, \u00edcone da m\u00fasica nordestina"},"content":{"rendered":"<div>\n<div>\n<figure><img decoding=\"async\" src=\"http:\/\/noticiasbahia360.com.br\/wp-content\/uploads\/2025\/05\/G5Wmrr3Q-Wilson-Aragao-.webp\" alt=\"Wilson Arag\u00e3o\"><figcaption>Foto: Reprodu\u00e7\u00e3o \/ Redes Sociais<\/figcaption><\/figure>\n<\/div>\n<p>O deputado estadual Robinson Almeida (PT) lamentou, no s\u00e1bado (24), a morte do cantor, compositor e poeta Wilson Arag\u00e3o, um dos grandes nomes da m\u00fasica nordestina. Natural de Piritiba, na regi\u00e3o da Chapada Diamantina, Arag\u00e3o construiu uma trajet\u00f3ria marcada pela valoriza\u00e7\u00e3o das ra\u00edzes sertanejas, tendo se tornado refer\u00eancia na m\u00fasica popular brasileira por sua l\u00edrica comprometida com as causas do povo e a paisagem \u00e1rida do sert\u00e3o.<\/p>\n<p>Robinson destacou a import\u00e2ncia art\u00edstica de Wilson Arag\u00e3o, de quem foi vizinho no bairro do Engenho Velho de Brotas, em Salvador. Ele deixa esposa e tr\u00eas filhos.<\/p>\n<p>\u201cPerdemos um grande cantador. <a href=\"https:\/\/uploads.acordacidade.com.br\/2025\/05\/dYJJNPjB-Wilson-Aragao.webp\">Wilson Arag\u00e3o<\/a> foi um catingueiro que sempre valorizou suas origens pela m\u00fasica engajada e reflexo da sua arguta observa\u00e7\u00e3o da vida do sert\u00e3o. Amigo, vizinho e companheiro do mesmo sonho de transformar o Brasil num lugar digno para todos. Meus sentimentos a Miriam, insepar\u00e1vel companheira, e seus filhos, Piti, Tim e Rui. V\u00e1 em paz, querido!\u201d, afirmou o parlamentar.<\/p>\n<p>Wilson Arag\u00e3o foi autor de m\u00fasicas que marcaram gera\u00e7\u00f5es, algumas em parceria com Raul Seixas, com quem compartilhou ideais e sonoridades. Entre as composi\u00e7\u00f5es mais conhecidas est\u00e3o Capim Guin\u00e9, Eu Tamb\u00e9m Vou Reclamar e Papai J\u00e1 Foi \u00e0 Lua. Suas can\u00e7\u00f5es atravessaram fronteiras e foram gravadas por nomes como Elba Ramalho, Fagner, Dominguinhos e Margareth Menezes.<\/p>\n<p>Al\u00e9m da carreira musical, Arag\u00e3o teve uma vida de engajamento pol\u00edtico e cultural, atuando como letrista, contador de hist\u00f3rias e defensor da cultura nordestina. Sua arte sempre esteve ligada ao cotidiano do sertanejo, retratando com sensibilidade a luta, o amor, o humor e a resist\u00eancia do povo da caatinga.<\/p>\n<p>\u201cA morte de Wilson Arag\u00e3o representa uma grande perda para a m\u00fasica brasileira e para a cultura popular. Seu legado, no entanto, permanece vivo nas letras que exaltam o sert\u00e3o e na mem\u00f3ria de quem compartilhou a caminhada com esse artista engajado e talentoso do nosso pa\u00eds\u201d, enfatizou Robinson.<\/p>\n<p>O corpo de Wilson ser\u00e1 velado no domingo (25), em Piritiba, sua cidade natal. O sepultamento ser\u00e1 \u00e0s 16h, no cemit\u00e9rio do munic\u00edpio.<\/p>\n<p><em>Siga o Acorda Cidade no<\/em><a href=\"https:\/\/news.google.com\/search?q=acorda%20cidade&amp;hl=pt-BR&amp;gl=BR&amp;ceid=BR%3Apt-419\"><strong><em>\u00a0Google Not\u00edcias<\/em><\/strong><\/a><em>\u00a0e receba os principais destaques do dia. Participe tamb\u00e9m dos nossos canais no\u00a0<\/em><a href=\"https:\/\/www.whatsapp.com\/channel\/0029Va6Rb4v3WHTNnsh8WI3N\"><strong><em>WhatsApp<\/em><\/strong><\/a><em>\u00a0e\u00a0<\/em><a href=\"https:\/\/www.youtube.com\/@acordacidadenoticias\/videos\"><strong>YouTube<\/strong><\/a><em>\u00a0e do grupo no\u00a0<\/em><a href=\"https:\/\/t.me\/+sSz0khrgARA0ZmRh\"><strong><em>Telegram<\/em><\/strong><\/a><\/p>\n<\/div>\n","protected":false},"excerpt":{"rendered":"<div>\n<div>\n<figure><img decoding=\"async\" src=\"https:\/\/uploads.acordacidade.com.br\/2025\/05\/G5Wmrr3Q-Wilson-Aragao-.webp\" alt=\"Wilson Arag\u00e3o\"><figcaption>Foto: Reprodu\u00e7\u00e3o \/ Redes Sociais<\/figcaption><\/figure>\n<\/div>\n<p>Artista \u00e9 autor de hinos da MPB, como Capim Guin\u00e9, gravada por Raul Seixas.<\/p><\/div>\n","protected":false},"author":1,"featured_media":87421,"comment_status":"closed","ping_status":"closed","sticky":false,"template":"","format":"gallery","meta":{"footnotes":""},"categories":[8,9,6,57,56,10],"tags":[],"class_list":["post-87420","post","type-post","status-publish","format-gallery","has-post-thumbnail","hentry","category-bahia","category-brasil","category-feira-de-santana","category-mundo","category-policia","category-politica","post_format-post-format-gallery"],"featured_image_urls":{"full":["https:\/\/noticiasbahia360.com.br\/wp-content\/uploads\/2025\/05\/G5Wmrr3Q-Wilson-Aragao-.webp",1200,954,false],"thumbnail":["https:\/\/noticiasbahia360.com.br\/wp-content\/uploads\/2025\/05\/G5Wmrr3Q-Wilson-Aragao--150x150.webp",150,150,true],"medium":["https:\/\/noticiasbahia360.com.br\/wp-content\/uploads\/2025\/05\/G5Wmrr3Q-Wilson-Aragao--300x239.webp",300,239,true],"medium_large":["https:\/\/noticiasbahia360.com.br\/wp-content\/uploads\/2025\/05\/G5Wmrr3Q-Wilson-Aragao--768x611.webp",640,509,true],"large":["https:\/\/noticiasbahia360.com.br\/wp-content\/uploads\/2025\/05\/G5Wmrr3Q-Wilson-Aragao--1024x814.webp",640,509,true],"1536x1536":["https:\/\/noticiasbahia360.com.br\/wp-content\/uploads\/2025\/05\/G5Wmrr3Q-Wilson-Aragao-.webp",1200,954,false],"2048x2048":["https:\/\/noticiasbahia360.com.br\/wp-content\/uploads\/2025\/05\/G5Wmrr3Q-Wilson-Aragao-.webp",1200,954,false],"chromenews-featured":["https:\/\/noticiasbahia360.com.br\/wp-content\/uploads\/2025\/05\/G5Wmrr3Q-Wilson-Aragao--1024x814.webp",1024,814,true],"chromenews-large":["https:\/\/noticiasbahia360.com.br\/wp-content\/uploads\/2025\/05\/G5Wmrr3Q-Wilson-Aragao--825x575.webp",825,575,true],"chromenews-medium":["https:\/\/noticiasbahia360.com.br\/wp-content\/uploads\/2025\/05\/G5Wmrr3Q-Wilson-Aragao--590x410.webp",590,410,true]},"author_info":{"display_name":"noticiasbahia360.com.br","author_link":"https:\/\/noticiasbahia360.com.br\/?author=1"},"category_info":"<a href=\"https:\/\/noticiasbahia360.com.br\/?cat=8\" rel=\"category\">Bahia<\/a> <a href=\"https:\/\/noticiasbahia360.com.br\/?cat=9\" rel=\"category\">Brasil<\/a> <a href=\"https:\/\/noticiasbahia360.com.br\/?cat=6\" rel=\"category\">Feira de Santana<\/a> <a href=\"https:\/\/noticiasbahia360.com.br\/?cat=57\" rel=\"category\">Mundo<\/a> <a href=\"https:\/\/noticiasbahia360.com.br\/?cat=56\" rel=\"category\">Pol\u00edcia<\/a> <a href=\"https:\/\/noticiasbahia360.com.br\/?cat=10\" rel=\"category\">Pol\u00edtica<\/a>","tag_info":"Pol\u00edtica","comment_count":"0","_links":{"self":[{"href":"https:\/\/noticiasbahia360.com.br\/index.php?rest_route=\/wp\/v2\/posts\/87420","targetHints":{"allow":["GET"]}}],"collection":[{"href":"https:\/\/noticiasbahia360.com.br\/index.php?rest_route=\/wp\/v2\/posts"}],"about":[{"href":"https:\/\/noticiasbahia360.com.br\/index.php?rest_route=\/wp\/v2\/types\/post"}],"author":[{"embeddable":true,"href":"https:\/\/noticiasbahia360.com.br\/index.php?rest_route=\/wp\/v2\/users\/1"}],"replies":[{"embeddable":true,"href":"https:\/\/noticiasbahia360.com.br\/index.php?rest_route=%2Fwp%2Fv2%2Fcomments&post=87420"}],"version-history":[{"count":0,"href":"https:\/\/noticiasbahia360.com.br\/index.php?rest_route=\/wp\/v2\/posts\/87420\/revisions"}],"wp:featuredmedia":[{"embeddable":true,"href":"https:\/\/noticiasbahia360.com.br\/index.php?rest_route=\/wp\/v2\/media\/87421"}],"wp:attachment":[{"href":"https:\/\/noticiasbahia360.com.br\/index.php?rest_route=%2Fwp%2Fv2%2Fmedia&parent=87420"}],"wp:term":[{"taxonomy":"category","embeddable":true,"href":"https:\/\/noticiasbahia360.com.br\/index.php?rest_route=%2Fwp%2Fv2%2Fcategories&post=87420"},{"taxonomy":"post_tag","embeddable":true,"href":"https:\/\/noticiasbahia360.com.br\/index.php?rest_route=%2Fwp%2Fv2%2Ftags&post=87420"}],"curies":[{"name":"wp","href":"https:\/\/api.w.org\/{rel}","templated":true}]}}