{"id":87422,"date":"2025-05-25T07:17:55","date_gmt":"2025-05-25T10:17:55","guid":{"rendered":"https:\/\/noticiasbahia360.com.br\/?p=87422"},"modified":"2025-05-25T07:17:55","modified_gmt":"2025-05-25T10:17:55","slug":"dia-internacional-da-tireoide-medica-destaca-sinais-de-alerta-e-opcoes-de-tratamento","status":"publish","type":"post","link":"https:\/\/noticiasbahia360.com.br\/?p=87422","title":{"rendered":"Dia Internacional da Tireoide: m\u00e9dica destaca sinais de alerta e op\u00e7\u00f5es de tratamento"},"content":{"rendered":"<div>\n<div>\n<figure><img decoding=\"async\" src=\"http:\/\/noticiasbahia360.com.br\/wp-content\/uploads\/2025\/05\/tireoide.jpg\" alt=\"tireoide\"><figcaption>Foto: Freepik<\/figcaption><\/figure>\n<\/div>\n<p>O Dia Internacional da Tireoide \u00e9 comemorado neste dia 25 de maio e o objetivo desta data \u00e9 levar informa\u00e7\u00e3o para a popula\u00e7\u00e3o, possibilitando o reconhecimento de poss\u00edveis patologias de uma forma mais clara. A m\u00e9dica endocrinologista Ana Mayra de Oliveira, informou ao Acorda Cidade que a gl\u00e2ndula tireoide \u00e9 respons\u00e1vel pela produ\u00e7\u00e3o dos horm\u00f4nios tiroidianos o T4 e o T3, que atuam praticamente no corpo inteiro.<\/p>\n<p>\u201cA gl\u00e2ndula tireoide fica localizada na frente do pesco\u00e7o, tem um formato de borboleta, para que a gente possa, inclusive, fazer o autoexame. A gente precisa dos horm\u00f4nios tiroidianos para a fun\u00e7\u00e3o cerebral, fun\u00e7\u00e3o cardiovascular, metabolismo, para tudo\u201d, frisou.<\/p>\n<figure class=\"wp-block-image size-large\"><img fetchpriority=\"high\" data-dominant-color=\"a59b94\" data-has-transparency=\"false\" style=\"--dominant-color: #a59b94;\" fetchpriority=\"high\" decoding=\"async\" width=\"1024\" height=\"768\" sizes=\"(max-width: 1024px) 100vw, 1024px\" src=\"http:\/\/noticiasbahia360.com.br\/wp-content\/uploads\/2025\/05\/c5TwyI81-Medica-Ana-Mayra-de-Oliveira-tireoide-1024x768-1.webp\" alt=\"M\u00e9dica Ana Mayra de Oliveira - tireoide\" class=\"wp-image-557384 not-transparent\" srcset=\"https:\/\/uploads.acordacidade.com.br\/2025\/05\/c5TwyI81-Medica-Ana-Mayra-de-Oliveira-tireoide--300x225.webp 300w, http:\/\/noticiasbahia360.com.br\/wp-content\/uploads\/2025\/05\/c5TwyI81-Medica-Ana-Mayra-de-Oliveira-tireoide-1024x768-1.webp 1024w, https:\/\/uploads.acordacidade.com.br\/2025\/05\/c5TwyI81-Medica-Ana-Mayra-de-Oliveira-tireoide--768x576.webp 768w, https:\/\/uploads.acordacidade.com.br\/2025\/05\/c5TwyI81-Medica-Ana-Mayra-de-Oliveira-tireoide--150x113.webp 150w, https:\/\/uploads.acordacidade.com.br\/2025\/05\/c5TwyI81-Medica-Ana-Mayra-de-Oliveira-tireoide-.webp 1200w\"><figcaption class=\"wp-element-caption\">M\u00e9dica Ana Mayra de Oliveira \/ Foto: Ney Silva\/Acorda Cidade<\/figcaption><\/figure>\n<h2 class=\"wp-block-heading\" id=\"h-hipo-e-hipertireoidismo\">Hipo e hipertireoidismo<\/h2>\n<p>Hipo e hipertireoidismo s\u00e3o condi\u00e7\u00f5es que afetam a tireoide, gl\u00e2ndula respons\u00e1vel pela produ\u00e7\u00e3o de horm\u00f4nios. O hipotireoidismo ocorre quando a tireoide n\u00e3o produz horm\u00f4nios suficientes, enquanto o hipertireoidismo acontece quando a tireoide produz horm\u00f4nios em excesso<\/p>\n<h2 class=\"wp-block-heading\" id=\"h-alteracao-do-formato-ou-da-funcao\">Altera\u00e7\u00e3o do formato ou da fun\u00e7\u00e3o<\/h2>\n<p>Segundo a m\u00e9dica Ana Mayra, a tireoide pode apresentar dois problemas: altera\u00e7\u00e3o no formato ou na fun\u00e7\u00e3o. Ela informou que os dois problemas podem existir em paralelo.<br \/>\u201cPode ocorrer um ou outro, ou os dois ao mesmo tempo. A tireoide tem uma forma de borboleta e o indiv\u00edduo pode ter um crescimento da gl\u00e2ndula como um todo, pode ter caro\u00e7os ou um caro\u00e7o. Isso \u00e9 uma altera\u00e7\u00e3o do formato. S\u00e3o os n\u00f3dulos da tireoide. O outro problema, seria uma altera\u00e7\u00e3o na fun\u00e7\u00e3o, que vai ser o hipertiroidismo (quando funciona para menos) e o hipertiroidismo (quando funciona para mais)\u201d.<\/p>\n<h2 class=\"wp-block-heading\" id=\"h-sintomas-para-alteracao-no-formato\">Sintomas para altera\u00e7\u00e3o no formato<\/h2>\n<p>A m\u00e9dica tamb\u00e9m falou sobre os sintomas que podem surgir quando a pessoa apresenta uma altera\u00e7\u00e3o formato. \u201cQuando voc\u00ea tem uma altera\u00e7\u00e3o na forma, a tireoide fica abra\u00e7ando um tubo, que \u00e9 onde passa o es\u00f4fago e a traqueia, onde passa comida e o ar. Ent\u00e3o se tem um n\u00f3dulo, se est\u00e1 crescendo, pode gerar uma altera\u00e7\u00e3o de compress\u00e3o. Como se fosse a m\u00e3o apertando o pesco\u00e7o. Ent\u00e3o o paciente reclama que est\u00e1 se engasgando, que est\u00e1 rouco, sentindo falta de ar\u201d.<\/p>\n<h2 class=\"wp-block-heading\" id=\"h-sintomas-para-a-alteracao-na-funcao\">Sintomas para a altera\u00e7\u00e3o na fun\u00e7\u00e3o<\/h2>\n<p>J\u00e1 a altera\u00e7\u00e3o na fun\u00e7\u00e3o vai depender se \u00e9 hipo e hipertireoidismo. \u201cA pessoa pode ter altera\u00e7\u00e3o de sono, ter irritabilidade maior. Podem ficar muito emotivos, podem ter altera\u00e7\u00e3o a n\u00edvel cardiovascular, palpita\u00e7\u00e3o, ou redu\u00e7\u00e3o da frequ\u00eancia, podem ter sonol\u00eancia ou ins\u00f4nia, tamb\u00e9m podem apresentar altera\u00e7\u00f5es no intestino, com pris\u00e3o de ventre ou hiper defeca\u00e7\u00e3o\u201d.<\/p>\n<p>Al\u00e9m disso, a m\u00e9dica citou outros sinais como textura de pele seca, unhas quebradi\u00e7as e queda de cabelo, mas ela alertou que esses s\u00e3o sintomas inespec\u00edficos. \u201cSe tudo mundo que tem quebra de cabelo, unha fraca e cansa\u00e7o tiver problema de tireoide, \u00e9 o mundo praticamente todo. Ent\u00e3o a pessoa deve procurar uma avalia\u00e7\u00e3o para que um m\u00e9dico veja se isso est\u00e1 relacionado a gl\u00e2ndula da tireoide ou a outros fatores\u201d.<\/p>\n<h2 class=\"wp-block-heading\" id=\"h-tratamento\">Tratamento<\/h2>\n<p>A m\u00e9dica ainda chamou aten\u00e7\u00e3o para as formas de tratamentos dos problemas relacionados a tireoide. Segundo ela, para o diagn\u00f3stico, \u00e9 analisada toda a hist\u00f3ria, avaliando a fun\u00e7\u00e3o e o formato da tireoide com exames espec\u00edficos. A partir da\u00ed, \u00e9 indicado o tratamento.<\/p>\n<p>\u201cA depender do resultado desses exames, vamos detectar se o paciente tem altera\u00e7\u00e3o da forma e n\u00e3o tem da fun\u00e7\u00e3o ou vice e versa, ou se tem dos dois. Se ele tem um n\u00f3dulo e atinge um crit\u00e9rio, ele vai para pun\u00e7\u00e3o e a bi\u00f3psia vai nos nortear o que fazer. Alguns pacientes precisam de indica\u00e7\u00e3o cir\u00fargica, mas \u00e9 a grande minoria\u201d, afirmou.<\/p>\n<p>J\u00e1 no caso da altera\u00e7\u00e3o da fun\u00e7\u00e3o, no caso do hipotireoidismo, o tratamento \u00e9 medicamentoso com a reposi\u00e7\u00e3o do horm\u00f4nio. A especialista frisou que n\u00e3o existe atualmente nenhum outro tipo de tratamento.<\/p>\n<p>J\u00e1 se a pessoa tem hipertireoidismo, ela afirmou que existem v\u00e1rias op\u00e7\u00f5es de tratamento como o cl\u00ednico com drogas que reduzem a produ\u00e7\u00e3o, r\u00e1dio iodo e cirurgia. \u201cO tratamento \u00e9 individualizado\u201d, afirmou.<\/p>\n<h2 class=\"wp-block-heading\" id=\"h-quem-sao-as-pessoas-que-devem-ficar-mais-atentas\">Quem s\u00e3o as pessoas que devem ficar mais atentas?<\/h2>\n<p>Conforme a m\u00e9dica endocrinologista, a doen\u00e7a tiroidiana tem car\u00e1ter familiar, al\u00e9m de atingir mais as mulheres. \u201cElas t\u00eam uma taxa maior de doen\u00e7a tireoidiana e quem tem hist\u00f3ria familiar positiva, que s\u00e3o as doen\u00e7as autoimunes, devem ficar mais atentas\u201d.<\/p>\n<p><em>Com informa\u00e7\u00f5es do rep\u00f3rter Ney Silva do Acorda Cidade<\/em><\/p>\n<p><em>Siga o Acorda Cidade no<\/em><a href=\"https:\/\/news.google.com\/search?q=acorda%20cidade&amp;hl=pt-BR&amp;gl=BR&amp;ceid=BR%3Apt-419\"><strong><em>\u00a0Google Not\u00edcias<\/em><\/strong><\/a><em>\u00a0e receba os principais destaques do dia. Participe tamb\u00e9m dos nossos canais no\u00a0<\/em><a href=\"https:\/\/www.whatsapp.com\/channel\/0029Va6Rb4v3WHTNnsh8WI3N\"><strong><em>WhatsApp<\/em><\/strong><\/a><em>\u00a0e\u00a0<\/em><a href=\"https:\/\/www.youtube.com\/@acordacidadenoticias\/videos\"><strong>Youtube<\/strong><\/a><em>\u00a0e grupo de\u00a0<\/em><a href=\"https:\/\/t.me\/+sSz0khrgARA0ZmRh\"><strong><em>Telegram<\/em><\/strong><\/a><em>.<\/em><strong><\/strong><\/p>\n<\/div>\n","protected":false},"excerpt":{"rendered":"<div>\n<div>\n<figure><img decoding=\"async\" src=\"https:\/\/uploads.acordacidade.com.br\/2025\/05\/tireoide.jpg\" alt=\"tireoide\"><figcaption>Foto: Freepik<\/figcaption><\/figure>\n<\/div>\n<p>Segundo a m\u00e9dica Ana Mayra, a tireoide pode apresentar dois problemas: altera\u00e7\u00e3o no formato ou na fun\u00e7\u00e3o.<\/p><\/div>\n","protected":false},"author":1,"featured_media":87423,"comment_status":"closed","ping_status":"closed","sticky":false,"template":"","format":"gallery","meta":{"footnotes":""},"categories":[8,9,6,57,56,10],"tags":[],"class_list":["post-87422","post","type-post","status-publish","format-gallery","has-post-thumbnail","hentry","category-bahia","category-brasil","category-feira-de-santana","category-mundo","category-policia","category-politica","post_format-post-format-gallery"],"featured_image_urls":{"full":["https:\/\/noticiasbahia360.com.br\/wp-content\/uploads\/2025\/05\/tireoide.jpg",1200,799,false],"thumbnail":["https:\/\/noticiasbahia360.com.br\/wp-content\/uploads\/2025\/05\/tireoide-150x150.jpg",150,150,true],"medium":["https:\/\/noticiasbahia360.com.br\/wp-content\/uploads\/2025\/05\/tireoide-300x200.jpg",300,200,true],"medium_large":["https:\/\/noticiasbahia360.com.br\/wp-content\/uploads\/2025\/05\/tireoide-768x511.jpg",640,426,true],"large":["https:\/\/noticiasbahia360.com.br\/wp-content\/uploads\/2025\/05\/tireoide-1024x682.jpg",640,426,true],"1536x1536":["https:\/\/noticiasbahia360.com.br\/wp-content\/uploads\/2025\/05\/tireoide.jpg",1200,799,false],"2048x2048":["https:\/\/noticiasbahia360.com.br\/wp-content\/uploads\/2025\/05\/tireoide.jpg",1200,799,false],"chromenews-featured":["https:\/\/noticiasbahia360.com.br\/wp-content\/uploads\/2025\/05\/tireoide-1024x682.jpg",1024,682,true],"chromenews-large":["https:\/\/noticiasbahia360.com.br\/wp-content\/uploads\/2025\/05\/tireoide-825x575.jpg",825,575,true],"chromenews-medium":["https:\/\/noticiasbahia360.com.br\/wp-content\/uploads\/2025\/05\/tireoide-590x410.jpg",590,410,true]},"author_info":{"display_name":"noticiasbahia360.com.br","author_link":"https:\/\/noticiasbahia360.com.br\/?author=1"},"category_info":"<a href=\"https:\/\/noticiasbahia360.com.br\/?cat=8\" rel=\"category\">Bahia<\/a> <a href=\"https:\/\/noticiasbahia360.com.br\/?cat=9\" rel=\"category\">Brasil<\/a> <a href=\"https:\/\/noticiasbahia360.com.br\/?cat=6\" rel=\"category\">Feira de Santana<\/a> <a href=\"https:\/\/noticiasbahia360.com.br\/?cat=57\" rel=\"category\">Mundo<\/a> <a href=\"https:\/\/noticiasbahia360.com.br\/?cat=56\" rel=\"category\">Pol\u00edcia<\/a> <a href=\"https:\/\/noticiasbahia360.com.br\/?cat=10\" rel=\"category\">Pol\u00edtica<\/a>","tag_info":"Pol\u00edtica","comment_count":"0","_links":{"self":[{"href":"https:\/\/noticiasbahia360.com.br\/index.php?rest_route=\/wp\/v2\/posts\/87422","targetHints":{"allow":["GET"]}}],"collection":[{"href":"https:\/\/noticiasbahia360.com.br\/index.php?rest_route=\/wp\/v2\/posts"}],"about":[{"href":"https:\/\/noticiasbahia360.com.br\/index.php?rest_route=\/wp\/v2\/types\/post"}],"author":[{"embeddable":true,"href":"https:\/\/noticiasbahia360.com.br\/index.php?rest_route=\/wp\/v2\/users\/1"}],"replies":[{"embeddable":true,"href":"https:\/\/noticiasbahia360.com.br\/index.php?rest_route=%2Fwp%2Fv2%2Fcomments&post=87422"}],"version-history":[{"count":0,"href":"https:\/\/noticiasbahia360.com.br\/index.php?rest_route=\/wp\/v2\/posts\/87422\/revisions"}],"wp:featuredmedia":[{"embeddable":true,"href":"https:\/\/noticiasbahia360.com.br\/index.php?rest_route=\/wp\/v2\/media\/87423"}],"wp:attachment":[{"href":"https:\/\/noticiasbahia360.com.br\/index.php?rest_route=%2Fwp%2Fv2%2Fmedia&parent=87422"}],"wp:term":[{"taxonomy":"category","embeddable":true,"href":"https:\/\/noticiasbahia360.com.br\/index.php?rest_route=%2Fwp%2Fv2%2Fcategories&post=87422"},{"taxonomy":"post_tag","embeddable":true,"href":"https:\/\/noticiasbahia360.com.br\/index.php?rest_route=%2Fwp%2Fv2%2Ftags&post=87422"}],"curies":[{"name":"wp","href":"https:\/\/api.w.org\/{rel}","templated":true}]}}